{"id":18145,"date":"2019-06-03T07:29:11","date_gmt":"2019-06-03T07:29:11","guid":{"rendered":"http:\/\/centralmedia.rs\/?p=18145"},"modified":"2019-06-05T10:08:48","modified_gmt":"2019-06-05T10:08:48","slug":"tadasnja-zamenica-nacelnika-bila-je-ponosna-na-poslerevizioni-zvestaj-dri-te-lokalni-medij-nazvala-beznacajnim-i-da-je-rekorder-po-objavljivanju-neistina","status":"publish","type":"post","link":"https:\/\/centralmedia.rs\/index.php\/2019\/06\/03\/tadasnja-zamenica-nacelnika-bila-je-ponosna-na-poslerevizioni-zvestaj-dri-te-lokalni-medij-nazvala-beznacajnim-i-da-je-rekorder-po-objavljivanju-neistina\/","title":{"rendered":"Tada\u0161nja zamenica na\u010delnika bila je ,,ponosna&#8221; na poslerevizioni zve\u0161taj DRI, te lokalni medij nazvala bezna\u010dajnim i da je ,,rekorder po objavljivanju neistina&#8221;"},"content":{"rendered":"<p>JAGODINA-U Skup\u0161tini Grada Jagodina u januaru 2018. godine odr\u017eana je konferencija za novinare na kojoj je predstavljen poslerevizioni izve\u0161taj zavr\u0161nog ra\u010duna bud\u017eeta Grada Jagodina za 2016. godinu i demantovano pisanje ,,pojedinih&#8221; medija da su sredstva nenamenski tro\u0161ena, posebno je lokalni medij, koji je objavio izve\u0161taj DRI, apostrofiran kao ,,bezna\u010dajan&#8221;.<br \/>\n\u2013Naro\u010dito nam je drago \u0161to je dr\u017eavni revizor zadovoljan i navodi nas kao primer za grad koji sve re\u0161ava brzo, efikasno i na najbolji mogu\u0107i na\u010di, kazala je tada zamenica na\u010delnika Uprave za bud\u017eet, a sada na\u010delnica, i dodala da se na Jagodinu vr\u0161i medijska hajka.<br \/>\n\u2013Jedan od medija je napisao da je Grad Jagodina rekorder u prikazanim nepravilnostima u izve\u0161taju Dr\u017eavne revizorske institucije. \u017delim da ka\u017eem da je taj medij rekorder u objavljivanju neistina. Ne radi se o mediju, ve\u0107 o jednom bezna\u010dajnom portalu, kazala je ona.<br \/>\nPostupak revizije zavr\u0161nog ra\u010duna bud\u017eeta Grada Jagodina za 2016. godinu je okon\u010dan i dobijen je poslerevizioni izve\u0161taj.<br \/>\n\u2013Sa zadovoljstvom mogu da ka\u017eem da smo vrlo ponosni na ovaj izve\u0161taj jer su sve nepravilnosti, koje su ina\u010de bile proceduralnog karaktera, otklonjene u roku od 90 dana i ranije. A mogu da izrazim i zadovoljstvo revizora. Mnoge zbunjuje izve\u0161taj revizora i otuda pisanje medija da su sredstva nezakonito tro\u0161ena zato \u0161to to zna\u010di da po mi\u0161ljenju revizora ne\u0161to nije bilo u okviru zakona. Ni u jednom trenutku se nije postavljalo pitanje namenske opravdanosti kori\u0161\u0107enja sredstava jer su sva sredstva i svaki dinar iz bud\u017eeta grada tro\u0161eni u skladu sa ugovorima i fakturama i u skladu sa verodostojnom dokumentacijom, rekla je pre godinu dana ona.<br \/>\nOna je navela da je konferencija za novinare sazvana jer neki ,,mediji&#8221; daju komentare na izve\u0161taj revizora bud\u017eeta grada a da pri tome iznose poluistine, neistine i na pogre\u0161an na\u010din tuma\u010de izve\u0161taj revizora. Navela je primer letovanja u\u010denika i da je grad posle izve\u0161taja DRI tra\u017eio i dobio saglasnost Ministarstva za rad, \u0161to je predstavljalo zakonski argument za revizore.<br \/>\n\u2013Uglavnom sve ono \u0161to pi\u0161e u izve\u0161taju da je bez pravnog osnova, sli\u010dnog je karaktera. Izmenom nekih na\u0161ih op\u0161tih akata, mi smo sve doveli u zakonski okvir tako da to potvr\u0111uje i revizor u svom izve\u0161taju, ka\u017ee ona.<br \/>\nOna je navela da li\u010dni marketing predsednika ne mo\u017ee biti pru\u017eanje pomo\u0107i gra\u0111anima ugro\u017eenog socijalnog stanja.<br \/>\n\u2013Program socijalne za\u0161tite je predvi\u0111en bud\u017eetom i u skladu sa tim planom se izvr\u0161avaju rashodi za socijalnu za\u0161titu. Predsednik stalno nagla\u0161ava da se sredstva izdvajaju iz bud\u017eeta. To nije li\u010dni marketing. Postavlja se pitanje i donacija koje na\u0161 grad dobija za organizovanje putovanja. Organizovali smo putovanja privredno-politi\u010dkih delegacija u inostranstvo isklju\u010divo od donacija. Re\u010d je o dobrovoljnim transferima od pravnih i fizi\u010dkih lica koji sa zadovoljstvom daju gradu donacije jer su zadovoljni kako grad izgleda, istakla je ona.<br \/>\nOna je ukazala i na pisanje jednog medija koji je naveo da je revizor u izve\u0161taju napisao da se jednokratna pomo\u0107 mora vr\u0161iti preko Centra za socijalni rad.<br \/>\n\u2013Postupili smo po preporuci dr\u017eavnog revizora i pravo na jednokratnu pomo\u0107 utvr\u0111uje Centar za socijalni rad. I do sada smo tako radili. S tim \u0161to je re\u0161enje donosila Komisija za socijalnu pomo\u0107 koja se sastojala od stru\u010dnih ljudi u oblasti socijalne za\u0161tite. Re\u010d je o formalnoj stvari koju smo mi proceduralno promenili. Revizor se potpuno slo\u017eio sa nama. Mi smo njemu dostavili sve spiskove, priznanice, sve zahteve i re\u0161enja i on je meru ispravljenja naveo kao zadovoljavaju\u0107u, zaklju\u010dila je ona.<\/p>\n<p>Delovi teksta i foto : jagodina.org.rs<\/p>\n","protected":false},"excerpt":{"rendered":"<p>JAGODINA-U Skup\u0161tini Grada Jagodina u januaru 2018. godine odr\u017eana je konferencija za novinare na kojoj je predstavljen poslerevizioni izve\u0161taj zavr\u0161nog ra\u010duna bud\u017eeta Grada Jagodina za &hellip; <\/p>\n","protected":false},"author":2,"featured_media":18146,"comment_status":"open","ping_status":"open","sticky":false,"template":"","format":"standard","meta":{"footnotes":""},"categories":[1524,20,2,1514,12],"tags":[3361,3781,3780],"_links":{"self":[{"href":"https:\/\/centralmedia.rs\/index.php\/wp-json\/wp\/v2\/posts\/18145"}],"collection":[{"href":"https:\/\/centralmedia.rs\/index.php\/wp-json\/wp\/v2\/posts"}],"about":[{"href":"https:\/\/centralmedia.rs\/index.php\/wp-json\/wp\/v2\/types\/post"}],"author":[{"embeddable":true,"href":"https:\/\/centralmedia.rs\/index.php\/wp-json\/wp\/v2\/users\/2"}],"replies":[{"embeddable":true,"href":"https:\/\/centralmedia.rs\/index.php\/wp-json\/wp\/v2\/comments?post=18145"}],"version-history":[{"count":2,"href":"https:\/\/centralmedia.rs\/index.php\/wp-json\/wp\/v2\/posts\/18145\/revisions"}],"predecessor-version":[{"id":18148,"href":"https:\/\/centralmedia.rs\/index.php\/wp-json\/wp\/v2\/posts\/18145\/revisions\/18148"}],"wp:featuredmedia":[{"embeddable":true,"href":"https:\/\/centralmedia.rs\/index.php\/wp-json\/wp\/v2\/media\/18146"}],"wp:attachment":[{"href":"https:\/\/centralmedia.rs\/index.php\/wp-json\/wp\/v2\/media?parent=18145"}],"wp:term":[{"taxonomy":"category","embeddable":true,"href":"https:\/\/centralmedia.rs\/index.php\/wp-json\/wp\/v2\/categories?post=18145"},{"taxonomy":"post_tag","embeddable":true,"href":"https:\/\/centralmedia.rs\/index.php\/wp-json\/wp\/v2\/tags?post=18145"}],"curies":[{"name":"wp","href":"https:\/\/api.w.org\/{rel}","templated":true}]}}