{"id":18164,"date":"2019-06-03T19:35:28","date_gmt":"2019-06-03T19:35:28","guid":{"rendered":"http:\/\/centralmedia.rs\/?p=18164"},"modified":"2019-06-05T10:09:06","modified_gmt":"2019-06-05T10:09:06","slug":"buduci-agroindustrijski-centar-bice-temelj-privrede-zlatiborskog-okruga","status":"publish","type":"post","link":"https:\/\/centralmedia.rs\/index.php\/2019\/06\/03\/buduci-agroindustrijski-centar-bice-temelj-privrede-zlatiborskog-okruga\/","title":{"rendered":"BUDU\u0106I AGROINDUSTRIJSKI CENTAR BI\u0106E TEMELj PRIVREDE ZLATIBORSKOG OKRUGA"},"content":{"rendered":"<p>Zlatibor &#8211; \u201eDanas ho\u0107emo da poka\u017eemo jednu novu organizaciju moderne samouprave i jedan moderan i savremen pristup razvoju poljoprivrede na teritoriji \u010ditavog Zlatiborskog okruga. Pre nekoliko godina smo osnivanjem preduze\u0107a &#8220;Eko agrar&#8221; boja\u017eljivo krenuli u intenzivniji razvoj lokalne poljoprivrede i prvi pozitivni rezultati su nam dali za pravo da ne stanemo na tome ve\u0107 da radimo, razvijamo i modernizujemo poljoprivrednu proizvodnju u cilju za\u0161tite od monopola celokupnog geografskog podru\u010dja Zlatibora i brendova koji se na njemu nalaze&#8221; rekao je Milan Stamatovi\u0107, predsednik op\u0161tine \u010cajetina, otvaraju\u0107i u zlatiborskom hotelu &#8220;Tornik&#8221; konferenciju \u201eAgroindustrijski centar \u2013 temelj privrede Zlatiborskog okruga\u201c.<\/p>\n<div id='gallery-1' class='gallery galleryid-18164 gallery-columns-8 gallery-size-thumbnail'><figure class='gallery-item'>\n\t\t\t<div class='gallery-icon landscape'>\n\t\t\t\t<a href='https:\/\/centralmedia.rs\/index.php\/2019\/06\/03\/buduci-agroindustrijski-centar-bice-temelj-privrede-zlatiborskog-okruga\/slika-2-3\/'><img loading=\"lazy\" decoding=\"async\" width=\"150\" height=\"150\" src=\"https:\/\/centralmedia.rs\/wp-content\/uploads\/2019\/06\/Slika-2-150x150.jpg\" class=\"attachment-thumbnail size-thumbnail\" alt=\"\" \/><\/a>\n\t\t\t<\/div><\/figure><figure class='gallery-item'>\n\t\t\t<div class='gallery-icon landscape'>\n\t\t\t\t<a href='https:\/\/centralmedia.rs\/index.php\/2019\/06\/03\/buduci-agroindustrijski-centar-bice-temelj-privrede-zlatiborskog-okruga\/slo_7625\/'><img loading=\"lazy\" decoding=\"async\" width=\"150\" height=\"150\" src=\"https:\/\/centralmedia.rs\/wp-content\/uploads\/2019\/06\/SLO_7625-150x150.jpg\" class=\"attachment-thumbnail size-thumbnail\" alt=\"\" \/><\/a>\n\t\t\t<\/div><\/figure><figure class='gallery-item'>\n\t\t\t<div class='gallery-icon landscape'>\n\t\t\t\t<a href='https:\/\/centralmedia.rs\/index.php\/2019\/06\/03\/buduci-agroindustrijski-centar-bice-temelj-privrede-zlatiborskog-okruga\/slo_7679\/'><img loading=\"lazy\" decoding=\"async\" width=\"150\" height=\"150\" src=\"https:\/\/centralmedia.rs\/wp-content\/uploads\/2019\/06\/SLO_7679-150x150.jpg\" class=\"attachment-thumbnail size-thumbnail\" alt=\"\" \/><\/a>\n\t\t\t<\/div><\/figure><figure class='gallery-item'>\n\t\t\t<div class='gallery-icon landscape'>\n\t\t\t\t<a href='https:\/\/centralmedia.rs\/index.php\/2019\/06\/03\/buduci-agroindustrijski-centar-bice-temelj-privrede-zlatiborskog-okruga\/slo_7719\/'><img loading=\"lazy\" decoding=\"async\" width=\"150\" height=\"150\" src=\"https:\/\/centralmedia.rs\/wp-content\/uploads\/2019\/06\/SLO_7719-150x150.jpg\" class=\"attachment-thumbnail size-thumbnail\" alt=\"\" \/><\/a>\n\t\t\t<\/div><\/figure><figure class='gallery-item'>\n\t\t\t<div class='gallery-icon landscape'>\n\t\t\t\t<a href='https:\/\/centralmedia.rs\/index.php\/2019\/06\/03\/buduci-agroindustrijski-centar-bice-temelj-privrede-zlatiborskog-okruga\/slo_7754\/'><img loading=\"lazy\" decoding=\"async\" width=\"150\" height=\"150\" src=\"https:\/\/centralmedia.rs\/wp-content\/uploads\/2019\/06\/SLO_7754-150x150.jpg\" class=\"attachment-thumbnail size-thumbnail\" alt=\"\" \/><\/a>\n\t\t\t<\/div><\/figure><figure class='gallery-item'>\n\t\t\t<div class='gallery-icon landscape'>\n\t\t\t\t<a href='https:\/\/centralmedia.rs\/index.php\/2019\/06\/03\/buduci-agroindustrijski-centar-bice-temelj-privrede-zlatiborskog-okruga\/slo_7766\/'><img loading=\"lazy\" decoding=\"async\" width=\"150\" height=\"150\" src=\"https:\/\/centralmedia.rs\/wp-content\/uploads\/2019\/06\/SLO_7766-150x150.jpg\" class=\"attachment-thumbnail size-thumbnail\" alt=\"\" \/><\/a>\n\t\t\t<\/div><\/figure><figure class='gallery-item'>\n\t\t\t<div class='gallery-icon landscape'>\n\t\t\t\t<a href='https:\/\/centralmedia.rs\/index.php\/2019\/06\/03\/buduci-agroindustrijski-centar-bice-temelj-privrede-zlatiborskog-okruga\/slo_7776\/'><img loading=\"lazy\" decoding=\"async\" width=\"150\" height=\"150\" src=\"https:\/\/centralmedia.rs\/wp-content\/uploads\/2019\/06\/SLO_7776-150x150.jpg\" class=\"attachment-thumbnail size-thumbnail\" alt=\"\" \/><\/a>\n\t\t\t<\/div><\/figure><figure class='gallery-item'>\n\t\t\t<div class='gallery-icon landscape'>\n\t\t\t\t<a href='https:\/\/centralmedia.rs\/index.php\/2019\/06\/03\/buduci-agroindustrijski-centar-bice-temelj-privrede-zlatiborskog-okruga\/slo_7778\/'><img loading=\"lazy\" decoding=\"async\" width=\"150\" height=\"150\" src=\"https:\/\/centralmedia.rs\/wp-content\/uploads\/2019\/06\/SLO_7778-150x150.jpg\" class=\"attachment-thumbnail size-thumbnail\" alt=\"\" \/><\/a>\n\t\t\t<\/div><\/figure>\n\t\t<\/div>\n\n<p>Daju\u0107i potpunu podr\u0161ku ovom projektu, njegova ekselencija ambasador Kraljevine \u0160vedske u Beogradu Jan Lundin je naglasio da &#8220;otvaranje agroindustrijskog centra na Zlatiboru predstavlja dobar primer modela javno-privatnog partnerstva u agroindustriji i poljoprivredi. Mi u \u0160vedskoj radimo sli\u010dne stvari i to ne samo u poljoprivredi ve\u0107 i u drugim sektorima gde je klju\u010dno nekada imati javnu ili dr\u017eavnu podr\u0161ku za inovacije u odre\u0111enoj industriji&#8221;. Ambasador Lundin je dodao da mu je drago da &#8220;vidi kako Zlatibor obra\u0107a pa\u017enju ne samo na turizam nego i na poljoprivredu, i na to u kakvoj se situaciji nalaze mala preduze\u0107a u poljoprivredi. Oni su klju\u010dno pitanje za srpsku poljoprivredu i va\u017eno je razviti model kako da sva ta mala preduze\u0107a opstanu i razvijaju svoju produkciju u jednom svetu gde na tr\u017ei\u0161tu dominiraju veliki igra\u010di&#8221;.<\/p>\n<p>U prvom delu konferenciji u\u010destvovali su profesori Poljoprivrednog fakulteta Univerziteta u Beogradu: prof. Zorica Vasiljevi\u0107 i dr Miladin \u0160evarli\u0107, kao i Milan Stamatovi\u0107, predsednik op\u0161tine \u010cajetina, Dragana Vu\u010deti\u0107, predstavnik malih proizvo\u0111a\u010da op\u0161tine Lakta\u0161i iz Republike Srpske i Dragan Ciki\u0107 predstavnik malih proizvo\u0111a\u010da op\u0161tine \u010cajetina. U okviru prvog panela u\u010desnici su se usaglasili da velike kompanije nisu toliko zainteresovane za male proizvo\u0111a\u010de i da oni \u010desto imaju problema da pribave neophodna finansijska sredstva. Zaklju\u010dci su da je neophodno edukovati poljoprivrednike da prate svoje tro\u0161kove a da je lokalna samouprava tu da ih podr\u017ei u razvijanju njihovih biznis ideja kao i da ih uklju\u010di u zajedni\u010dko dono\u0161enje odluka. Osnivanje ovog agroindustrijskog centra pomo\u0107i \u0107e da se za\u0161tite proizvodi koji dolaze sa ovog geografskog podru\u010dja.<\/p>\n<p>\u201eSmatram da su ovakve stvari ne\u0161to \u0161to treba agrarnoj privredi Srbije. Ukoliko ne postoje vidovi udru\u017eivanja poljoprivrednika bilo da su to centri, zadruge, organizacije ili klasteri mi ne mo\u017eemo da ra\u010dunamo da \u0107e poljoprivreda Srbije i uop\u0161te agrarni sektor zajedno sa preradom biti konkurentni. Moramo da pripremamo i na\u0161eg poljoprivrednika i na\u0161e prera\u0111iva\u010de da sutra, kada u\u0111emo u Evropsku uniju, budu konkurentni evropskim proizvo\u0111a\u010dima. Ovo \u0161to radi op\u0161tina \u010cajetina i njeni partneri je ne\u0161to veoma dobro i mi iz nauke i struke smo uvek spremni da do\u0111emo da i pomognemo i razmenimo iskustva\u201c \u2013 izjavila je prof. dr Zorica Vasiljevi\u0107, redovni profesor Poljoprivrednog fakulteta.<\/p>\n<p>&#8220;U turizmu smo postigli dobre rezultate ali sada moramo dalje da razvijamo poljoprivredu i da pomognemo na\u0161im proizvo\u0111a\u010dima da na jedan savremen na\u010din proizvode svoje organske proizvode. Ovo je ne\u0161to novo, nastaje jedan agroindustrijski centar na mestu samog nastanka proizvoda\u201c rekao je Milan Stamatovi\u0107, predsednik op\u0161tine \u010cajetina.<\/p>\n<p>Cilj konferencije, a samim tim i inicijative, je osna\u017eivanje lokalnih proizvo\u0111a\u010da, stvaranje povoljnog poslovnog ambijenta za lokalne privrednike, podsticanje preduzetni\u0161tva, ja\u010danje lokalne i regionalne privrede, zajedni\u010dki nastup na doma\u0107em i inostranom tr\u017ei\u0161tu, informisanje i edukacija, promocija privrede Zlatiborskog okruga i tradicionalnih zlatiborskih proizvoda.<\/p>\n<p>Formiranje budu\u0107eg Agronidustrijskog centra zapo\u010deto je pilot-projektom izgradnje mini mlekare \u201eNa\u0161a Zlatka\u201c u selu Kriva Reka na Zlatiboru, koja od septembra 2017. godine otkupljuje mleko isklju\u010divo od proizvo\u0111a\u010da sa podru\u010dja op\u0161tine \u010cajetina.<\/p>\n","protected":false},"excerpt":{"rendered":"<p>Zlatibor &#8211; \u201eDanas ho\u0107emo da poka\u017eemo jednu novu organizaciju moderne samouprave i jedan moderan i savremen pristup razvoju poljoprivrede na teritoriji \u010ditavog Zlatiborskog okruga. Pre &hellip; <\/p>\n","protected":false},"author":2,"featured_media":18165,"comment_status":"open","ping_status":"open","sticky":false,"template":"","format":"standard","meta":{"footnotes":""},"categories":[22,2875,1524,2,12],"tags":[3769,2762,2876],"_links":{"self":[{"href":"https:\/\/centralmedia.rs\/index.php\/wp-json\/wp\/v2\/posts\/18164"}],"collection":[{"href":"https:\/\/centralmedia.rs\/index.php\/wp-json\/wp\/v2\/posts"}],"about":[{"href":"https:\/\/centralmedia.rs\/index.php\/wp-json\/wp\/v2\/types\/post"}],"author":[{"embeddable":true,"href":"https:\/\/centralmedia.rs\/index.php\/wp-json\/wp\/v2\/users\/2"}],"replies":[{"embeddable":true,"href":"https:\/\/centralmedia.rs\/index.php\/wp-json\/wp\/v2\/comments?post=18164"}],"version-history":[{"count":1,"href":"https:\/\/centralmedia.rs\/index.php\/wp-json\/wp\/v2\/posts\/18164\/revisions"}],"predecessor-version":[{"id":18174,"href":"https:\/\/centralmedia.rs\/index.php\/wp-json\/wp\/v2\/posts\/18164\/revisions\/18174"}],"wp:featuredmedia":[{"embeddable":true,"href":"https:\/\/centralmedia.rs\/index.php\/wp-json\/wp\/v2\/media\/18165"}],"wp:attachment":[{"href":"https:\/\/centralmedia.rs\/index.php\/wp-json\/wp\/v2\/media?parent=18164"}],"wp:term":[{"taxonomy":"category","embeddable":true,"href":"https:\/\/centralmedia.rs\/index.php\/wp-json\/wp\/v2\/categories?post=18164"},{"taxonomy":"post_tag","embeddable":true,"href":"https:\/\/centralmedia.rs\/index.php\/wp-json\/wp\/v2\/tags?post=18164"}],"curies":[{"name":"wp","href":"https:\/\/api.w.org\/{rel}","templated":true}]}}