{"id":18188,"date":"2019-06-04T15:45:06","date_gmt":"2019-06-04T15:45:06","guid":{"rendered":"http:\/\/centralmedia.rs\/?p=18188"},"modified":"2019-06-12T09:06:09","modified_gmt":"2019-06-12T09:06:09","slug":"eric-cuprija-dobija-it-odeljenje-uskoro-i-centar-za-mlade-talente","status":"publish","type":"post","link":"https:\/\/centralmedia.rs\/index.php\/2019\/06\/04\/eric-cuprija-dobija-it-odeljenje-uskoro-i-centar-za-mlade-talente\/","title":{"rendered":"Eri\u0107: \u0106uprija dobija IT odeljenje, uskoro i Centar za mlade talente"},"content":{"rendered":"<p>\u0106UPRIJA- Gimnazija u \u0106upriji u \u0161kolskoj 2019\/2020 dobija specijalizovano IT odeljenje, potpuno je izvesno posle dana\u0161njeg sastanka predsednika Op\u0161tine \u0106uprija Ninoslava Eri\u0107a i ministra prosvete, nauke i tehnolo\u0161kog razvoja Mladena \u0160ar\u010devi\u0107a. Eri\u0107 i \u0160ar\u010devi\u0107 danas su razgovarali i o osnivanju Centra za mlade talente u \u0106upriji, a kako ka\u017ee prvi \u010dovek \u0107uprijske op\u0161tine, trenutno se tra\u017ei lokacija za izgradnju centra koji \u0107e u \u0106upriji okupljati najbolje u\u010denike-talente iz cele Srbije.<\/p>\n<p>Podsetimo, Op\u0161tina je jo\u0161 po\u010detkom godine prihvatila predlog Gimnazije da najstarija srednja \u0161kola u \u0106upriji aplicira za jedno IT odeljenje, i od tada je sve bilo usmereno na to da neophodan broj u\u010denika iz \u0106uprije, zainteresovanih za srednjo\u0161kolsko IT obrazovanje, polo\u017ei prijemni ispit. Preliminarni rezultati prijemnog ispita za specijalizovana IT odeljenja su stigli i, kako predsednik Eri\u0107 ponosno isti\u010de, mladi \u0106upri\u010dani su bili najuspe\u0161niji u Pomoravlju.<\/p>\n<p>\u201eRadujem se \u0161to je i lokalna samouprava zaslu\u017ena za ovaj uspeh u\u010denika koji su ove godine zavr\u0161ili osnovno obrazovanje, jer smo prepoznali potrebu da talentovanim u\u010denicima za ra\u010dunarstvo i informatiku pomognemo izdvojiv\u0161i sredstva za dodatnu nastavu koju su oni poha\u0111ali tri meseca. Ovom sinergijom, zajedni\u010dkim radom i trudom dece, nastavnika, roditelja i lokalne samouprave, do\u0161li smo do toga da je 21 u\u010denik iz \u0106uprije polo\u017eio ispit u Kragujevcu, a da je, recimo, iz Jagodine to isto uradilo samo njih 13, iz Para\u0107ina jo\u0161 manje \u2013 tek 11 u\u010denika\u201c, rekao je predsednik Eri\u0107, istakav\u0161i kako je osnivanje specijalizovanog odeljenja u Gimnaziji \u0106uprija jo\u0161 jedan od na\u010dina da se sistemski odgovori na potrebe tr\u017ei\u0161ta rada.<\/p>\n<p>Kada je u pitanju druga tema dana\u0161njeg sastanka ministra \u0160ar\u010devi\u0107a i predsednika Eri\u0107a, treba re\u0107i da je ministar jo\u0161 aprila pro\u0161le godine najavio da \u0107e u \u0106upriji biti otvoren Centar za mlade talente. U Srbiji trenutno postoje dva centra \u2013 u Petnici i Tr\u0161i\u0107u \u2013 a kako je ministar \u0160ar\u010devi\u0107 tada obznanio, plan je da se \u201e\u0161irom Srbije otvori jo\u0161 pet centara za mlade talente\u201c.<\/p>\n<p>Ina\u010de, Ninoslav Eri\u0107, predsednik Op\u0161tine \u0106uprija, ka\u017ee da \u201esmo u finalnoj fazi\u201c\u00a0 pred sam po\u010detak realizacije izgradnje Centra za mlade talente. Ta \u201efinalna faza\u201c podrazumeva iznala\u017eenje lokacije na kojoj \u0107e objekti centra biti izgra\u0111eni. Predsednik Eri\u0107 otkriva da je \u0107uprijska kasarna jedno od po\u017eeljnih mesta, pa \u0107e se s tim u vezi ve\u0107 za nekoliko dana susresti sa ministrom odbrane Aleksandrom Vulinom.<\/p>\n","protected":false},"excerpt":{"rendered":"<p>\u0106UPRIJA- Gimnazija u \u0106upriji u \u0161kolskoj 2019\/2020 dobija specijalizovano IT odeljenje, potpuno je izvesno posle dana\u0161njeg sastanka predsednika Op\u0161tine \u0106uprija Ninoslava Eri\u0107a i ministra prosvete, &hellip; <\/p>\n","protected":false},"author":2,"featured_media":18189,"comment_status":"open","ping_status":"open","sticky":false,"template":"","format":"standard","meta":{"footnotes":""},"categories":[1515,14,1524,2,887,12],"tags":[44,3787,3786],"_links":{"self":[{"href":"https:\/\/centralmedia.rs\/index.php\/wp-json\/wp\/v2\/posts\/18188"}],"collection":[{"href":"https:\/\/centralmedia.rs\/index.php\/wp-json\/wp\/v2\/posts"}],"about":[{"href":"https:\/\/centralmedia.rs\/index.php\/wp-json\/wp\/v2\/types\/post"}],"author":[{"embeddable":true,"href":"https:\/\/centralmedia.rs\/index.php\/wp-json\/wp\/v2\/users\/2"}],"replies":[{"embeddable":true,"href":"https:\/\/centralmedia.rs\/index.php\/wp-json\/wp\/v2\/comments?post=18188"}],"version-history":[{"count":1,"href":"https:\/\/centralmedia.rs\/index.php\/wp-json\/wp\/v2\/posts\/18188\/revisions"}],"predecessor-version":[{"id":18190,"href":"https:\/\/centralmedia.rs\/index.php\/wp-json\/wp\/v2\/posts\/18188\/revisions\/18190"}],"wp:featuredmedia":[{"embeddable":true,"href":"https:\/\/centralmedia.rs\/index.php\/wp-json\/wp\/v2\/media\/18189"}],"wp:attachment":[{"href":"https:\/\/centralmedia.rs\/index.php\/wp-json\/wp\/v2\/media?parent=18188"}],"wp:term":[{"taxonomy":"category","embeddable":true,"href":"https:\/\/centralmedia.rs\/index.php\/wp-json\/wp\/v2\/categories?post=18188"},{"taxonomy":"post_tag","embeddable":true,"href":"https:\/\/centralmedia.rs\/index.php\/wp-json\/wp\/v2\/tags?post=18188"}],"curies":[{"name":"wp","href":"https:\/\/api.w.org\/{rel}","templated":true}]}}