{"id":18191,"date":"2019-06-04T17:20:31","date_gmt":"2019-06-04T17:20:31","guid":{"rendered":"http:\/\/centralmedia.rs\/?p=18191"},"modified":"2019-06-12T09:06:22","modified_gmt":"2019-06-12T09:06:22","slug":"vanredna-situacija-u-cupriji-poplavljeno-vise-domacinstva","status":"publish","type":"post","link":"https:\/\/centralmedia.rs\/index.php\/2019\/06\/04\/vanredna-situacija-u-cupriji-poplavljeno-vise-domacinstva\/","title":{"rendered":"VANREDNA SITUACIJA U \u0106UPRIJI &#8211; POPLAVLJENO VI\u0160E DOMA\u0106INSTVA"},"content":{"rendered":"<p>\u0106UPRIJA- Na preporuku Op\u0161tinskog \u0161taba za vanredne situacije, Ninoslav Eri\u0107, predsednik op\u0161tine \u0106uprija proglasio je vanrednu situaciju na teritoriji op\u0161tine \u0106uprija. U toku dana najkriti\u010dnije je bilo u selima Supska, Kru\u0161ar, Isakovo i Dvorica gde je usled obilnih padavina koje su prouzrokovale izlivanje buji\u010dnih potoka, vi\u0161e doma\u0107instava poplavljeno. Pod vodom se na\u0161lo i vi\u0161e hektara poljoprivrednog zemlji\u0161ta.<\/p>\n<p>&#8211; Pored ovih sela, javili su se problemi u Jovcu i Ostrikovcu, kao i problemi u gradu, zato smo doneli odluku da proglasimo vanrednu situaciju na celoj terotoriji op\u0161tine. Re\u010d o buji\u010dnim vodama, vodotokovima drugog reda i bukvalno ne postoji na\u010din da se to spre\u010di. Preduzeli smo sve mere da pomognemo svima koji su pretrpeli \u0161tetu. Podrumi doma\u0107insta u Kru\u0161aru i Supskoj su potopljeni, jedna porodica je ostala bez inventara i mi smo ih zbrinuli. Gleda\u0107emo da popi\u0161emo sve objekte i celokupnu \u0161tetu. U toku no\u0107i o\u010dekujemo jo\u0161 jedan talas ki\u0161e, ali i da ne bude \u0161teta, rekao je Eri\u0107.<\/p>\n<p>Na sednici \u0160taba za vanredne situacije doneta je odluka da se uputi preporuka preduze\u0107u Putevi Srbije da izvr\u0161i radove na \u010di\u0161\u0107enju betonskih ili kamenih propusta na regionalnim putnim pravcima. \u0160tab za vanredne situacije nalo\u017eio je Op\u0161tinskom ve\u0107u da formira komisiju koja \u0107e iza\u0107i na teren i izvr\u0161iti procenu nastale \u0161tete.<\/p>\n","protected":false},"excerpt":{"rendered":"<p>\u0106UPRIJA- Na preporuku Op\u0161tinskog \u0161taba za vanredne situacije, Ninoslav Eri\u0107, predsednik op\u0161tine \u0106uprija proglasio je vanrednu situaciju na teritoriji op\u0161tine \u0106uprija. U toku dana najkriti\u010dnije &hellip; <\/p>\n","protected":false},"author":2,"featured_media":18192,"comment_status":"open","ping_status":"open","sticky":false,"template":"","format":"standard","meta":{"footnotes":""},"categories":[1515,1524,20,2,887,12],"tags":[44,431],"_links":{"self":[{"href":"https:\/\/centralmedia.rs\/index.php\/wp-json\/wp\/v2\/posts\/18191"}],"collection":[{"href":"https:\/\/centralmedia.rs\/index.php\/wp-json\/wp\/v2\/posts"}],"about":[{"href":"https:\/\/centralmedia.rs\/index.php\/wp-json\/wp\/v2\/types\/post"}],"author":[{"embeddable":true,"href":"https:\/\/centralmedia.rs\/index.php\/wp-json\/wp\/v2\/users\/2"}],"replies":[{"embeddable":true,"href":"https:\/\/centralmedia.rs\/index.php\/wp-json\/wp\/v2\/comments?post=18191"}],"version-history":[{"count":1,"href":"https:\/\/centralmedia.rs\/index.php\/wp-json\/wp\/v2\/posts\/18191\/revisions"}],"predecessor-version":[{"id":18193,"href":"https:\/\/centralmedia.rs\/index.php\/wp-json\/wp\/v2\/posts\/18191\/revisions\/18193"}],"wp:featuredmedia":[{"embeddable":true,"href":"https:\/\/centralmedia.rs\/index.php\/wp-json\/wp\/v2\/media\/18192"}],"wp:attachment":[{"href":"https:\/\/centralmedia.rs\/index.php\/wp-json\/wp\/v2\/media?parent=18191"}],"wp:term":[{"taxonomy":"category","embeddable":true,"href":"https:\/\/centralmedia.rs\/index.php\/wp-json\/wp\/v2\/categories?post=18191"},{"taxonomy":"post_tag","embeddable":true,"href":"https:\/\/centralmedia.rs\/index.php\/wp-json\/wp\/v2\/tags?post=18191"}],"curies":[{"name":"wp","href":"https:\/\/api.w.org\/{rel}","templated":true}]}}