{"id":1826,"date":"2016-01-10T13:03:07","date_gmt":"2016-01-10T13:03:07","guid":{"rendered":"http:\/\/centralmedia.rs\/?p=1826"},"modified":"2016-01-10T13:04:06","modified_gmt":"2016-01-10T13:04:06","slug":"omladinci-i-bozicni-pokloni","status":"publish","type":"post","link":"https:\/\/centralmedia.rs\/index.php\/2016\/01\/10\/omladinci-i-bozicni-pokloni\/","title":{"rendered":"OMLADINCI I BO\u017dI\u0106NI POKLONI"},"content":{"rendered":"<p>PARA\u0106IN-\u010clanovi Saveza omladine Para\u0107ina u akciji Mladi protiv gladi podelili su za Bo\u017ei\u0107 pakete sa slatki\u0161ima za dvadesetoro mali\u0161ana \u010diji su roditelji bez posla, obrok i napitak za dvanaestoro besku\u0107nika i paket pomo\u0107i drugu koji nema roditelja, potvrdila je predsednica  Miljana Ili\u0107.<br \/>\n<a href=\"https:\/\/centralmedia.rs\/wp-content\/uploads\/2016\/01\/mladi-u-akcijama-paracin-g.j..jpg\" rel=\"attachment wp-att-1828\"><img loading=\"lazy\" decoding=\"async\" src=\"https:\/\/centralmedia.rs\/wp-content\/uploads\/2016\/01\/mladi-u-akcijama-paracin-g.j.-300x225.jpg\" alt=\"mladi u akcijama-paracin-g.j.\" width=\"300\" height=\"225\" class=\"alignnone size-medium wp-image-1828\" srcset=\"https:\/\/centralmedia.rs\/wp-content\/uploads\/2016\/01\/mladi-u-akcijama-paracin-g.j.-300x225.jpg 300w, https:\/\/centralmedia.rs\/wp-content\/uploads\/2016\/01\/mladi-u-akcijama-paracin-g.j.-768x576.jpg 768w, https:\/\/centralmedia.rs\/wp-content\/uploads\/2016\/01\/mladi-u-akcijama-paracin-g.j.-80x60.jpg 80w, https:\/\/centralmedia.rs\/wp-content\/uploads\/2016\/01\/mladi-u-akcijama-paracin-g.j.-265x198.jpg 265w, https:\/\/centralmedia.rs\/wp-content\/uploads\/2016\/01\/mladi-u-akcijama-paracin-g.j..jpg 900w\" sizes=\"(max-width: 300px) 100vw, 300px\" \/><\/a><br \/>\nNovac za poklone je prihod od humanitarne \u017eurke i fudbalskog turnira, a hranu i napitke su \u010dlanovi doneli od svojih ku\u0107a sa bo\u017ei\u0107ne trpeze.<br \/>\n<a href=\"https:\/\/centralmedia.rs\/wp-content\/uploads\/2016\/01\/mladi-u-akcijama-paracin-g.j.-1.jpg\" rel=\"attachment wp-att-1829\"><img loading=\"lazy\" decoding=\"async\" src=\"https:\/\/centralmedia.rs\/wp-content\/uploads\/2016\/01\/mladi-u-akcijama-paracin-g.j.-1-224x300.jpg\" alt=\"mladi u akcijama-paracin-g.j. (1)\" width=\"224\" height=\"300\" class=\"alignnone size-medium wp-image-1829\" srcset=\"https:\/\/centralmedia.rs\/wp-content\/uploads\/2016\/01\/mladi-u-akcijama-paracin-g.j.-1-224x300.jpg 224w, https:\/\/centralmedia.rs\/wp-content\/uploads\/2016\/01\/mladi-u-akcijama-paracin-g.j.-1.jpg 672w\" sizes=\"(max-width: 224px) 100vw, 224px\" \/><\/a><br \/>\nIna\u010de, mladi su realizovali akciju podele novogodi\u0161njih paketi\u0107a za 50 mali\u0161ana u Para\u0107inu, kao i podelu hrane i sokova krajem pro\u0161le godine.<\/p>\n","protected":false},"excerpt":{"rendered":"<p>PARA\u0106IN-\u010clanovi Saveza omladine Para\u0107ina u akciji Mladi protiv gladi podelili su za Bo\u017ei\u0107 pakete sa slatki\u0161ima za dvadesetoro mali\u0161ana \u010diji su roditelji bez posla, obrok &hellip; <\/p>\n","protected":false},"author":4,"featured_media":1827,"comment_status":"open","ping_status":"open","sticky":false,"template":"","format":"standard","meta":{"footnotes":""},"categories":[2,12,30],"tags":[454,383,156],"_links":{"self":[{"href":"https:\/\/centralmedia.rs\/index.php\/wp-json\/wp\/v2\/posts\/1826"}],"collection":[{"href":"https:\/\/centralmedia.rs\/index.php\/wp-json\/wp\/v2\/posts"}],"about":[{"href":"https:\/\/centralmedia.rs\/index.php\/wp-json\/wp\/v2\/types\/post"}],"author":[{"embeddable":true,"href":"https:\/\/centralmedia.rs\/index.php\/wp-json\/wp\/v2\/users\/4"}],"replies":[{"embeddable":true,"href":"https:\/\/centralmedia.rs\/index.php\/wp-json\/wp\/v2\/comments?post=1826"}],"version-history":[{"count":0,"href":"https:\/\/centralmedia.rs\/index.php\/wp-json\/wp\/v2\/posts\/1826\/revisions"}],"wp:featuredmedia":[{"embeddable":true,"href":"https:\/\/centralmedia.rs\/index.php\/wp-json\/wp\/v2\/media\/1827"}],"wp:attachment":[{"href":"https:\/\/centralmedia.rs\/index.php\/wp-json\/wp\/v2\/media?parent=1826"}],"wp:term":[{"taxonomy":"category","embeddable":true,"href":"https:\/\/centralmedia.rs\/index.php\/wp-json\/wp\/v2\/categories?post=1826"},{"taxonomy":"post_tag","embeddable":true,"href":"https:\/\/centralmedia.rs\/index.php\/wp-json\/wp\/v2\/tags?post=1826"}],"curies":[{"name":"wp","href":"https:\/\/api.w.org\/{rel}","templated":true}]}}