{"id":18260,"date":"2019-06-07T06:25:44","date_gmt":"2019-06-07T06:25:44","guid":{"rendered":"http:\/\/centralmedia.rs\/?p=18260"},"modified":"2019-06-12T08:57:59","modified_gmt":"2019-06-12T08:57:59","slug":"kombi-za-sportiste","status":"publish","type":"post","link":"https:\/\/centralmedia.rs\/index.php\/2019\/06\/07\/kombi-za-sportiste\/","title":{"rendered":"KOMBI ZA SPORTISTE"},"content":{"rendered":"<p>SVILAJNAC-Predsednik op\u0161tine Svilajnac Predrag Milanovi\u0107 ju\u010de je uru\u010dio klju\u010deve novog kombi vozila ko\u0161arka\u0161kom klubu \u201cSvilajnac\u201d i odbojka\u0161kom klubu \u201eSme\u010d\u201c iz Svilajnca. Re\u010d je o donaciji op\u0161tine sportskim klubovima. Predsednik odbojka\u0161kog kluba \u201eSme\u010d\u201c \u017deljko Vu\u010dkovi\u0107 je istakao da mnogo ve\u0107e op\u0161tine ne poma\u017eu na ovakav na\u010din svojim klubovima i da \u0107e im ova donacija olak\u0161ati putovanja na takmi\u010denja i gostovanja, time \u0161to \u0107e im smanjiti tro\u0161kove i omogu\u0107iti postizanje boljih sportskih rezultata u klubu.<\/p>\n<p><img loading=\"lazy\" decoding=\"async\" class=\"alignnone wp-image-18263 size-large\" src=\"http:\/\/centralmedia.rs\/wp-content\/uploads\/2019\/06\/autobus-1024x683.jpg\" alt=\"\" width=\"640\" height=\"427\" srcset=\"https:\/\/centralmedia.rs\/wp-content\/uploads\/2019\/06\/autobus-1024x683.jpg 1024w, https:\/\/centralmedia.rs\/wp-content\/uploads\/2019\/06\/autobus-300x200.jpg 300w, https:\/\/centralmedia.rs\/wp-content\/uploads\/2019\/06\/autobus-768x512.jpg 768w, https:\/\/centralmedia.rs\/wp-content\/uploads\/2019\/06\/autobus-630x420.jpg 630w, https:\/\/centralmedia.rs\/wp-content\/uploads\/2019\/06\/autobus-640x427.jpg 640w, https:\/\/centralmedia.rs\/wp-content\/uploads\/2019\/06\/autobus-681x454.jpg 681w, https:\/\/centralmedia.rs\/wp-content\/uploads\/2019\/06\/autobus.jpg 2048w\" sizes=\"(max-width: 640px) 100vw, 640px\" \/><\/p>\n","protected":false},"excerpt":{"rendered":"<p>SVILAJNAC-Predsednik op\u0161tine Svilajnac Predrag Milanovi\u0107 ju\u010de je uru\u010dio klju\u010deve novog kombi vozila ko\u0161arka\u0161kom klubu \u201cSvilajnac\u201d i odbojka\u0161kom klubu \u201eSme\u010d\u201c iz Svilajnca. Re\u010d je o donaciji &hellip; <\/p>\n","protected":false},"author":2,"featured_media":18261,"comment_status":"open","ping_status":"open","sticky":false,"template":"","format":"standard","meta":{"footnotes":""},"categories":[1524,2,887,21,12,1517],"tags":[2847,49,38],"_links":{"self":[{"href":"https:\/\/centralmedia.rs\/index.php\/wp-json\/wp\/v2\/posts\/18260"}],"collection":[{"href":"https:\/\/centralmedia.rs\/index.php\/wp-json\/wp\/v2\/posts"}],"about":[{"href":"https:\/\/centralmedia.rs\/index.php\/wp-json\/wp\/v2\/types\/post"}],"author":[{"embeddable":true,"href":"https:\/\/centralmedia.rs\/index.php\/wp-json\/wp\/v2\/users\/2"}],"replies":[{"embeddable":true,"href":"https:\/\/centralmedia.rs\/index.php\/wp-json\/wp\/v2\/comments?post=18260"}],"version-history":[{"count":2,"href":"https:\/\/centralmedia.rs\/index.php\/wp-json\/wp\/v2\/posts\/18260\/revisions"}],"predecessor-version":[{"id":18264,"href":"https:\/\/centralmedia.rs\/index.php\/wp-json\/wp\/v2\/posts\/18260\/revisions\/18264"}],"wp:featuredmedia":[{"embeddable":true,"href":"https:\/\/centralmedia.rs\/index.php\/wp-json\/wp\/v2\/media\/18261"}],"wp:attachment":[{"href":"https:\/\/centralmedia.rs\/index.php\/wp-json\/wp\/v2\/media?parent=18260"}],"wp:term":[{"taxonomy":"category","embeddable":true,"href":"https:\/\/centralmedia.rs\/index.php\/wp-json\/wp\/v2\/categories?post=18260"},{"taxonomy":"post_tag","embeddable":true,"href":"https:\/\/centralmedia.rs\/index.php\/wp-json\/wp\/v2\/tags?post=18260"}],"curies":[{"name":"wp","href":"https:\/\/api.w.org\/{rel}","templated":true}]}}