{"id":18265,"date":"2019-06-07T06:30:00","date_gmt":"2019-06-07T06:30:00","guid":{"rendered":"http:\/\/centralmedia.rs\/?p=18265"},"modified":"2019-06-12T09:01:28","modified_gmt":"2019-06-12T09:01:28","slug":"otpusteni-radnici-paracinske-staklare-usli-jutros-u-fabriku","status":"publish","type":"post","link":"https:\/\/centralmedia.rs\/index.php\/2019\/06\/07\/otpusteni-radnici-paracinske-staklare-usli-jutros-u-fabriku\/","title":{"rendered":"OTPU\u0160TENI RADNICI PARA\u0106INSKE STAKLARE U\u0160LI JUTROS U FABRIKU"},"content":{"rendered":"<p>PARA\u0106IN- Preko 100 otpu\u0161tenih radnika u ,,la\u017enom&#8221; ste\u010daju para\u0107inske Srpske fabrike stakla jutros je u\u0161lo u krug te fabrike sa zahetvom da se vrate na radna mesta posle presude Privrednog apelacionog suda \u00a0iz Beograda, jer ste\u010daj nikad nije bio pravosna\u017ean. Oko 250 radnika su izgubili posao posle prvostepene odluke o ste\u010daju 20. septembra 2017 godine u pvrom naletu, a kasnije jo\u0161 50, i od tada traje njihova borba za povratak na posao.<\/p>\n<p>&#8211; Policija je do\u0161la, tu su i na\u0161i advokati, javio se i direktor Bogradovi\u0107 i rekao da \u0107e da nas primi na razgovor posle \u0161est meseci od kona\u010dne presude da ste\u010daja nije bilo u SFS. Analogno tome i sve \u0161to je preduzeto, kao \u0161to su otkazi, se poni\u0161tava. Zahtevamo povratak na posao, jer je to jedino zakonito. Oni su ,,privatizovali&#8221; fabriku, ka\u017eu predstavnice otu\u0161tenih radnika SFS.<\/p>\n<p>O\u010dekuje se po\u010detak razgovora rukovodstva te fabrike i otpu\u0161tenih radnika.<\/p>\n<div id='gallery-1' class='gallery galleryid-18265 gallery-columns-3 gallery-size-thumbnail'><figure class='gallery-item'>\n\t\t\t<div class='gallery-icon portrait'>\n\t\t\t\t<a href='https:\/\/centralmedia.rs\/index.php\/2019\/06\/07\/otpusteni-radnici-paracinske-staklare-usli-jutros-u-fabriku\/otpusteni1\/'><img loading=\"lazy\" decoding=\"async\" width=\"150\" height=\"150\" src=\"https:\/\/centralmedia.rs\/wp-content\/uploads\/2019\/06\/otpusteni1-150x150.jpg\" class=\"attachment-thumbnail size-thumbnail\" alt=\"\" \/><\/a>\n\t\t\t<\/div><\/figure><figure class='gallery-item'>\n\t\t\t<div class='gallery-icon portrait'>\n\t\t\t\t<a href='https:\/\/centralmedia.rs\/index.php\/2019\/06\/07\/otpusteni-radnici-paracinske-staklare-usli-jutros-u-fabriku\/otpusteni2\/'><img loading=\"lazy\" decoding=\"async\" width=\"150\" height=\"150\" src=\"https:\/\/centralmedia.rs\/wp-content\/uploads\/2019\/06\/otpusteni2-150x150.jpg\" class=\"attachment-thumbnail size-thumbnail\" alt=\"\" \/><\/a>\n\t\t\t<\/div><\/figure><figure class='gallery-item'>\n\t\t\t<div class='gallery-icon portrait'>\n\t\t\t\t<a href='https:\/\/centralmedia.rs\/index.php\/2019\/06\/07\/otpusteni-radnici-paracinske-staklare-usli-jutros-u-fabriku\/otpusteni3\/'><img loading=\"lazy\" decoding=\"async\" width=\"150\" height=\"150\" src=\"https:\/\/centralmedia.rs\/wp-content\/uploads\/2019\/06\/otpusteni3-150x150.jpg\" class=\"attachment-thumbnail size-thumbnail\" alt=\"\" \/><\/a>\n\t\t\t<\/div><\/figure>\n\t\t<\/div>\n\n","protected":false},"excerpt":{"rendered":"<p>PARA\u0106IN- Preko 100 otpu\u0161tenih radnika u ,,la\u017enom&#8221; ste\u010daju para\u0107inske Srpske fabrike stakla jutros je u\u0161lo u krug te fabrike sa zahetvom da se vrate na &hellip; <\/p>\n","protected":false},"author":2,"featured_media":18266,"comment_status":"open","ping_status":"open","sticky":false,"template":"","format":"standard","meta":{"footnotes":""},"categories":[22,1524,2,1516,887,12],"tags":[3496,156,158],"_links":{"self":[{"href":"https:\/\/centralmedia.rs\/index.php\/wp-json\/wp\/v2\/posts\/18265"}],"collection":[{"href":"https:\/\/centralmedia.rs\/index.php\/wp-json\/wp\/v2\/posts"}],"about":[{"href":"https:\/\/centralmedia.rs\/index.php\/wp-json\/wp\/v2\/types\/post"}],"author":[{"embeddable":true,"href":"https:\/\/centralmedia.rs\/index.php\/wp-json\/wp\/v2\/users\/2"}],"replies":[{"embeddable":true,"href":"https:\/\/centralmedia.rs\/index.php\/wp-json\/wp\/v2\/comments?post=18265"}],"version-history":[{"count":1,"href":"https:\/\/centralmedia.rs\/index.php\/wp-json\/wp\/v2\/posts\/18265\/revisions"}],"predecessor-version":[{"id":18270,"href":"https:\/\/centralmedia.rs\/index.php\/wp-json\/wp\/v2\/posts\/18265\/revisions\/18270"}],"wp:featuredmedia":[{"embeddable":true,"href":"https:\/\/centralmedia.rs\/index.php\/wp-json\/wp\/v2\/media\/18266"}],"wp:attachment":[{"href":"https:\/\/centralmedia.rs\/index.php\/wp-json\/wp\/v2\/media?parent=18265"}],"wp:term":[{"taxonomy":"category","embeddable":true,"href":"https:\/\/centralmedia.rs\/index.php\/wp-json\/wp\/v2\/categories?post=18265"},{"taxonomy":"post_tag","embeddable":true,"href":"https:\/\/centralmedia.rs\/index.php\/wp-json\/wp\/v2\/tags?post=18265"}],"curies":[{"name":"wp","href":"https:\/\/api.w.org\/{rel}","templated":true}]}}