{"id":18271,"date":"2019-06-07T10:13:46","date_gmt":"2019-06-07T10:13:46","guid":{"rendered":"http:\/\/centralmedia.rs\/?p=18271"},"modified":"2019-06-20T11:17:51","modified_gmt":"2019-06-20T11:17:51","slug":"otkucavanje-je-pocelo-14-15-i-16-juna-osmi-moto-skup-ajron-bridz","status":"publish","type":"post","link":"https:\/\/centralmedia.rs\/index.php\/2019\/06\/07\/otkucavanje-je-pocelo-14-15-i-16-juna-osmi-moto-skup-ajron-bridz\/","title":{"rendered":"Otkucavanje je po\u010delo \u2013 14, 15. I 16. juna 8. Moto skup \u201eAjron brid\u017e\u201c"},"content":{"rendered":"<p>\u0106UPRIJA- \u201eVan gog\u201c, koji \u0107e nastupiti u petak, i \u201eRiblja \u010dorba\u201c, \u010diji je nastup zakazan za subotu, bi\u0107e glavne muzi\u010dke zvezde na Osmom internacionalnom moto skupu \u201eAjron brid\u017e\u201c, koji \u0107e 14, 15. i 16. juna biti odr\u017ean na pla\u017ei u \u0106upriji, pored samog mosta na Velikoj Moravi.<\/p>\n<p>Osim ove dve srpske supergrupe, organizatori iz Moto kluba \u201eAjron Brid\u017e\u201c pripremili su jo\u0161 nekoliko \u201emuzi\u010dkih poslastica\u201c za ve\u010dernje termine, a deo manifestacije, u subotu od 19 sati, bi\u0107e i efektni bajkerski defile kroz samu \u0106upriju.<\/p>\n<p>O\u010dekuje se da \u0107e plato pored gvozdenog mosta na Moravi, posebno u petak i subotu uve\u010de, i ovog puta ispuniti vi\u0161e od deset hiljada onih koji \u201evole slobodu, dru\u017eenje i dobru muziku\u201c, kako znaju da ka\u017eu u Moto klubu \u201eAjron brid\u017e\u201c.<\/p>\n<p>Pokrovitelj jednog od najboljih moto skupova u ovom delu Balkana i ove godine je Op\u0161tina \u0106uprija.<\/p>\n<p><strong><u>S A T N I C A<\/u><\/strong><\/p>\n<p><u>petak 14. jun 2019 god<\/u><\/p>\n<p>10:00 &#8211; Otvaranje moto kampa<\/p>\n<p>16:00 &#8211; Ru\u010dak<\/p>\n<p>18:00 &#8211; De\u010diji hor &#8220;DAR&#8221;<\/p>\n<p>20:00 &#8211; Epilog<\/p>\n<p>22:00 &#8211; Van Gog<\/p>\n<p>00:00 &#8211; Hetrik<\/p>\n<p><u>subora 15. jun 2019 god<\/u><\/p>\n<p>09:00 &#8211; doru\u010dak<\/p>\n<p>11:00 &#8211; bajkerski izlet<\/p>\n<p>16:00 &#8211; ru\u010dak<\/p>\n<p>17:00 &#8211; bajkerske igre<\/p>\n<p>19:00 &#8211; sve\u010dani defile<\/p>\n<p>19:45 &#8211; dodela zahvalnica<\/p>\n<p>20:00 &#8211; Rif<\/p>\n<p>22:00 &#8211; Riblja \u010corba<\/p>\n<p>00:00 &#8211; Vesele `80<\/p>\n<p><u>nedelja 16. jun 2019 god<\/u><\/p>\n<p>09:00 &#8211; doru\u010dak i ispra\u0107aj gostiju<\/p>\n<p>Organizator zadr\u017eava prava na promene satnice.<\/p>\n<p>&nbsp;<\/p>\n","protected":false},"excerpt":{"rendered":"<p>\u0106UPRIJA- \u201eVan gog\u201c, koji \u0107e nastupiti u petak, i \u201eRiblja \u010dorba\u201c, \u010diji je nastup zakazan za subotu, bi\u0107e glavne muzi\u010dke zvezde na Osmom internacionalnom moto &hellip; <\/p>\n","protected":false},"author":2,"featured_media":18272,"comment_status":"open","ping_status":"open","sticky":false,"template":"","format":"standard","meta":{"footnotes":""},"categories":[1515,1524,2,887,16,12],"tags":[44,897,2058],"_links":{"self":[{"href":"https:\/\/centralmedia.rs\/index.php\/wp-json\/wp\/v2\/posts\/18271"}],"collection":[{"href":"https:\/\/centralmedia.rs\/index.php\/wp-json\/wp\/v2\/posts"}],"about":[{"href":"https:\/\/centralmedia.rs\/index.php\/wp-json\/wp\/v2\/types\/post"}],"author":[{"embeddable":true,"href":"https:\/\/centralmedia.rs\/index.php\/wp-json\/wp\/v2\/users\/2"}],"replies":[{"embeddable":true,"href":"https:\/\/centralmedia.rs\/index.php\/wp-json\/wp\/v2\/comments?post=18271"}],"version-history":[{"count":2,"href":"https:\/\/centralmedia.rs\/index.php\/wp-json\/wp\/v2\/posts\/18271\/revisions"}],"predecessor-version":[{"id":18274,"href":"https:\/\/centralmedia.rs\/index.php\/wp-json\/wp\/v2\/posts\/18271\/revisions\/18274"}],"wp:featuredmedia":[{"embeddable":true,"href":"https:\/\/centralmedia.rs\/index.php\/wp-json\/wp\/v2\/media\/18272"}],"wp:attachment":[{"href":"https:\/\/centralmedia.rs\/index.php\/wp-json\/wp\/v2\/media?parent=18271"}],"wp:term":[{"taxonomy":"category","embeddable":true,"href":"https:\/\/centralmedia.rs\/index.php\/wp-json\/wp\/v2\/categories?post=18271"},{"taxonomy":"post_tag","embeddable":true,"href":"https:\/\/centralmedia.rs\/index.php\/wp-json\/wp\/v2\/tags?post=18271"}],"curies":[{"name":"wp","href":"https:\/\/api.w.org\/{rel}","templated":true}]}}