{"id":18275,"date":"2019-06-07T16:26:18","date_gmt":"2019-06-07T16:26:18","guid":{"rendered":"http:\/\/centralmedia.rs\/?p=18275"},"modified":"2019-06-12T09:01:52","modified_gmt":"2019-06-12T09:01:52","slug":"australijska-donacija-senzorna-soba-u-cuprijskom-centru-za-socijalni-rad","status":"publish","type":"post","link":"https:\/\/centralmedia.rs\/index.php\/2019\/06\/07\/australijska-donacija-senzorna-soba-u-cuprijskom-centru-za-socijalni-rad\/","title":{"rendered":"AUSTRALIJSKA DONACIJA &#8211; SENZORNA SOBA U \u0106UPRIJSKOM CENTRU ZA SOCIJALNI RAD"},"content":{"rendered":"<p>\u0106UPRIJA- Povodom relizacije projekta senzorne sobe u \u0107uprijskom Centru za socijalni rad, Liang Zeng, zamenika ambasadorke Australije Nj.E. Rut Stjuart, posetio je tu ustanovu. Sobu \u0107e koristiti 15. mali\u0161ana od 3 do 21 godine starosti.<\/p>\n<div id='gallery-1' class='gallery galleryid-18275 gallery-columns-5 gallery-size-thumbnail'><figure class='gallery-item'>\n\t\t\t<div class='gallery-icon landscape'>\n\t\t\t\t<a href='https:\/\/centralmedia.rs\/index.php\/2019\/06\/07\/australijska-donacija-senzorna-soba-u-cuprijskom-centru-za-socijalni-rad\/soba\/'><img loading=\"lazy\" decoding=\"async\" width=\"150\" height=\"150\" src=\"https:\/\/centralmedia.rs\/wp-content\/uploads\/2019\/06\/soba-150x150.jpg\" class=\"attachment-thumbnail size-thumbnail\" alt=\"\" \/><\/a>\n\t\t\t<\/div><\/figure><figure class='gallery-item'>\n\t\t\t<div class='gallery-icon landscape'>\n\t\t\t\t<a href='https:\/\/centralmedia.rs\/index.php\/2019\/06\/07\/australijska-donacija-senzorna-soba-u-cuprijskom-centru-za-socijalni-rad\/soba1\/'><img loading=\"lazy\" decoding=\"async\" width=\"150\" height=\"150\" src=\"https:\/\/centralmedia.rs\/wp-content\/uploads\/2019\/06\/soba1-150x150.jpg\" class=\"attachment-thumbnail size-thumbnail\" alt=\"\" \/><\/a>\n\t\t\t<\/div><\/figure><figure class='gallery-item'>\n\t\t\t<div class='gallery-icon landscape'>\n\t\t\t\t<a href='https:\/\/centralmedia.rs\/index.php\/2019\/06\/07\/australijska-donacija-senzorna-soba-u-cuprijskom-centru-za-socijalni-rad\/soba2\/'><img loading=\"lazy\" decoding=\"async\" width=\"150\" height=\"150\" src=\"https:\/\/centralmedia.rs\/wp-content\/uploads\/2019\/06\/soba2-150x150.jpg\" class=\"attachment-thumbnail size-thumbnail\" alt=\"\" \/><\/a>\n\t\t\t<\/div><\/figure><figure class='gallery-item'>\n\t\t\t<div class='gallery-icon landscape'>\n\t\t\t\t<a href='https:\/\/centralmedia.rs\/index.php\/2019\/06\/07\/australijska-donacija-senzorna-soba-u-cuprijskom-centru-za-socijalni-rad\/soba3\/'><img loading=\"lazy\" decoding=\"async\" width=\"150\" height=\"150\" src=\"https:\/\/centralmedia.rs\/wp-content\/uploads\/2019\/06\/soba3-150x150.jpg\" class=\"attachment-thumbnail size-thumbnail\" alt=\"\" \/><\/a>\n\t\t\t<\/div><\/figure><figure class='gallery-item'>\n\t\t\t<div class='gallery-icon landscape'>\n\t\t\t\t<a href='https:\/\/centralmedia.rs\/index.php\/2019\/06\/07\/australijska-donacija-senzorna-soba-u-cuprijskom-centru-za-socijalni-rad\/soba5\/'><img loading=\"lazy\" decoding=\"async\" width=\"150\" height=\"150\" src=\"https:\/\/centralmedia.rs\/wp-content\/uploads\/2019\/06\/soba5-150x150.jpg\" class=\"attachment-thumbnail size-thumbnail\" alt=\"\" \/><\/a>\n\t\t\t<\/div><\/figure>\n\t\t<\/div>\n\n<p>-Senzorna soba izgleda apsolutno fantasti\u010dno. Ose\u0107amo se privilegovano \u0161to smo imali prilike da sara\u0111ujemo sa udru\u017eenjem Herc 24 i obezbedimo sredstva za ovaj projekat. Najva\u017eniji deo dana\u0161njeg dana je susret sa decom i njihovim porodicama. Od njih sam saznao da se u sobi igraju, u\u017eivaju i da im donosi radost. Ovo je prvi projekat koji je Ambasada Australije realizovala kroz program direktne pomo\u0107i.\u00a0 Zahvaljujem se predstavnicima SO \u0106uprija, rekao je Zeng.<\/p>\n<p>Povod za dolazak gospodina Zenga u \u0106upriju je obilazak senzorne sobe, koju je \u0107uprijskom Centru za socijalni rad donirala Ambasada Australije u Beogradu.<\/p>\n<p>&#8211; Australija je donirala senzornu sobu za decu sa posebnim potrebama. Do\u0161li da nas obi\u0111u i iskoristi\u0107emo priliku da apliciramo za naredni projekat u re\u0161avaju problema koje ima ova specifi\u010dna kategorija, rekao je predsednik SO \u0106uprija Branimir Tazi\u0107.<\/p>\n<p>Senzorna soba je va\u017ean deo terapije osoba sa autizmom, hiperaktivnog sindroma i drugih poreme\u0107aja \u010dije su pote\u0161ko\u0107e naj\u010de\u0161\u0107e vezane za preteranu ili smanjenu senzornu osetnjivost.<\/p>\n<p>&nbsp;<\/p>\n","protected":false},"excerpt":{"rendered":"<p>\u0106UPRIJA- Povodom relizacije projekta senzorne sobe u \u0107uprijskom Centru za socijalni rad, Liang Zeng, zamenika ambasadorke Australije Nj.E. Rut Stjuart, posetio je tu ustanovu. Sobu &hellip; <\/p>\n","protected":false},"author":2,"featured_media":18276,"comment_status":"open","ping_status":"open","sticky":false,"template":"","format":"standard","meta":{"footnotes":""},"categories":[1515,14,1524,2,887,12],"tags":[3797,44,3796],"_links":{"self":[{"href":"https:\/\/centralmedia.rs\/index.php\/wp-json\/wp\/v2\/posts\/18275"}],"collection":[{"href":"https:\/\/centralmedia.rs\/index.php\/wp-json\/wp\/v2\/posts"}],"about":[{"href":"https:\/\/centralmedia.rs\/index.php\/wp-json\/wp\/v2\/types\/post"}],"author":[{"embeddable":true,"href":"https:\/\/centralmedia.rs\/index.php\/wp-json\/wp\/v2\/users\/2"}],"replies":[{"embeddable":true,"href":"https:\/\/centralmedia.rs\/index.php\/wp-json\/wp\/v2\/comments?post=18275"}],"version-history":[{"count":1,"href":"https:\/\/centralmedia.rs\/index.php\/wp-json\/wp\/v2\/posts\/18275\/revisions"}],"predecessor-version":[{"id":18282,"href":"https:\/\/centralmedia.rs\/index.php\/wp-json\/wp\/v2\/posts\/18275\/revisions\/18282"}],"wp:featuredmedia":[{"embeddable":true,"href":"https:\/\/centralmedia.rs\/index.php\/wp-json\/wp\/v2\/media\/18276"}],"wp:attachment":[{"href":"https:\/\/centralmedia.rs\/index.php\/wp-json\/wp\/v2\/media?parent=18275"}],"wp:term":[{"taxonomy":"category","embeddable":true,"href":"https:\/\/centralmedia.rs\/index.php\/wp-json\/wp\/v2\/categories?post=18275"},{"taxonomy":"post_tag","embeddable":true,"href":"https:\/\/centralmedia.rs\/index.php\/wp-json\/wp\/v2\/tags?post=18275"}],"curies":[{"name":"wp","href":"https:\/\/api.w.org\/{rel}","templated":true}]}}