{"id":18300,"date":"2019-06-09T10:38:34","date_gmt":"2019-06-09T10:38:34","guid":{"rendered":"http:\/\/centralmedia.rs\/?p=18300"},"modified":"2019-06-20T11:17:33","modified_gmt":"2019-06-20T11:17:33","slug":"osvestana-crkva-vavedenja-presvete-bogorodice-u-glavincima","status":"publish","type":"post","link":"https:\/\/centralmedia.rs\/index.php\/2019\/06\/09\/osvestana-crkva-vavedenja-presvete-bogorodice-u-glavincima\/","title":{"rendered":"OSVE\u0160TANA CRKVA VAVEDENJA PRESVETE BOGORODICE U GLAVINCIMA"},"content":{"rendered":"<p>JAGODINA- Crkva Vavedenja Presvete Bogorodice u Glavincima danas je osve\u0161tana. Svetu arhijerejsku Liturgiju sa velikim osve\u0107enjem novog hrama slu\u017eio je Episkop \u0161umadijski Jovan sa mona\u0161tvom i sve\u0161tenstvom. U na \u010dasnoj trpezi u oltaru te crkve Episkop \u0161umadijski Jovan napisao je da su u crkvu polo\u017eene mo\u0161ti Svetog Cara Lazara Kosovskog.<\/p>\n<div id='gallery-1' class='gallery galleryid-18300 gallery-columns-3 gallery-size-thumbnail'><figure class='gallery-item'>\n\t\t\t<div class='gallery-icon portrait'>\n\t\t\t\t<a href='https:\/\/centralmedia.rs\/index.php\/2019\/06\/09\/osvestana-crkva-vavedenja-presvete-bogorodice-u-glavincima\/crkva2\/'><img loading=\"lazy\" decoding=\"async\" width=\"150\" height=\"150\" src=\"https:\/\/centralmedia.rs\/wp-content\/uploads\/2019\/06\/crkva2-150x150.jpg\" class=\"attachment-thumbnail size-thumbnail\" alt=\"\" srcset=\"https:\/\/centralmedia.rs\/wp-content\/uploads\/2019\/06\/crkva2-150x150.jpg 150w, https:\/\/centralmedia.rs\/wp-content\/uploads\/2019\/06\/crkva2-404x400.jpg 404w\" sizes=\"(max-width: 150px) 100vw, 150px\" \/><\/a>\n\t\t\t<\/div><\/figure><figure class='gallery-item'>\n\t\t\t<div class='gallery-icon portrait'>\n\t\t\t\t<a href='https:\/\/centralmedia.rs\/index.php\/2019\/06\/09\/osvestana-crkva-vavedenja-presvete-bogorodice-u-glavincima\/crkva-4-2\/'><img loading=\"lazy\" decoding=\"async\" width=\"150\" height=\"150\" src=\"https:\/\/centralmedia.rs\/wp-content\/uploads\/2019\/06\/crkva-4-150x150.jpg\" class=\"attachment-thumbnail size-thumbnail\" alt=\"\" \/><\/a>\n\t\t\t<\/div><\/figure><figure class='gallery-item'>\n\t\t\t<div class='gallery-icon portrait'>\n\t\t\t\t<a href='https:\/\/centralmedia.rs\/index.php\/2019\/06\/09\/osvestana-crkva-vavedenja-presvete-bogorodice-u-glavincima\/crkva1\/'><img loading=\"lazy\" decoding=\"async\" width=\"150\" height=\"150\" src=\"https:\/\/centralmedia.rs\/wp-content\/uploads\/2019\/06\/crkva1-150x150.jpg\" class=\"attachment-thumbnail size-thumbnail\" alt=\"\" \/><\/a>\n\t\t\t<\/div><\/figure>\n\t\t<\/div>\n\n<p>&#8211; Ko u\u0111e u ovaj hram on pod za\u0161titom presvete Bogorodice i Svetog Cara Lazara. U tome je valiki zna\u010daj ove crkve, rekao Episkop \u0161umadijski Jovan.<\/p>\n<p>Liturgiji i osve\u0161tanju crkve prisustvovalo je vi\u0161e stotina me\u0161tana.<\/p>\n<div id='gallery-2' class='gallery galleryid-18300 gallery-columns-3 gallery-size-thumbnail'><figure class='gallery-item'>\n\t\t\t<div class='gallery-icon landscape'>\n\t\t\t\t<a href='https:\/\/centralmedia.rs\/index.php\/2019\/06\/09\/osvestana-crkva-vavedenja-presvete-bogorodice-u-glavincima\/crkva3\/'><img loading=\"lazy\" decoding=\"async\" width=\"150\" height=\"150\" src=\"https:\/\/centralmedia.rs\/wp-content\/uploads\/2019\/06\/crkva3-150x150.jpg\" class=\"attachment-thumbnail size-thumbnail\" alt=\"\" \/><\/a>\n\t\t\t<\/div><\/figure><figure class='gallery-item'>\n\t\t\t<div class='gallery-icon landscape'>\n\t\t\t\t<a href='https:\/\/centralmedia.rs\/index.php\/2019\/06\/09\/osvestana-crkva-vavedenja-presvete-bogorodice-u-glavincima\/crkva5\/'><img loading=\"lazy\" decoding=\"async\" width=\"150\" height=\"150\" src=\"https:\/\/centralmedia.rs\/wp-content\/uploads\/2019\/06\/crkva5-150x150.jpg\" class=\"attachment-thumbnail size-thumbnail\" alt=\"\" \/><\/a>\n\t\t\t<\/div><\/figure><figure class='gallery-item'>\n\t\t\t<div class='gallery-icon landscape'>\n\t\t\t\t<a href='https:\/\/centralmedia.rs\/index.php\/2019\/06\/09\/osvestana-crkva-vavedenja-presvete-bogorodice-u-glavincima\/crkva6\/'><img loading=\"lazy\" decoding=\"async\" width=\"150\" height=\"150\" src=\"https:\/\/centralmedia.rs\/wp-content\/uploads\/2019\/06\/crkva6-150x150.jpg\" class=\"attachment-thumbnail size-thumbnail\" alt=\"\" \/><\/a>\n\t\t\t<\/div><\/figure>\n\t\t<\/div>\n\n","protected":false},"excerpt":{"rendered":"<p>JAGODINA- Crkva Vavedenja Presvete Bogorodice u Glavincima danas je osve\u0161tana. Svetu arhijerejsku Liturgiju sa velikim osve\u0107enjem novog hrama slu\u017eio je Episkop \u0161umadijski Jovan sa mona\u0161tvom &hellip; <\/p>\n","protected":false},"author":2,"featured_media":18301,"comment_status":"open","ping_status":"open","sticky":false,"template":"","format":"standard","meta":{"footnotes":""},"categories":[14,1524,2,1514,12],"tags":[867,1469,58,3799],"_links":{"self":[{"href":"https:\/\/centralmedia.rs\/index.php\/wp-json\/wp\/v2\/posts\/18300"}],"collection":[{"href":"https:\/\/centralmedia.rs\/index.php\/wp-json\/wp\/v2\/posts"}],"about":[{"href":"https:\/\/centralmedia.rs\/index.php\/wp-json\/wp\/v2\/types\/post"}],"author":[{"embeddable":true,"href":"https:\/\/centralmedia.rs\/index.php\/wp-json\/wp\/v2\/users\/2"}],"replies":[{"embeddable":true,"href":"https:\/\/centralmedia.rs\/index.php\/wp-json\/wp\/v2\/comments?post=18300"}],"version-history":[{"count":1,"href":"https:\/\/centralmedia.rs\/index.php\/wp-json\/wp\/v2\/posts\/18300\/revisions"}],"predecessor-version":[{"id":18308,"href":"https:\/\/centralmedia.rs\/index.php\/wp-json\/wp\/v2\/posts\/18300\/revisions\/18308"}],"wp:featuredmedia":[{"embeddable":true,"href":"https:\/\/centralmedia.rs\/index.php\/wp-json\/wp\/v2\/media\/18301"}],"wp:attachment":[{"href":"https:\/\/centralmedia.rs\/index.php\/wp-json\/wp\/v2\/media?parent=18300"}],"wp:term":[{"taxonomy":"category","embeddable":true,"href":"https:\/\/centralmedia.rs\/index.php\/wp-json\/wp\/v2\/categories?post=18300"},{"taxonomy":"post_tag","embeddable":true,"href":"https:\/\/centralmedia.rs\/index.php\/wp-json\/wp\/v2\/tags?post=18300"}],"curies":[{"name":"wp","href":"https:\/\/api.w.org\/{rel}","templated":true}]}}