{"id":18314,"date":"2019-06-11T12:06:14","date_gmt":"2019-06-11T12:06:14","guid":{"rendered":"http:\/\/centralmedia.rs\/?p=18314"},"modified":"2019-06-20T11:17:17","modified_gmt":"2019-06-20T11:17:17","slug":"otvoren-konkurs-za-10-takmicenje-pevaca-amatera","status":"publish","type":"post","link":"https:\/\/centralmedia.rs\/index.php\/2019\/06\/11\/otvoren-konkurs-za-10-takmicenje-pevaca-amatera\/","title":{"rendered":"OTVOREN KONKURS ZA 10. TAKMI\u010cENjE PEVA\u010cA AMATERA"},"content":{"rendered":"<p>REKOVAC-I ove godine u okviru saborskih dana 50. Sabora narodnog stvarala\u0161tva ,,Pro\u0111oh Leva\u010d, pro\u0111oh \u0160umadiju,, bi\u0107e odr\u017eano takmi\u010denje peva\u010da amatera. Ovo je ujedno i jubilarno deseto po redu takmi\u010denje \u010diji su pobednici bili brojni mladi peva\u010di koji su svoje blistave karijere zapo\u010deli na ovom takmi\u010denju me\u0111u kojima je najpoznatija i najaktuelnija Danica \u00a0\u00a0Krsti\u0107,\u00a0 pro\u0161logodi\u0161nja predstavnica na\u0161e zemlje na Evroviziji. Ove godine takmi\u010denje \u0107e se organizovati\u00a0 02.08.2019. godine u sali Doma kulture u Rekovcu sa po\u010detkom u 20 \u010dasova.<\/p>\n<p>Ovom prilikom pozivamo sve ljubitelje tradicionalnih izvornih\u00a0 i narodnih melodija da uzmu u\u010de\u0161\u0107e na manifestaciji i da se prijave na konkurs za izvo\u0111a\u010de koji je otvoren do 10.07.2019. godine.<\/p>\n<p>Pravo u\u010de\u0161\u0107a na manifestaciji imaju kandidati od 16 do 65 godina starosti.<\/p>\n<p>Peva se jedna izvorna pesma i jedna novokomponovana pesma koja je u duhu na\u0161e tradicionalne, narodne muzike i dozvoljeno je pevanje u duetu.<\/p>\n<p>Kao i svake, tako i ove godine obezbe\u0111ene su vredne nov\u010dane nagrade i to za pobednika u iznosu od 40.000 dinara, za drugo mesto 20.000 dinara, za tre\u0107e mesto 10.000 dinara i nagrada publike u iznosu od 10.000 dinara.<\/p>\n<p>Krajnji rok za prijavljivanje je 10.07.2019. godine.<\/p>\n<p>Uz prijavu kandidat \u00a0obavezno mora da po\u0161alje audio ili video snimak( mo\u017ee i amaterski snimak sa telefona ili kamere u nekom od standardnih video formata mp3, mp4,wma ) na kome izvodi jednu od numera.<\/p>\n<p>Snimak zajedno sa popunjenom prijavom po\u0161aljite mejlom na adresu<\/p>\n<p><strong style=\"font-style: inherit;\">turist.orgrk@gmail.com\u00a0<\/strong>\u00a0najkasnije do 10.07.2019. godine.<\/p>\n<p>Stru\u010dna komisija \u0107e na osnovu snimaka izvr\u0161iti selekciju kanditata i obavestiti ih minimum 8 dana pre po\u010detka takmi\u010denja.<\/p>\n<p>Kandidati izvode po jednu numeru iz obe kategorije u pratnji orkestra koji anga\u017euje organizator.<\/p>\n<p>Sve informacije<\/p>\n<p>mo\u017eete dobiti kod organizatora na broj telefona 035\/84-11-900.<\/p>\n<p>Prijavu za takmi\u010denje i pravilnik mo\u017eete skinuti u prilogu:<\/p>\n<p><a href=\"http:\/\/media.torekovac.com\/2019\/06\/%D0%9F%D1%80%D0%B8%D1%98%D0%B0%D0%B2%D0%B0-%D0%B7%D0%B0-%D0%97%D0%BB%D0%B0%D1%82%D0%BD%D0%B8-%D0%B3%D0%BB%D0%B0%D1%81-%D0%A1%D0%B0%D0%B1%D0%BE%D1%80%D0%B0-2019.doc\">\u041f\u0440\u0438\u0458\u0430\u0432\u0430-\u0437\u0430-\u0417\u043b\u0430\u0442\u043d\u0438-\u0433\u043b\u0430\u0441-\u0421\u0430\u0431\u043e\u0440\u0430 2019<\/a><\/p>\n<p>&nbsp;<\/p>\n","protected":false},"excerpt":{"rendered":"<p>REKOVAC-I ove godine u okviru saborskih dana 50. Sabora narodnog stvarala\u0161tva ,,Pro\u0111oh Leva\u010d, pro\u0111oh \u0160umadiju,, bi\u0107e odr\u017eano takmi\u010denje peva\u010da amatera. Ovo je ujedno i jubilarno &hellip; <\/p>\n","protected":false},"author":2,"featured_media":18315,"comment_status":"open","ping_status":"open","sticky":false,"template":"","format":"standard","meta":{"footnotes":""},"categories":[1524,2,23,887,1519,3055],"tags":[3800,441,1035],"_links":{"self":[{"href":"https:\/\/centralmedia.rs\/index.php\/wp-json\/wp\/v2\/posts\/18314"}],"collection":[{"href":"https:\/\/centralmedia.rs\/index.php\/wp-json\/wp\/v2\/posts"}],"about":[{"href":"https:\/\/centralmedia.rs\/index.php\/wp-json\/wp\/v2\/types\/post"}],"author":[{"embeddable":true,"href":"https:\/\/centralmedia.rs\/index.php\/wp-json\/wp\/v2\/users\/2"}],"replies":[{"embeddable":true,"href":"https:\/\/centralmedia.rs\/index.php\/wp-json\/wp\/v2\/comments?post=18314"}],"version-history":[{"count":1,"href":"https:\/\/centralmedia.rs\/index.php\/wp-json\/wp\/v2\/posts\/18314\/revisions"}],"predecessor-version":[{"id":18316,"href":"https:\/\/centralmedia.rs\/index.php\/wp-json\/wp\/v2\/posts\/18314\/revisions\/18316"}],"wp:featuredmedia":[{"embeddable":true,"href":"https:\/\/centralmedia.rs\/index.php\/wp-json\/wp\/v2\/media\/18315"}],"wp:attachment":[{"href":"https:\/\/centralmedia.rs\/index.php\/wp-json\/wp\/v2\/media?parent=18314"}],"wp:term":[{"taxonomy":"category","embeddable":true,"href":"https:\/\/centralmedia.rs\/index.php\/wp-json\/wp\/v2\/categories?post=18314"},{"taxonomy":"post_tag","embeddable":true,"href":"https:\/\/centralmedia.rs\/index.php\/wp-json\/wp\/v2\/tags?post=18314"}],"curies":[{"name":"wp","href":"https:\/\/api.w.org\/{rel}","templated":true}]}}