{"id":18333,"date":"2019-06-12T08:52:39","date_gmt":"2019-06-12T08:52:39","guid":{"rendered":"http:\/\/centralmedia.rs\/?p=18333"},"modified":"2019-06-20T11:16:50","modified_gmt":"2019-06-20T11:16:50","slug":"blic-o-svilajncu-u-ovom-malom-srpskom-gradu-nezaposlenost-je-skoro-nepostojeca-a-partijska-knjizica-ne-vazi","status":"publish","type":"post","link":"https:\/\/centralmedia.rs\/index.php\/2019\/06\/12\/blic-o-svilajncu-u-ovom-malom-srpskom-gradu-nezaposlenost-je-skoro-nepostojeca-a-partijska-knjizica-ne-vazi\/","title":{"rendered":"BLIC O SVILAJNCU: U ovom malom srpskom gradu nezaposlenost je skoro nepostoje\u0107a, a partijska knji\u017eica NE VA\u017dI"},"content":{"rendered":"<p>SVILAJNAC- Jo\u0161 kad smo zimus posetili Svilajnac ne\u0161to nam se u\u010dinilo \u010dudnim. Za sobom smo ostavili snegom zatrpane beogradske ulice, a ovde su bili o\u010di\u0161\u0107eni i parkinzi. Dom kulture u kome se spremala predstava Kokana Mladenovi\u0107a bio je nov, lep, funkcionalan. Prirodnja\u010dki centar je upotpunio utisak mesta koje odudara od proseka srpske provincije.<\/p>\n<p>Zato smo se pre neki dan vratili da na miru proverimo o \u010demu se to radi, da slu\u010dajno nisu kakvi Slovenci ili Nemci naselili te obale Resave koja je zajedno sa drugim vodotokovima, \u0161to bi ono rekao predsednik Vu\u010di\u0107, \u201cukori\u0107ena\u201d po svim pravilima, pa se ovaj put u Svilajncu zbog poplava mirno spavalo. Time se u petak i pohvalio predsednik op\u0161tine Predrag Milanovi\u0107 koji je saop\u0161tio da je novac iz fondova Evropske unije i Kancelarije za javna ulaganja Vlade Srbije za ove namene utro\u0161en na pravi na\u010din.<\/p>\n<figure id=\"attachment_4291\" aria-describedby=\"caption-attachment-4291\" style=\"width: 900px\" class=\"wp-caption alignnone\"><img loading=\"lazy\" decoding=\"async\" class=\"wp-image-4291 size-full\" src=\"http:\/\/centralmedia.rs\/wp-content\/uploads\/2016\/08\/predradg-milanovic-1-svilajnac-g.j..jpg\" alt=\"\" width=\"900\" height=\"675\" srcset=\"https:\/\/centralmedia.rs\/wp-content\/uploads\/2016\/08\/predradg-milanovic-1-svilajnac-g.j..jpg 900w, https:\/\/centralmedia.rs\/wp-content\/uploads\/2016\/08\/predradg-milanovic-1-svilajnac-g.j.-300x225.jpg 300w, https:\/\/centralmedia.rs\/wp-content\/uploads\/2016\/08\/predradg-milanovic-1-svilajnac-g.j.-768x576.jpg 768w, https:\/\/centralmedia.rs\/wp-content\/uploads\/2016\/08\/predradg-milanovic-1-svilajnac-g.j.-80x60.jpg 80w, https:\/\/centralmedia.rs\/wp-content\/uploads\/2016\/08\/predradg-milanovic-1-svilajnac-g.j.-265x198.jpg 265w\" sizes=\"(max-width: 900px) 100vw, 900px\" \/><figcaption id=\"caption-attachment-4291\" class=\"wp-caption-text\">Predrag Milanovi\u0107<\/figcaption><\/figure>\n<p><strong>Vlast na ime i prezime<\/strong><\/p>\n<div class=\"advertisemnt-intext-slot clear\">\n<div class=\"banner\">Gospodin Milanovi\u0107 nam je bio i prva adresa u otkrivanju tajne \u201csvilajna\u010dkog \u010duda\u201d, ne samo zbog funkcije nego i zbog \u010dinjenice da on ovde ve\u0107 deset godina na svoje ime osvaja vlast kao nosilac liste \u201cSvilajnac \u010duva budu\u0107nost &#8211; Predrag Milanovi\u0107\u201d, a bio je nekada\u0161nji kadar Demokratske stranke.<\/div>\n<div>Iako ima skup\u0161tinsku ve\u0107inu, ipak je u koaliciji sa Socijalisti\u010dkom partijom Srbije, dok su naprednjaci u opoziciji. Kako ljudi ka\u017eu, oni su iz faze opstrukcije pre\u0161li u fazu neme\u0161anja nakon \u0161to su bezuspe\u0161no od 2012. do 2016. poku\u0161avali da smene aktuelnu vlast. I o politici toliko. Ostalo je pri\u010da o poslu i naporu da ovaj gradi\u0107 i njegovi stanovnici kao i okolna sela \u017eive dostojan \u017eivot.<\/div>\n<div>Iako ima skup\u0161tinsku ve\u0107inu, ipak je u koaliciji sa Socijalisti\u010dkom partijom Srbije, dok su naprednjaci u opoziciji. Kako ljudi ka\u017eu, oni su iz faze opstrukcije pre\u0161li u fazu neme\u0161anja nakon \u0161to su bezuspe\u0161no od 2012. do 2016. poku\u0161avali da smene aktuelnu vlast. I o politici toliko. Ostalo je pri\u010da o poslu i naporu da ovaj gradi\u0107 i njegovi stanovnici kao i okolna sela \u017eive dostojan \u017eivot.<\/div>\n<div>\n<p>Privilegije Svilajn\u010dana se tu ne zavr\u0161avaju. Veoma uspe\u0161no i na korist sugra\u0111ana radi Centar za brigu o porodici, koji pru\u017ea fizioterapeutske usluge, logopedske tretmane, psiholo\u0161ke, radne i edukativne radionice za decu sa posebnim potrebama, medicinsku rehabilitaciju koja podrazumeva korektivne ve\u017ebe za decu \u0161kolskog uzrasta, savetodavno-terapijski rad, organizuje razne tribine i predavanja.<\/p>\n<p>&#8211; Ustanova je u sistemu socijalne za\u0161tite i bavimo se svim kategorijama stanovni\u0161tva, ne samo onima koji su po nekom osnovu ugro\u017eeni i sve na\u0161e usluge su besplatne &#8211; ka\u017ee direktorka ove ustanove Ivana Petrovi\u0107.<\/p>\n<p>Renovirani su svi domovi zdravlja u op\u0161tini &#8211; jedan gradski i pet seoskih, re\u0161eno je urgentno pitanje dugovanja apoteka tako da domovi ne duguju ni dinar za lekove i opremu, a i sama op\u0161tina nema nikakvih dugova.<\/p>\n<p><strong>Industrijske zone<\/strong><\/p>\n<p>Moglo bi se re\u0107i da je Svilajnac privredno prerastao sebe tako da se ovde realno o\u010dekuje rast plata, ali i nedostatak radne snage, tako da se razvoj planira u saradnji sa okolnim op\u0161tinama. Slovena\u010dka kompanija \u201cHo\u010devar\u201d je slede\u0107a fabrika koju \u0107e graditi u Svilajncu na \u0161est hektara, a sti\u017eu i dve nema\u010dke kompanije iz oblasti elektronske industrije.<\/p>\n<p>U jednoj od industrijskih zona pose\u0107ujemo fabriku \u201cAlfa Tehniks\u201d koja je u srpskom vlasni\u0161tvu i zapo\u0161ljava oko 250 radnika. Specijalizovana je za proizvodnju procesne opreme, \u010deli\u010dnih konstrukcija i transportnih sistema, a 90 odsto proizvodnje ide u izvoz. Unutra sve pod konac. Najsavremenije ma\u0161ine, obu\u010deni radnici, a tu upoznajemo i Du\u0161ana \u0110alovi\u0107a, regionalnog \u0161ampiona u zavarivanju koji je to postao sa 19 godina, dok je na svetskom takmi\u010denju u Kini osvojio tre\u0107e mesto. Njegova nagrada, aparat za zavarivanje stoji u holu kao eksponat uspeha i njega i firme.<\/p>\n<p><img loading=\"lazy\" decoding=\"async\" class=\"alignnone wp-image-17747 size-large\" src=\"http:\/\/centralmedia.rs\/wp-content\/uploads\/2019\/05\/DSC_0499-1024x683.jpg\" alt=\"\" width=\"640\" height=\"427\" srcset=\"https:\/\/centralmedia.rs\/wp-content\/uploads\/2019\/05\/DSC_0499-1024x683.jpg 1024w, https:\/\/centralmedia.rs\/wp-content\/uploads\/2019\/05\/DSC_0499-300x200.jpg 300w, https:\/\/centralmedia.rs\/wp-content\/uploads\/2019\/05\/DSC_0499-768x512.jpg 768w, https:\/\/centralmedia.rs\/wp-content\/uploads\/2019\/05\/DSC_0499-630x420.jpg 630w, https:\/\/centralmedia.rs\/wp-content\/uploads\/2019\/05\/DSC_0499-640x427.jpg 640w, https:\/\/centralmedia.rs\/wp-content\/uploads\/2019\/05\/DSC_0499-681x454.jpg 681w\" sizes=\"(max-width: 640px) 100vw, 640px\" \/><\/p>\n<p><strong>\u0160ampioni govedarstva<\/strong><\/p>\n<p>Iako je industrija okosnica razvoja, daleko od toga da je poljoprivreda zapostavljena, pa je tako Svilajnac ove godine progla\u0161en za apsolutnog \u0161ampiona u govedarstvu, a Svilajn\u010dani ga osvajaju ve\u0107 \u010detvrti put u poslednjih deset godina.<\/p>\n<p>Prvu kravu simentalku u Svilajnac je jo\u0161 u 19. veku doveo Svilajn\u010danin Dimitrije Kati\u0107. Op\u0161tina je pre osam godina uvezla 280 grla steonih krava najbolje pasmine i besplatno ih podelila poljoprivrednicima sa obavezom da samo vrate prvu \u017eensku telad koja su dalje deljena ostalim poljoprivrednicima. Tako je pove\u0107an sto\u010dni fond ali i njegov genetski kvalitet. Osemenjavanje krava se pla\u0107a iz bud\u017eeta op\u0161tine, obavezno umati\u010denje grla je tako\u0111e besplatno, poljoprivrednici dobijaju beskamatne jednokratne subvencije u prole\u0107e koje vra\u0107aju u jesen bez kamate, a dodeljuje se godi\u0161nje po deset beskamatnih kredita u visini od milion dinara za kupovinu mehanizacije i rekonstrukciju objekata.<\/p>\n<p>\u0160est resavskih izlaga\u010da osvojilo je ove godine devet priznanja na Novosadskom sajmu a mi smo posetili Dragana Todorovi\u0107a (40) iz obli\u017enjeg sela Dublje, vlasnika Hane, \u0161ampionke sajma u kategoriji junica. U posedu njegove porodice su 23 rasne krave simentalke koje dnevno daju 200 litara mleka. Ovo je tek jedno u nizu priznanja koje je Dragan osvajao sa svojim grlima. Na vitrini stoji oko tridesetak pehara, a progla\u0161avan je i za najboljeg sto\u010dara Svilajnca. Me\u0111utim, upravo danas bi njegovu kapiju trebalo da okiti onaj najlep\u0161i venac koji ozna\u010dava svadbeno veselje, pa \u0107e od sada ovaj uspe\u0161ni doma\u0107in biti i o\u017eenjen \u010dovek.<\/p>\n<p>Zbog svega ovoga nije ni slu\u010dajno \u0161to se u Svilajncu nalazi jedna od najboljih poljoprivrednih \u0161kola u Srbiji internatskog tipa, koja je osnovana pre 62 godine. Kroz ogromni \u0161kolski posed provodi nas direktor Zoran Radosavljevi\u0107.<\/p>\n<p>&#8211; Trenutno imamo 660 \u0111aka od kojih je njih 430 sme\u0161teno u domu u sklopu \u0161kole gde imaju sve uslove za u\u010denje i \u017eivot. Ovde se \u0161koluju poljoprivredni, veterinarski, prehrambeni tehni\u010dari kao i rukovaoci i mehani\u010dari poljoprivredne mehanizacije. Deca u\u010de pre svega na prakti\u010dnoj i oglednoj nastavi, stvaraju\u0107i konkretne proizvode i rade\u0107i konkretne stvari. Za ponos je da sada u \u0161koli predaje 57 njenih biv\u0161ih \u0111aka \u2013 pri\u010da Radosavljevi\u0107.<\/p>\n<p>\u0160etamo lepo ure\u0111enim kompleksom od deset hektara na kome su i \u0161tale sa \u017eivotinjama, njive na kojima deca u\u010de povrtarstvo, sportski objekti za u\u010denike, a mimo ovog kruga u posedu \u0161kole je jo\u0161 120 hektara zemlje na kojoj su u najve\u0107em delu zasejane ratarske kulture, dok je 7,5 hektara pod vo\u0107njakom, a 3,5 hektara pod vinogradima. Mo\u017ee se re\u0107i da \u0161kola funkcioni\u0161e kao jedno samoodr\u017eivo preduze\u0107e.<\/p>\n<p><img loading=\"lazy\" decoding=\"async\" class=\"alignnone wp-image-17397 size-large\" src=\"http:\/\/centralmedia.rs\/wp-content\/uploads\/2019\/04\/prirodnjacki-1024x820.jpg\" alt=\"\" width=\"640\" height=\"513\" srcset=\"https:\/\/centralmedia.rs\/wp-content\/uploads\/2019\/04\/prirodnjacki-1024x820.jpg 1024w, https:\/\/centralmedia.rs\/wp-content\/uploads\/2019\/04\/prirodnjacki-300x240.jpg 300w, https:\/\/centralmedia.rs\/wp-content\/uploads\/2019\/04\/prirodnjacki-768x615.jpg 768w, https:\/\/centralmedia.rs\/wp-content\/uploads\/2019\/04\/prirodnjacki-525x420.jpg 525w, https:\/\/centralmedia.rs\/wp-content\/uploads\/2019\/04\/prirodnjacki-640x512.jpg 640w, https:\/\/centralmedia.rs\/wp-content\/uploads\/2019\/04\/prirodnjacki-681x545.jpg 681w, https:\/\/centralmedia.rs\/wp-content\/uploads\/2019\/04\/prirodnjacki.jpg 1865w\" sizes=\"(max-width: 640px) 100vw, 640px\" \/><\/p>\n<p><strong>Prirodnja\u010dki centar<\/strong><\/p>\n<p>Prirodnja\u010dki centar Srbije u Svilajncu je jedinstvena ustanova i predstavlja spoj nauke, obrazovanja, kulture, umetnosti i turizma. Njegova atraktivnost se ogleda u jedinstvu velikog izlo\u017ebenog prostora i dino parka na otvorenom koji ima brojne prate\u0107e sadr\u017eaje. Muzejski deo \u010dini devet tematskih izlo\u017ebi koje se nalaze u samom objektu, dok se jedna izlo\u017eba nalazi u parku. U toku je ekskluzivna izlo\u017eba \u201e\u017divotinje Afrike\u201c. Ipak, ono \u0161to je najve\u0107a atrakcija parka je izlo\u017eba svet dinosaurusa koja posebno privla\u010di \u0111a\u010dke ekskurzije. Park prose\u010dno godi\u0161nje poseti 100.000 ljudi. Samo u maju ove godine njime je pro\u0161etalo 20.000 posetilaca.<\/p>\n<p>&#8211; Nismo samo muzej, ve\u0107 mesto nauke i edukacije sa elementima zabave. Do sada smo uradili deset izlo\u017ebi &#8211; ka\u017ee direktorka Jasminka Lukovi\u0107 Jagli\u010di\u0107.<\/p>\n<p>Park treba da bude magnet za turiste, a preko njega bi mogla da procveta i ostala turisti\u010dka ponuda. Pre svega, poseta srednjovekovnim manastirima (kojih ima sedam), tu je i ku\u0107a \u010duvenog resavskog junaka Stevana Sin\u0111eli\u0107a, a planira se i izgradnja kampa odakle bi ljubitelji prirode mogli da se otisnu do obli\u017enjih planina.<\/p>\n<p>Ovo bi bila pri\u010da o Svilajncu, nekad popularno zvanom Bid\u017eingrad, po lokalnom \u201eespeesovskom\u201c mo\u0107niku Dobrivoju Budimirovi\u0107u Bid\u017ei, koji je u vreme Milo\u0161evi\u0107evog re\u017eima va\u017eio za primer dobrog lokalnog doma\u0107ina. Neke stvari je postavio i Bid\u017ea, ali to nije deo ove pri\u010de. Svilajnac uveliko gleda u budu\u0107nost, a drug Bid\u017ea je, ipak, deo nekog pro\u0161log vremena.<\/p>\n<p><img loading=\"lazy\" decoding=\"async\" class=\"alignnone wp-image-15162 size-large\" src=\"http:\/\/centralmedia.rs\/wp-content\/uploads\/2018\/11\/KARTICA-1024x453.jpg\" alt=\"\" width=\"640\" height=\"283\" srcset=\"https:\/\/centralmedia.rs\/wp-content\/uploads\/2018\/11\/KARTICA-1024x453.jpg 1024w, https:\/\/centralmedia.rs\/wp-content\/uploads\/2018\/11\/KARTICA-300x133.jpg 300w, https:\/\/centralmedia.rs\/wp-content\/uploads\/2018\/11\/KARTICA-768x340.jpg 768w, https:\/\/centralmedia.rs\/wp-content\/uploads\/2018\/11\/KARTICA-948x420.jpg 948w, https:\/\/centralmedia.rs\/wp-content\/uploads\/2018\/11\/KARTICA-640x283.jpg 640w, https:\/\/centralmedia.rs\/wp-content\/uploads\/2018\/11\/KARTICA-681x302.jpg 681w, https:\/\/centralmedia.rs\/wp-content\/uploads\/2018\/11\/KARTICA.jpg 1050w\" sizes=\"(max-width: 640px) 100vw, 640px\" \/><\/p>\n<p><strong>Svilajna\u010dka kartica<\/strong><\/p>\n<p>Projekat \u201cSvilajn\u010dani na prvom mestu\u201d pru\u017ea pomo\u0107 i podr\u0161ku sugra\u0111anima kroz besplatne programe putem Svilajna\u010dke kartice, koju mo\u017ee da dobije svako ko je ro\u0111en u ovom gradu, a pru\u017ea velike benificije.<\/p>\n<p>Za malu decu to su \u0161kolice sporta, za decu mla\u0111eg \u0161kolskog uzrasta korektivna gimnastika, \u0161kole sporta, glume i borila\u010dkih ve\u0161tina, za decu starijeg \u0161kolskog i srednjo\u0161kolskog uzrasta gotovo sve vrste sportova, \u017eene uz pomo\u0107 ove kartice idu na \u010dasove joge, aerobika, zumbe, mu\u0161karci na stoni tenis, a svi zajedno imaju na raspolaganju \u0161kole ra\u010dunara i \u0161kolu plesa. Ona omogu\u0107ava i besplatne specijalisti\u010dke preglede, a za penzionere \u010detiri besplatna izleta&#8230;<\/p>\n<figure>\n<div class=\"img-wrapper\"><picture><source srcset=\"https:\/\/ocdn.eu\/pulscms-transforms\/1\/SVpk9lMaHR0cDovL29jZG4uZXUvaW1hZ2VzL3B1bHNjbXMvTUdJN01EQV8vODE1M2YzNjBhOWVlNjQzMzY5NDhiNDYyYWVjYTUzNTEuanBlZ5GTAs0CQgCBAAU\" type=\"image\/webp\" \/><source srcset=\"https:\/\/ocdn.eu\/pulscms-transforms\/1\/9-2k9lMaHR0cDovL29jZG4uZXUvaW1hZ2VzL3B1bHNjbXMvTUdJN01EQV8vODE1M2YzNjBhOWVlNjQzMzY5NDhiNDYyYWVjYTUzNTEuanBlZ5GTAs0CQgCBAAE\" type=\"image\/jpeg\" \/><\/picture><\/div>\n<\/figure>\n<\/div>\n<\/div>\n","protected":false},"excerpt":{"rendered":"<p>SVILAJNAC- Jo\u0161 kad smo zimus posetili Svilajnac ne\u0161to nam se u\u010dinilo \u010dudnim. Za sobom smo ostavili snegom zatrpane beogradske ulice, a ovde su bili o\u010di\u0161\u0107eni &hellip; <\/p>\n","protected":false},"author":2,"featured_media":15060,"comment_status":"open","ping_status":"open","sticky":false,"template":"","format":"standard","meta":{"footnotes":""},"categories":[1524,2,13,887,12,1517],"tags":[665,38],"_links":{"self":[{"href":"https:\/\/centralmedia.rs\/index.php\/wp-json\/wp\/v2\/posts\/18333"}],"collection":[{"href":"https:\/\/centralmedia.rs\/index.php\/wp-json\/wp\/v2\/posts"}],"about":[{"href":"https:\/\/centralmedia.rs\/index.php\/wp-json\/wp\/v2\/types\/post"}],"author":[{"embeddable":true,"href":"https:\/\/centralmedia.rs\/index.php\/wp-json\/wp\/v2\/users\/2"}],"replies":[{"embeddable":true,"href":"https:\/\/centralmedia.rs\/index.php\/wp-json\/wp\/v2\/comments?post=18333"}],"version-history":[{"count":1,"href":"https:\/\/centralmedia.rs\/index.php\/wp-json\/wp\/v2\/posts\/18333\/revisions"}],"predecessor-version":[{"id":18334,"href":"https:\/\/centralmedia.rs\/index.php\/wp-json\/wp\/v2\/posts\/18333\/revisions\/18334"}],"wp:featuredmedia":[{"embeddable":true,"href":"https:\/\/centralmedia.rs\/index.php\/wp-json\/wp\/v2\/media\/15060"}],"wp:attachment":[{"href":"https:\/\/centralmedia.rs\/index.php\/wp-json\/wp\/v2\/media?parent=18333"}],"wp:term":[{"taxonomy":"category","embeddable":true,"href":"https:\/\/centralmedia.rs\/index.php\/wp-json\/wp\/v2\/categories?post=18333"},{"taxonomy":"post_tag","embeddable":true,"href":"https:\/\/centralmedia.rs\/index.php\/wp-json\/wp\/v2\/tags?post=18333"}],"curies":[{"name":"wp","href":"https:\/\/api.w.org\/{rel}","templated":true}]}}