{"id":18354,"date":"2019-06-12T10:38:51","date_gmt":"2019-06-12T10:38:51","guid":{"rendered":"http:\/\/centralmedia.rs\/?p=18354"},"modified":"2019-06-20T11:16:24","modified_gmt":"2019-06-20T11:16:24","slug":"milanovic-dobitnik-povelje-danasa","status":"publish","type":"post","link":"https:\/\/centralmedia.rs\/index.php\/2019\/06\/12\/milanovic-dobitnik-povelje-danasa\/","title":{"rendered":"MILANOVI\u0106 DOBITNIK POVELJE DANASA"},"content":{"rendered":"<p>SVILAJNAC- Predsednik op\u0161tine Svilajnac Predrag Milanovi\u0107, ovogodi\u0161nji je dobitnik povelje Prijatelj Danasa. Prema re\u010dima redakcije Danasa, on je svojim menad\u017eerskim duhom, uporno\u0161\u0107u i evropskim principima doprineo pozicioniranju Svilajnca kao lidera regiona u mnogo oblasti.<\/p>\n<p><img loading=\"lazy\" decoding=\"async\" class=\"alignnone wp-image-18356 size-full\" src=\"http:\/\/centralmedia.rs\/wp-content\/uploads\/2019\/06\/danas1.jpg\" alt=\"\" width=\"670\" height=\"377\" srcset=\"https:\/\/centralmedia.rs\/wp-content\/uploads\/2019\/06\/danas1.jpg 670w, https:\/\/centralmedia.rs\/wp-content\/uploads\/2019\/06\/danas1-300x169.jpg 300w, https:\/\/centralmedia.rs\/wp-content\/uploads\/2019\/06\/danas1-640x360.jpg 640w\" sizes=\"(max-width: 670px) 100vw, 670px\" \/><\/p>\n<p>\u201cMi imamo dugogodi\u0161nju saradnju sa predsednikom Milanovi\u0107em. On je \u010dovek koji je napravio jako dobre rezultate u svojoj op\u0161tini, koja je jedna od retkih gde politika nije najva\u017enija stvar u upravljanju, ve\u0107 rezultati koje je on postigao. Gospodin Milanovi\u0107 je jedan od predsednika op\u0161tina koji rado sara\u0111uje sa Danasom.\u201d \u2013 istakao je Dragoljub Dra\u017ea Petrovi\u0107, glavni i odgovorni urednik lista Danas.<\/p>\n<p>Osim Milanovi\u0107a, povelju prijatelja lista Danas su dobili i istori\u010darka Dubravka Stojanovi\u0107, arhitekta Dragoljub Baki\u0107 i glumac i reditelj Dragan Bjelogrli\u0107.<\/p>\n","protected":false},"excerpt":{"rendered":"<p>SVILAJNAC- Predsednik op\u0161tine Svilajnac Predrag Milanovi\u0107, ovogodi\u0161nji je dobitnik povelje Prijatelj Danasa. Prema re\u010dima redakcije Danasa, on je svojim menad\u017eerskim duhom, uporno\u0161\u0107u i evropskim principima &hellip; <\/p>\n","protected":false},"author":2,"featured_media":18355,"comment_status":"open","ping_status":"open","sticky":false,"template":"","format":"standard","meta":{"footnotes":""},"categories":[14,1524,2,887,12,1517],"tags":[457,3806,39],"_links":{"self":[{"href":"https:\/\/centralmedia.rs\/index.php\/wp-json\/wp\/v2\/posts\/18354"}],"collection":[{"href":"https:\/\/centralmedia.rs\/index.php\/wp-json\/wp\/v2\/posts"}],"about":[{"href":"https:\/\/centralmedia.rs\/index.php\/wp-json\/wp\/v2\/types\/post"}],"author":[{"embeddable":true,"href":"https:\/\/centralmedia.rs\/index.php\/wp-json\/wp\/v2\/users\/2"}],"replies":[{"embeddable":true,"href":"https:\/\/centralmedia.rs\/index.php\/wp-json\/wp\/v2\/comments?post=18354"}],"version-history":[{"count":1,"href":"https:\/\/centralmedia.rs\/index.php\/wp-json\/wp\/v2\/posts\/18354\/revisions"}],"predecessor-version":[{"id":18357,"href":"https:\/\/centralmedia.rs\/index.php\/wp-json\/wp\/v2\/posts\/18354\/revisions\/18357"}],"wp:featuredmedia":[{"embeddable":true,"href":"https:\/\/centralmedia.rs\/index.php\/wp-json\/wp\/v2\/media\/18355"}],"wp:attachment":[{"href":"https:\/\/centralmedia.rs\/index.php\/wp-json\/wp\/v2\/media?parent=18354"}],"wp:term":[{"taxonomy":"category","embeddable":true,"href":"https:\/\/centralmedia.rs\/index.php\/wp-json\/wp\/v2\/categories?post=18354"},{"taxonomy":"post_tag","embeddable":true,"href":"https:\/\/centralmedia.rs\/index.php\/wp-json\/wp\/v2\/tags?post=18354"}],"curies":[{"name":"wp","href":"https:\/\/api.w.org\/{rel}","templated":true}]}}