{"id":18358,"date":"2019-06-12T11:13:08","date_gmt":"2019-06-12T11:13:08","guid":{"rendered":"http:\/\/centralmedia.rs\/?p=18358"},"modified":"2019-06-12T11:13:08","modified_gmt":"2019-06-12T11:13:08","slug":"premijera-kako-su-nastale-ruzne-reci","status":"publish","type":"post","link":"https:\/\/centralmedia.rs\/index.php\/2019\/06\/12\/premijera-kako-su-nastale-ruzne-reci\/","title":{"rendered":"PREMIJERA ,,KAKO SU NASTALE RU\u017dNE RE\u010cI\u201d"},"content":{"rendered":"<p>\u0106UPRIJA- Premijera predstave za decu ,,Kako su nastale ru\u017ene re\u010di\u201d omladinske grupe \u0160kole glume sve\u010dani je zavr\u0161etak njihovog prole\u0107nog anga\u017eovanja u Ustanove culture u \u0106upriji. Ali, istovremeno, predstavlja po\u010detak \u017eivota predstave koju \u0107e imati prilike da izvedu jo\u0161 mnogo puta. Na scenama drugih pozori\u0161ta, na festivalima, na letnjoj sceni, u vrti\u0107im i \u0161kolama&#8230; Svi zajedno, stvorili su ne\u0161to \u0161to prevazilazi pojedina\u010dni trud i zalaganje svakog \u010dlana ovog projekta.<\/p>\n<div id='gallery-1' class='gallery galleryid-18358 gallery-columns-5 gallery-size-thumbnail'><figure class='gallery-item'>\n\t\t\t<div class='gallery-icon landscape'>\n\t\t\t\t<a href='https:\/\/centralmedia.rs\/index.php\/2019\/06\/12\/premijera-kako-su-nastale-ruzne-reci\/rr4\/'><img loading=\"lazy\" decoding=\"async\" width=\"150\" height=\"150\" src=\"https:\/\/centralmedia.rs\/wp-content\/uploads\/2019\/06\/rr4-150x150.jpg\" class=\"attachment-thumbnail size-thumbnail\" alt=\"\" \/><\/a>\n\t\t\t<\/div><\/figure><figure class='gallery-item'>\n\t\t\t<div class='gallery-icon landscape'>\n\t\t\t\t<a href='https:\/\/centralmedia.rs\/index.php\/2019\/06\/12\/premijera-kako-su-nastale-ruzne-reci\/r1-2\/'><img loading=\"lazy\" decoding=\"async\" width=\"150\" height=\"150\" src=\"https:\/\/centralmedia.rs\/wp-content\/uploads\/2019\/06\/r1-150x150.jpg\" class=\"attachment-thumbnail size-thumbnail\" alt=\"\" \/><\/a>\n\t\t\t<\/div><\/figure><figure class='gallery-item'>\n\t\t\t<div class='gallery-icon landscape'>\n\t\t\t\t<a href='https:\/\/centralmedia.rs\/index.php\/2019\/06\/12\/premijera-kako-su-nastale-ruzne-reci\/rr\/'><img loading=\"lazy\" decoding=\"async\" width=\"150\" height=\"150\" src=\"https:\/\/centralmedia.rs\/wp-content\/uploads\/2019\/06\/rr-150x150.jpg\" class=\"attachment-thumbnail size-thumbnail\" alt=\"\" \/><\/a>\n\t\t\t<\/div><\/figure><figure class='gallery-item'>\n\t\t\t<div class='gallery-icon landscape'>\n\t\t\t\t<a href='https:\/\/centralmedia.rs\/index.php\/2019\/06\/12\/premijera-kako-su-nastale-ruzne-reci\/rr2\/'><img loading=\"lazy\" decoding=\"async\" width=\"150\" height=\"150\" src=\"https:\/\/centralmedia.rs\/wp-content\/uploads\/2019\/06\/rr2-150x150.jpg\" class=\"attachment-thumbnail size-thumbnail\" alt=\"\" \/><\/a>\n\t\t\t<\/div><\/figure><figure class='gallery-item'>\n\t\t\t<div class='gallery-icon landscape'>\n\t\t\t\t<a href='https:\/\/centralmedia.rs\/index.php\/2019\/06\/12\/premijera-kako-su-nastale-ruzne-reci\/rr3\/'><img loading=\"lazy\" decoding=\"async\" width=\"150\" height=\"150\" src=\"https:\/\/centralmedia.rs\/wp-content\/uploads\/2019\/06\/rr3-150x150.jpg\" class=\"attachment-thumbnail size-thumbnail\" alt=\"\" \/><\/a>\n\t\t\t<\/div><\/figure>\n\t\t<\/div>\n\n","protected":false},"excerpt":{"rendered":"<p>\u0106UPRIJA- Premijera predstave za decu ,,Kako su nastale ru\u017ene re\u010di\u201d omladinske grupe \u0160kole glume sve\u010dani je zavr\u0161etak njihovog prole\u0107nog anga\u017eovanja u Ustanove culture u \u0106upriji. &hellip; <\/p>\n","protected":false},"author":2,"featured_media":18359,"comment_status":"open","ping_status":"open","sticky":false,"template":"","format":"standard","meta":{"footnotes":""},"categories":[1521,1524,2,15,23,887,12,30],"tags":[44,2843],"_links":{"self":[{"href":"https:\/\/centralmedia.rs\/index.php\/wp-json\/wp\/v2\/posts\/18358"}],"collection":[{"href":"https:\/\/centralmedia.rs\/index.php\/wp-json\/wp\/v2\/posts"}],"about":[{"href":"https:\/\/centralmedia.rs\/index.php\/wp-json\/wp\/v2\/types\/post"}],"author":[{"embeddable":true,"href":"https:\/\/centralmedia.rs\/index.php\/wp-json\/wp\/v2\/users\/2"}],"replies":[{"embeddable":true,"href":"https:\/\/centralmedia.rs\/index.php\/wp-json\/wp\/v2\/comments?post=18358"}],"version-history":[{"count":1,"href":"https:\/\/centralmedia.rs\/index.php\/wp-json\/wp\/v2\/posts\/18358\/revisions"}],"predecessor-version":[{"id":18364,"href":"https:\/\/centralmedia.rs\/index.php\/wp-json\/wp\/v2\/posts\/18358\/revisions\/18364"}],"wp:featuredmedia":[{"embeddable":true,"href":"https:\/\/centralmedia.rs\/index.php\/wp-json\/wp\/v2\/media\/18359"}],"wp:attachment":[{"href":"https:\/\/centralmedia.rs\/index.php\/wp-json\/wp\/v2\/media?parent=18358"}],"wp:term":[{"taxonomy":"category","embeddable":true,"href":"https:\/\/centralmedia.rs\/index.php\/wp-json\/wp\/v2\/categories?post=18358"},{"taxonomy":"post_tag","embeddable":true,"href":"https:\/\/centralmedia.rs\/index.php\/wp-json\/wp\/v2\/tags?post=18358"}],"curies":[{"name":"wp","href":"https:\/\/api.w.org\/{rel}","templated":true}]}}