{"id":1836,"date":"2016-01-11T11:59:35","date_gmt":"2016-01-11T11:59:35","guid":{"rendered":"http:\/\/centralmedia.rs\/?p=1836"},"modified":"2016-01-11T11:59:35","modified_gmt":"2016-01-11T11:59:35","slug":"jugovic-bice-to-razgovor-dva-prijatelja","status":"publish","type":"post","link":"https:\/\/centralmedia.rs\/index.php\/2016\/01\/11\/jugovic-bice-to-razgovor-dva-prijatelja\/","title":{"rendered":"Jugovi\u0107: Bi\u0107e to razgovor dva prijatelja"},"content":{"rendered":"<p>AUTOR DANAS<br \/>\nPotpredsednik Pokreta socijalista o predstoje\u0107em sastanku Vulina i Vu\u010di\u0107a<br \/>\nBeograd &#8211; Razlog sastanka je ja\u010danje ve\u0107 sna\u017ene saradnje. Sastanak \u0107e se odr\u017eati uskoro. To \u0107e biti razgovor dva prijatelja i u politici i van politike, obja\u0161njava za Danas potpredsednik Pokreta socijalista i jagodinski poverenik te stranke Bratislav Jugovi\u0107,odgovaraju\u0107i na pitanje za\u0161to je predsednik te partije i ministar za rad, zapo\u0161ljavanje, bora\u010dka i socijalna pitanja Aleksandar Vulin tra\u017eio sastanak sa premijerom Aleksandrom Vu\u010di\u0107em i naprednjacima, kao i da li se zna kada \u0107e biti odr\u017eani ti razgovori.<\/p>\n<p>* Da li se PS i dalje zala\u017ee za vanredne parlamentarne izbore?<\/p>\n<p>&#8211; Aleksandar Vulin nije \u010dovek koji ima jedno mi\u0161ljenje pre podne, a drugo posle podne. Vi\u0161e puta smo naglasili da se zala\u017eemo da se odr\u017ee parlamentarni izbori zajedno sa pokrajinskim i lokalnim izborima. O tome odlu\u010duje premijer Vu\u010di\u0107. Svaku njegovu odluku mi \u0107emo po\u0161tovati.<\/p>\n<p>* Kakvi su odnosi va\u0161e partije sa drugim strankama &#8220;levog predznaka&#8221; u vladaju\u0107oj koaliciji, Socijalisti\u010dkom partijom Srbije i Socijaldemokratskom partijom Srbije?<\/p>\n<p>&#8211; Na\u0161a partija \u0107e uvek sara\u0111ivati sa partijama levice, a takvih partija u Srbiji, osim Pokreta socijalista nema. U SPS-u postoji \u010dlanstvo koje je blisko idejama levice i koje simpati\u0161e druga Vulina, ali u SPS-u se ne pitaju ljudi kojima je stalo da ima vi\u0161e levice u na\u0161em dru\u0161tvu, nego im je samo va\u017eno da budu na vlasti. \u0160to se Ljaji\u0107eve partije ti\u010de, to ne bih da komentari\u0161em.<\/p>\n<p>* Kako komentari\u0161ete izdvajanje Borislava Stefanovi\u0107a iz DS i njegovu &#8220;Levicu Srbije&#8221;?<\/p>\n<p>&#8211; Odlazak Borislava Stefanovi\u0107a iz DS je pitanje za DS, a ne za mene. Nekoliko puta sam se na\u0161alio i rekao da je on bubuljica u opoziciji. Da li ste pratili od kada on sebe naziva levi\u010darem? Taj zaokret je napravio od prve Ciprasove pobede u Gr\u010dkoj. Za razliku od Borka Stefanovi\u0107a, koji se predstavlja da je ono \u0161to sasvim sigurno nije, mi smo bili godinama prijatelji Sirize i pre Ciprasove pobede koja je promenila odnose u Evropi. Borko je politi\u010dar bez budu\u0107nosti i bez identiteta. Zbog toga ne bih da ga komentari\u0161em.<\/p>\n<p>* Ima li straha u Pokretu socijalista da \u0107e Stefanovi\u0107ev pokret pridobiti deo va\u0161ih pristalica?<\/p>\n<p>&#8211; \u010clanstvo Pokreta socijalista mo\u017ee da pre\u0111e samo u partiju levice, a ve\u0107 sam vam rekao da Borko Stefanovi\u0107 i njegov pokret to nisu. \u010cinjenica je da na\u0161e \u010dlanstvo ne odlazi, nego dolazi novo. U \u010ca\u010dku se Pokretu socijalista pridru\u017eila grupa ljudi koja nikada nije bila ni u jednoj partiji. To su ljudi od integriteta. Jedan od njih je bio dve decenije uspe\u0161an privrednik. Poznat je po tome da ima trideset i tri kumstva. Zar to ne govori puno o \u010doveku? Eto, ovaj primer simbolizuje ja\u010danje na\u0161e partije. Takvih je primera mnogo u na\u0161oj partiji. Spreman sam da takvima prepustim svoju poziciju u partiji. To govori da na\u0161a partija jeste za sve, ali nije za svakoga.<\/p>\n<p>* Da li je PS jo\u0161 uvek u bliskim politi\u010dkim vezama sa gr\u010dkom Sirizom i kakav je va\u0161 stav o \u0161panskom Podemosu?<\/p>\n<p>&#8211; Na\u0161i odnosi sa Sirizom su jako dobri. U neprestanim smo kontaktima sa njihovim funkcionerima. Na\u0161u saradnju \u0107emo produbiti. Na\u0161 gradski odbor iz \u010ca\u010dka \u0107e zapo\u010deti intenzivnu saradnju sa gradskim odborom iz Soluna. O\u010dekujem da na\u0161a omladina i njihova omladina nastupe na zajedni\u010dkim akcijama. NJihovi predstavnici \u0107e do\u0107i na na\u0161 kongres. Mislim da \u0107e do\u0107i nekoliko dana pre kongresa, jer su na\u0161a dru\u017eenja i dugi razgovori o levici u Evropi neizostavni prilikom posete predstavnika Sirize Beogradu. Kada je re\u010d o Podemosu, o\u010dekujem da \u0107emo sa njima ostvariti jako dobre odnose kao \u0161to ih imamo sa Sirizom. Zalaganje za istu ideju je dobar povod za bliske odnose.<br \/>\nNajve\u0107i skup levice na Balkanu&#8221;<br \/>\n<figure id=\"attachment_1838\" aria-describedby=\"caption-attachment-1838\" style=\"width: 300px\" class=\"wp-caption alignnone\"><a href=\"https:\/\/centralmedia.rs\/wp-content\/uploads\/2016\/01\/bratislav-jugovic-sa-grckim-premijerom-ciprasom.jpg\" rel=\"attachment wp-att-1838\"><img loading=\"lazy\" decoding=\"async\" src=\"https:\/\/centralmedia.rs\/wp-content\/uploads\/2016\/01\/bratislav-jugovic-sa-grckim-premijerom-ciprasom-300x271.jpg\" alt=\"Bratislav Jugovi\u0107 sa Aleksisom Ciprasom\" width=\"300\" height=\"271\" class=\"size-medium wp-image-1838\" srcset=\"https:\/\/centralmedia.rs\/wp-content\/uploads\/2016\/01\/bratislav-jugovic-sa-grckim-premijerom-ciprasom-300x271.jpg 300w, https:\/\/centralmedia.rs\/wp-content\/uploads\/2016\/01\/bratislav-jugovic-sa-grckim-premijerom-ciprasom-768x695.jpg 768w, https:\/\/centralmedia.rs\/wp-content\/uploads\/2016\/01\/bratislav-jugovic-sa-grckim-premijerom-ciprasom-1024x926.jpg 1024w, https:\/\/centralmedia.rs\/wp-content\/uploads\/2016\/01\/bratislav-jugovic-sa-grckim-premijerom-ciprasom.jpg 1648w\" sizes=\"(max-width: 300px) 100vw, 300px\" \/><\/a><figcaption id=\"caption-attachment-1838\" class=\"wp-caption-text\">Bratislav Jugovi\u0107 sa Aleksisom Ciprasom<\/figcaption><\/figure><br \/>\n* \u0160ta \u0107e biti glavne teme na februarskom kongresu va\u0161e partije?<\/p>\n<p>&#8211; Februarski kongres Pokreta socijalista je najve\u0107i skup levice na Balkanu. Podseti\u0107emo gra\u0111ane da nas je zajedno s drugom Vulinom osnovao pokojni akademik Mihailo Markovi\u0107. Posla\u0107emo poruku da se zala\u017eemo protiv NATO integracija. Pokaza\u0107emo da nam je stalo do toga da postanemo \u010dlanica Evropske levice i da borbene levice mora biti vi\u0161e u na\u0161em dru\u0161tvu. Daleko je vi\u0161e levice u Vladi Republike Srbije nego \u0161to levica ima glasa\u010da. Istini za volju, to je Vu\u010di\u0107eva odluka.<\/p>\n","protected":false},"excerpt":{"rendered":"<p>AUTOR DANAS Potpredsednik Pokreta socijalista o predstoje\u0107em sastanku Vulina i Vu\u010di\u0107a Beograd &#8211; Razlog sastanka je ja\u010danje ve\u0107 sna\u017ene saradnje. Sastanak \u0107e se odr\u017eati uskoro. &hellip; <\/p>\n","protected":false},"author":4,"featured_media":1837,"comment_status":"open","ping_status":"open","sticky":false,"template":"","format":"standard","meta":{"footnotes":""},"categories":[2,13,12],"tags":[456,457,458,144],"_links":{"self":[{"href":"https:\/\/centralmedia.rs\/index.php\/wp-json\/wp\/v2\/posts\/1836"}],"collection":[{"href":"https:\/\/centralmedia.rs\/index.php\/wp-json\/wp\/v2\/posts"}],"about":[{"href":"https:\/\/centralmedia.rs\/index.php\/wp-json\/wp\/v2\/types\/post"}],"author":[{"embeddable":true,"href":"https:\/\/centralmedia.rs\/index.php\/wp-json\/wp\/v2\/users\/4"}],"replies":[{"embeddable":true,"href":"https:\/\/centralmedia.rs\/index.php\/wp-json\/wp\/v2\/comments?post=1836"}],"version-history":[{"count":0,"href":"https:\/\/centralmedia.rs\/index.php\/wp-json\/wp\/v2\/posts\/1836\/revisions"}],"wp:featuredmedia":[{"embeddable":true,"href":"https:\/\/centralmedia.rs\/index.php\/wp-json\/wp\/v2\/media\/1837"}],"wp:attachment":[{"href":"https:\/\/centralmedia.rs\/index.php\/wp-json\/wp\/v2\/media?parent=1836"}],"wp:term":[{"taxonomy":"category","embeddable":true,"href":"https:\/\/centralmedia.rs\/index.php\/wp-json\/wp\/v2\/categories?post=1836"},{"taxonomy":"post_tag","embeddable":true,"href":"https:\/\/centralmedia.rs\/index.php\/wp-json\/wp\/v2\/tags?post=1836"}],"curies":[{"name":"wp","href":"https:\/\/api.w.org\/{rel}","templated":true}]}}