{"id":18365,"date":"2019-06-12T12:33:55","date_gmt":"2019-06-12T12:33:55","guid":{"rendered":"http:\/\/centralmedia.rs\/?p=18365"},"modified":"2019-06-20T11:16:13","modified_gmt":"2019-06-20T11:16:13","slug":"premijerni-ravanelius-u-cupriji","status":"publish","type":"post","link":"https:\/\/centralmedia.rs\/index.php\/2019\/06\/12\/premijerni-ravanelius-u-cupriji\/","title":{"rendered":"PREMIJERNI RAVANELIUS U \u0106UPRIJI"},"content":{"rendered":"<p>\u0106UPRIJA- \u00a0Festival muzi\u010dke izuzetnosti Ravanelius bi\u0107e odr\u017ean u \u0106upriji od 4. do 6. Jula.<\/p>\n<p>-Sa zajedni\u010dkim ciljem da se lokalnoj publici ponudi kvalitetan muzi\u010dki sadr\u017eaj, da se promovi\u0161e rad \u0160kole za muzi\u010dke talente i afirmi\u0161u njeni u\u010denici, da se uspostavi stabilna osnova za kulturno-umetni\u010dku edukaciju mlade publike, \u00a0kao i da se op\u0161tina \u0106uprija izdvoji kao jedinstvena sredina koja neguje razvoj talenata, Festival <em>Ravanelius<\/em> organizuju Ustanova kulture \u0106uprija i \u0160kola za muzi\u010dke talente uz podr\u0161ku Op\u0161tine \u0106uprija, saop\u0161teno je iz Ustanove kulture u tom gradu .<\/p>\n<p>U petak \u0107e biti objavljen program premijernog \u00a0Ravaneliusa i najavljeni umetnici &#8211; muzi\u010dki izvo\u0111a\u010di koji \u0107e nastupati u toku tri dana festivala.<\/p>\n","protected":false},"excerpt":{"rendered":"<p>\u0106UPRIJA- \u00a0Festival muzi\u010dke izuzetnosti Ravanelius bi\u0107e odr\u017ean u \u0106upriji od 4. do 6. Jula. -Sa zajedni\u010dkim ciljem da se lokalnoj publici ponudi kvalitetan muzi\u010dki sadr\u017eaj, &hellip; <\/p>\n","protected":false},"author":2,"featured_media":18366,"comment_status":"open","ping_status":"open","sticky":false,"template":"","format":"standard","meta":{"footnotes":""},"categories":[1515,1524,2,15,887,12],"tags":[44,3807],"_links":{"self":[{"href":"https:\/\/centralmedia.rs\/index.php\/wp-json\/wp\/v2\/posts\/18365"}],"collection":[{"href":"https:\/\/centralmedia.rs\/index.php\/wp-json\/wp\/v2\/posts"}],"about":[{"href":"https:\/\/centralmedia.rs\/index.php\/wp-json\/wp\/v2\/types\/post"}],"author":[{"embeddable":true,"href":"https:\/\/centralmedia.rs\/index.php\/wp-json\/wp\/v2\/users\/2"}],"replies":[{"embeddable":true,"href":"https:\/\/centralmedia.rs\/index.php\/wp-json\/wp\/v2\/comments?post=18365"}],"version-history":[{"count":2,"href":"https:\/\/centralmedia.rs\/index.php\/wp-json\/wp\/v2\/posts\/18365\/revisions"}],"predecessor-version":[{"id":18368,"href":"https:\/\/centralmedia.rs\/index.php\/wp-json\/wp\/v2\/posts\/18365\/revisions\/18368"}],"wp:featuredmedia":[{"embeddable":true,"href":"https:\/\/centralmedia.rs\/index.php\/wp-json\/wp\/v2\/media\/18366"}],"wp:attachment":[{"href":"https:\/\/centralmedia.rs\/index.php\/wp-json\/wp\/v2\/media?parent=18365"}],"wp:term":[{"taxonomy":"category","embeddable":true,"href":"https:\/\/centralmedia.rs\/index.php\/wp-json\/wp\/v2\/categories?post=18365"},{"taxonomy":"post_tag","embeddable":true,"href":"https:\/\/centralmedia.rs\/index.php\/wp-json\/wp\/v2\/tags?post=18365"}],"curies":[{"name":"wp","href":"https:\/\/api.w.org\/{rel}","templated":true}]}}