{"id":18376,"date":"2019-06-12T13:20:06","date_gmt":"2019-06-12T13:20:06","guid":{"rendered":"http:\/\/centralmedia.rs\/?p=18376"},"modified":"2019-06-20T11:15:54","modified_gmt":"2019-06-20T11:15:54","slug":"turisticka-radionica-u-cupriji","status":"publish","type":"post","link":"https:\/\/centralmedia.rs\/index.php\/2019\/06\/12\/turisticka-radionica-u-cupriji\/","title":{"rendered":"TURISTI\u010cKA RADIONICA U \u0106UPRIJI"},"content":{"rendered":"<p>\u0106UPRIJA- U \u0106upriji je organizovana 6. Regionalna radionica u\u010desnika u razvoju turizma \u0160umadije i Pomoravlja. Re\u010d je o projektu ,,Integrisane strategije razvoja sporog, zelenog i zdravog turizma\u201d. U\u010desnici su posle radionice posetili manastiru Ravanica i upoznali se sa kulturno-istorijskim nasle\u0111em op\u0161tine \u0106uprija.<\/p>\n<div id='gallery-1' class='gallery galleryid-18376 gallery-columns-3 gallery-size-full'><figure class='gallery-item'>\n\t\t\t<div class='gallery-icon landscape'>\n\t\t\t\t<a href='https:\/\/centralmedia.rs\/index.php\/2019\/06\/12\/turisticka-radionica-u-cupriji\/cuprija-6\/'><img loading=\"lazy\" decoding=\"async\" width=\"960\" height=\"542\" src=\"https:\/\/centralmedia.rs\/wp-content\/uploads\/2019\/06\/cuprija.jpg\" class=\"attachment-full size-full\" alt=\"\" srcset=\"https:\/\/centralmedia.rs\/wp-content\/uploads\/2019\/06\/cuprija.jpg 960w, https:\/\/centralmedia.rs\/wp-content\/uploads\/2019\/06\/cuprija-300x169.jpg 300w, https:\/\/centralmedia.rs\/wp-content\/uploads\/2019\/06\/cuprija-768x434.jpg 768w, https:\/\/centralmedia.rs\/wp-content\/uploads\/2019\/06\/cuprija-744x420.jpg 744w, https:\/\/centralmedia.rs\/wp-content\/uploads\/2019\/06\/cuprija-640x361.jpg 640w, https:\/\/centralmedia.rs\/wp-content\/uploads\/2019\/06\/cuprija-681x384.jpg 681w\" sizes=\"(max-width: 960px) 100vw, 960px\" \/><\/a>\n\t\t\t<\/div><\/figure><figure class='gallery-item'>\n\t\t\t<div class='gallery-icon landscape'>\n\t\t\t\t<a href='https:\/\/centralmedia.rs\/index.php\/2019\/06\/12\/turisticka-radionica-u-cupriji\/to-cuprij1\/'><img loading=\"lazy\" decoding=\"async\" width=\"960\" height=\"642\" src=\"https:\/\/centralmedia.rs\/wp-content\/uploads\/2019\/06\/to-cuprij1.jpg\" class=\"attachment-full size-full\" alt=\"\" srcset=\"https:\/\/centralmedia.rs\/wp-content\/uploads\/2019\/06\/to-cuprij1.jpg 960w, https:\/\/centralmedia.rs\/wp-content\/uploads\/2019\/06\/to-cuprij1-300x201.jpg 300w, https:\/\/centralmedia.rs\/wp-content\/uploads\/2019\/06\/to-cuprij1-768x514.jpg 768w, https:\/\/centralmedia.rs\/wp-content\/uploads\/2019\/06\/to-cuprij1-628x420.jpg 628w, https:\/\/centralmedia.rs\/wp-content\/uploads\/2019\/06\/to-cuprij1-537x360.jpg 537w, https:\/\/centralmedia.rs\/wp-content\/uploads\/2019\/06\/to-cuprij1-640x428.jpg 640w, https:\/\/centralmedia.rs\/wp-content\/uploads\/2019\/06\/to-cuprij1-681x455.jpg 681w\" sizes=\"(max-width: 960px) 100vw, 960px\" \/><\/a>\n\t\t\t<\/div><\/figure><figure class='gallery-item'>\n\t\t\t<div class='gallery-icon landscape'>\n\t\t\t\t<a href='https:\/\/centralmedia.rs\/index.php\/2019\/06\/12\/turisticka-radionica-u-cupriji\/to-cuprija\/'><img loading=\"lazy\" decoding=\"async\" width=\"960\" height=\"542\" src=\"https:\/\/centralmedia.rs\/wp-content\/uploads\/2019\/06\/to-cuprija.jpg\" class=\"attachment-full size-full\" alt=\"\" srcset=\"https:\/\/centralmedia.rs\/wp-content\/uploads\/2019\/06\/to-cuprija.jpg 960w, https:\/\/centralmedia.rs\/wp-content\/uploads\/2019\/06\/to-cuprija-300x169.jpg 300w, https:\/\/centralmedia.rs\/wp-content\/uploads\/2019\/06\/to-cuprija-768x434.jpg 768w, https:\/\/centralmedia.rs\/wp-content\/uploads\/2019\/06\/to-cuprija-744x420.jpg 744w, https:\/\/centralmedia.rs\/wp-content\/uploads\/2019\/06\/to-cuprija-640x361.jpg 640w, https:\/\/centralmedia.rs\/wp-content\/uploads\/2019\/06\/to-cuprija-681x384.jpg 681w\" sizes=\"(max-width: 960px) 100vw, 960px\" \/><\/a>\n\t\t\t<\/div><\/figure>\n\t\t<\/div>\n\n","protected":false},"excerpt":{"rendered":"<p>\u0106UPRIJA- U \u0106upriji je organizovana 6. Regionalna radionica u\u010desnika u razvoju turizma \u0160umadije i Pomoravlja. Re\u010d je o projektu ,,Integrisane strategije razvoja sporog, zelenog i &hellip; <\/p>\n","protected":false},"author":2,"featured_media":18377,"comment_status":"open","ping_status":"open","sticky":false,"template":"","format":"standard","meta":{"footnotes":""},"categories":[1515,1524,2,23,887,3054],"tags":[44,65],"_links":{"self":[{"href":"https:\/\/centralmedia.rs\/index.php\/wp-json\/wp\/v2\/posts\/18376"}],"collection":[{"href":"https:\/\/centralmedia.rs\/index.php\/wp-json\/wp\/v2\/posts"}],"about":[{"href":"https:\/\/centralmedia.rs\/index.php\/wp-json\/wp\/v2\/types\/post"}],"author":[{"embeddable":true,"href":"https:\/\/centralmedia.rs\/index.php\/wp-json\/wp\/v2\/users\/2"}],"replies":[{"embeddable":true,"href":"https:\/\/centralmedia.rs\/index.php\/wp-json\/wp\/v2\/comments?post=18376"}],"version-history":[{"count":1,"href":"https:\/\/centralmedia.rs\/index.php\/wp-json\/wp\/v2\/posts\/18376\/revisions"}],"predecessor-version":[{"id":18380,"href":"https:\/\/centralmedia.rs\/index.php\/wp-json\/wp\/v2\/posts\/18376\/revisions\/18380"}],"wp:featuredmedia":[{"embeddable":true,"href":"https:\/\/centralmedia.rs\/index.php\/wp-json\/wp\/v2\/media\/18377"}],"wp:attachment":[{"href":"https:\/\/centralmedia.rs\/index.php\/wp-json\/wp\/v2\/media?parent=18376"}],"wp:term":[{"taxonomy":"category","embeddable":true,"href":"https:\/\/centralmedia.rs\/index.php\/wp-json\/wp\/v2\/categories?post=18376"},{"taxonomy":"post_tag","embeddable":true,"href":"https:\/\/centralmedia.rs\/index.php\/wp-json\/wp\/v2\/tags?post=18376"}],"curies":[{"name":"wp","href":"https:\/\/api.w.org\/{rel}","templated":true}]}}