{"id":18397,"date":"2019-06-13T14:45:46","date_gmt":"2019-06-13T14:45:46","guid":{"rendered":"http:\/\/centralmedia.rs\/?p=18397"},"modified":"2019-06-20T11:15:15","modified_gmt":"2019-06-20T11:15:15","slug":"palma-predlozio-palma-grcima-da-gradani-srbije-kao-stalni-turisti-imaju-popust-u-hotelima-i-apartmanima-u-grckoj","status":"publish","type":"post","link":"https:\/\/centralmedia.rs\/index.php\/2019\/06\/13\/palma-predlozio-palma-grcima-da-gradani-srbije-kao-stalni-turisti-imaju-popust-u-hotelima-i-apartmanima-u-grckoj\/","title":{"rendered":"PALMA PREDLO\u017dIO:  GRCIMA DA GRA\u0110ANI SRBIJE KAO STALNI TURISTI IMAJU POPUST U HOTELIMA I APARTMANIMA U GR\u010cKOJ"},"content":{"rendered":"<p>Predsednik Jedinstvene Srbije i po\u010dasni konzul Gr\u010dke u Srbiji Dragan Markovi\u0107 Palma, razgovarao je u Solunu sa gr\u010dkom ministarskom za Makedoniju i Trakiju Lefterije Had\u017eigeorgiju i \u0161efom Biroa ministarstva spoljnih poslova Gr\u010dke Janisom Vikelidisom.<\/p>\n<p style=\"font-weight: 400;\">\u201eU dana\u0161njim razgovorima istakli smo da je od posebnog zna\u010daja da se zajedno i Srbija i Gr\u010dka borimo da me\u0111unarodna zajednica ubedi kosovske Albance da povuku takse, jer je i Gr\u010dka potpisnik CEFTA sporazuma, \u201eOno \u0161to je od posebnog zna\u010daja je da se zajedno i Srbija i Gr\u010dka borimo da me\u0111unarodna zajednica ubedi kosovske Albance da povuku takse, jer je i Gr\u010dka potpisnik CEFTA sporazuma, a takse od 100 posto koje su uvedene Srbiji su mimo svih akata i sporazuma. Mi o\u010dekujemo da u narednom vremenskom periodu velike evropske dr\u017eave izvr\u0161e pritisak na kosovske Albance, ali ne u formalnom smislu, ve\u0107 da izvr\u0161e pritisak da kosovski Albanci konkretno ukinu ono \u0161to ne postoji ni u jednom aktu, \u0161to nigde nije potpisano, a to su takse zbog kojih Srbija ima veliku \u0161tetu u stotinama miliona evra i tako\u0111e da po\u0161tuju ono \u0161to su potpisali u Briselskom sporazumu. Od Srbije se tra\u017ei da se vrati u dijalog i svi dobro znaju \u0161ta Albanci treba da urade da bi se dijalog nastavio\u201c rekao je predsednik Jedinstvene Srbije Dragan Makovi\u0107 Palma.\u00a0\u201eOno \u0161to je va\u017ena tema u ovom vremenskom periodu je i turizam. Poznato je i da sve ve\u0107i broj gra\u0111ana Srbije ide na more u Gr\u010dku i ja sam zamolio ministarku Had\u017eigeorgiju da vidimo sa vlasnicima hotela u Gr\u010dkoj gde gra\u0111ani Srbije dolaze vi\u0161e godina, u isti hotel, u isto mesto i grad, da imaju i popust. Ako jedna srpska porodica dolazi od 3 do 10 godina u isto mesto, treba da ima i privilegiju i da cena za tu porodicu bude od 15 do 20 posto ni\u017ea. Na taj na\u010din bi se pove\u0107ao broj turista iz Srbije i imala bi Gr\u010dka koristi od toga, a i gra\u0111ani Srbije koji dolaze u Gr\u010dku. Sada se u Gr\u010dku, nakon \u0161to je zavr\u0161en autoput kroz Grdeli\u010dku klisuru i autoput kroz Severnu Makedoniju, sti\u017ee mnogo br\u017ee nego pre. Gr\u010dka podr\u017eava Srbiju na evropskom putu, nije priznala nezavisnost takozvanog Kosova, glasala je protiv ulaska takozvanog Kosova u UNESKO i INTERPOL i mo\u017eemo da konstatujemo da je Gr\u010dka bratsko \u2013 prijateljska dr\u017eava Srbiji, koja sara\u0111uje sa na\u0161om zemljom i Srbija to ne mo\u017ee da zaboravi. Razgovarali smo i o ekonomskoj saradnji, da se pove\u0107a saradnja izme\u0111u gr\u010dkih i srpskih privrednika. Posebno je va\u017eno da je Gr\u010dka postala stabilna zemlja za investitore i sada veliki broj investitora je po\u010deo da kupuje nekretnine, da pravi hotele i fabrike u Gr\u010dkoj, \u0161to nije bio slu\u010daj ranijih godina\u201c, poru\u010dio je predsednik Jedinstvene Srbije.<\/p>\n<p style=\"font-weight: 400;\">Gr\u010dka ministarka za Makedoniju i Trakiju Lefterije Had\u017eigeorgiju izjaila je da je Markovi\u0107ev predlog o popustu za gra\u0111ane Srbije koji letuju u Gr\u010dkoj dobar. On je tako\u0111e rekla da \u0107e Gr\u010dka nastaviti da podr\u017eava Srbiju na evropskom putu i istakla da predsednik Srbije Aleksandar Vu\u010di\u0107 i gr\u010dki premijer Aleksis Cipras imaju veoma dobru saradnju.<\/p>\n<p style=\"font-weight: 400;\">U srpskoj delegaciji su i na\u010delnik Pomoravskog okruga Goran Milosavljevi\u0107 i predsednik Gradskog odbora Srpske napredne stranke u Jagodini Nikola Radosavljevi\u0107.<\/p>\n","protected":false},"excerpt":{"rendered":"<p>Predsednik Jedinstvene Srbije i po\u010dasni konzul Gr\u010dke u Srbiji Dragan Markovi\u0107 Palma, razgovarao je u Solunu sa gr\u010dkom ministarskom za Makedoniju i Trakiju Lefterije Had\u017eigeorgiju &hellip; <\/p>\n","protected":false},"author":2,"featured_media":18398,"comment_status":"open","ping_status":"open","sticky":false,"template":"","format":"standard","meta":{"footnotes":""},"categories":[1524,2,1514,13,12],"tags":[842,3195,120,841],"_links":{"self":[{"href":"https:\/\/centralmedia.rs\/index.php\/wp-json\/wp\/v2\/posts\/18397"}],"collection":[{"href":"https:\/\/centralmedia.rs\/index.php\/wp-json\/wp\/v2\/posts"}],"about":[{"href":"https:\/\/centralmedia.rs\/index.php\/wp-json\/wp\/v2\/types\/post"}],"author":[{"embeddable":true,"href":"https:\/\/centralmedia.rs\/index.php\/wp-json\/wp\/v2\/users\/2"}],"replies":[{"embeddable":true,"href":"https:\/\/centralmedia.rs\/index.php\/wp-json\/wp\/v2\/comments?post=18397"}],"version-history":[{"count":2,"href":"https:\/\/centralmedia.rs\/index.php\/wp-json\/wp\/v2\/posts\/18397\/revisions"}],"predecessor-version":[{"id":18421,"href":"https:\/\/centralmedia.rs\/index.php\/wp-json\/wp\/v2\/posts\/18397\/revisions\/18421"}],"wp:featuredmedia":[{"embeddable":true,"href":"https:\/\/centralmedia.rs\/index.php\/wp-json\/wp\/v2\/media\/18398"}],"wp:attachment":[{"href":"https:\/\/centralmedia.rs\/index.php\/wp-json\/wp\/v2\/media?parent=18397"}],"wp:term":[{"taxonomy":"category","embeddable":true,"href":"https:\/\/centralmedia.rs\/index.php\/wp-json\/wp\/v2\/categories?post=18397"},{"taxonomy":"post_tag","embeddable":true,"href":"https:\/\/centralmedia.rs\/index.php\/wp-json\/wp\/v2\/tags?post=18397"}],"curies":[{"name":"wp","href":"https:\/\/api.w.org\/{rel}","templated":true}]}}