{"id":18402,"date":"2019-06-13T15:22:17","date_gmt":"2019-06-13T15:22:17","guid":{"rendered":"http:\/\/centralmedia.rs\/?p=18402"},"modified":"2019-06-13T15:24:06","modified_gmt":"2019-06-13T15:24:06","slug":"paracinski-likovni-umetnici-na-festivalu-u-minsku","status":"publish","type":"post","link":"https:\/\/centralmedia.rs\/index.php\/2019\/06\/13\/paracinski-likovni-umetnici-na-festivalu-u-minsku\/","title":{"rendered":"PARA\u0106INSKI LIKOVNI UMETNICI NA FESTIVALU U MINSKU"},"content":{"rendered":"<p>MINSK- Od 29.maja do 30.juna, u Beloruskoj prestonici Minsk odr\u017ean je Festival likovnog stvarala\u0161tva, \u010diji su pokrovitelji Minska i Belorusija. U sklopu ovih mesec dana predstavljeno 17 umetni\u010dkih projekata od kojih je 4.juna u galeriji ART HAOS otvorena izlo\u017eba 8 srpskih stvaralaca pod nazivom \u201eO\u010dima Srpskog Iskustva\u201c.<\/p>\n<div id='gallery-1' class='gallery galleryid-18402 gallery-columns-5 gallery-size-thumbnail'><figure class='gallery-item'>\n\t\t\t<div class='gallery-icon landscape'>\n\t\t\t\t<a href='https:\/\/centralmedia.rs\/index.php\/2019\/06\/13\/paracinski-likovni-umetnici-na-festivalu-u-minsku\/img_2383\/'><img loading=\"lazy\" decoding=\"async\" width=\"150\" height=\"150\" src=\"https:\/\/centralmedia.rs\/wp-content\/uploads\/2019\/06\/IMG_2383-150x150.jpg\" class=\"attachment-thumbnail size-thumbnail\" alt=\"\" \/><\/a>\n\t\t\t<\/div><\/figure><figure class='gallery-item'>\n\t\t\t<div class='gallery-icon portrait'>\n\t\t\t\t<a href='https:\/\/centralmedia.rs\/index.php\/2019\/06\/13\/paracinski-likovni-umetnici-na-festivalu-u-minsku\/img_2402\/'><img loading=\"lazy\" decoding=\"async\" width=\"150\" height=\"150\" src=\"https:\/\/centralmedia.rs\/wp-content\/uploads\/2019\/06\/IMG_2402-150x150.jpg\" class=\"attachment-thumbnail size-thumbnail\" alt=\"\" \/><\/a>\n\t\t\t<\/div><\/figure><figure class='gallery-item'>\n\t\t\t<div class='gallery-icon portrait'>\n\t\t\t\t<a href='https:\/\/centralmedia.rs\/index.php\/2019\/06\/13\/paracinski-likovni-umetnici-na-festivalu-u-minsku\/img_e1873\/'><img loading=\"lazy\" decoding=\"async\" width=\"150\" height=\"150\" src=\"https:\/\/centralmedia.rs\/wp-content\/uploads\/2019\/06\/IMG_E1873-150x150.jpg\" class=\"attachment-thumbnail size-thumbnail\" alt=\"\" \/><\/a>\n\t\t\t<\/div><\/figure><figure class='gallery-item'>\n\t\t\t<div class='gallery-icon portrait'>\n\t\t\t\t<a href='https:\/\/centralmedia.rs\/index.php\/2019\/06\/13\/paracinski-likovni-umetnici-na-festivalu-u-minsku\/kfqt2932\/'><img loading=\"lazy\" decoding=\"async\" width=\"150\" height=\"150\" src=\"https:\/\/centralmedia.rs\/wp-content\/uploads\/2019\/06\/KFQT2932-150x150.jpg\" class=\"attachment-thumbnail size-thumbnail\" alt=\"\" srcset=\"https:\/\/centralmedia.rs\/wp-content\/uploads\/2019\/06\/KFQT2932-150x150.jpg 150w, https:\/\/centralmedia.rs\/wp-content\/uploads\/2019\/06\/KFQT2932-298x300.jpg 298w, https:\/\/centralmedia.rs\/wp-content\/uploads\/2019\/06\/KFQT2932-768x772.jpg 768w, https:\/\/centralmedia.rs\/wp-content\/uploads\/2019\/06\/KFQT2932-1019x1024.jpg 1019w, https:\/\/centralmedia.rs\/wp-content\/uploads\/2019\/06\/KFQT2932-418x420.jpg 418w, https:\/\/centralmedia.rs\/wp-content\/uploads\/2019\/06\/KFQT2932-640x643.jpg 640w, https:\/\/centralmedia.rs\/wp-content\/uploads\/2019\/06\/KFQT2932-681x685.jpg 681w\" sizes=\"(max-width: 150px) 100vw, 150px\" \/><\/a>\n\t\t\t<\/div><\/figure><figure class='gallery-item'>\n\t\t\t<div class='gallery-icon landscape'>\n\t\t\t\t<a href='https:\/\/centralmedia.rs\/index.php\/2019\/06\/13\/paracinski-likovni-umetnici-na-festivalu-u-minsku\/mzpk2549\/'><img loading=\"lazy\" decoding=\"async\" width=\"150\" height=\"150\" src=\"https:\/\/centralmedia.rs\/wp-content\/uploads\/2019\/06\/MZPK2549-150x150.jpg\" class=\"attachment-thumbnail size-thumbnail\" alt=\"\" srcset=\"https:\/\/centralmedia.rs\/wp-content\/uploads\/2019\/06\/MZPK2549-150x150.jpg 150w, https:\/\/centralmedia.rs\/wp-content\/uploads\/2019\/06\/MZPK2549-300x300.jpg 300w, https:\/\/centralmedia.rs\/wp-content\/uploads\/2019\/06\/MZPK2549-768x768.jpg 768w, https:\/\/centralmedia.rs\/wp-content\/uploads\/2019\/06\/MZPK2549-1024x1024.jpg 1024w, https:\/\/centralmedia.rs\/wp-content\/uploads\/2019\/06\/MZPK2549-420x420.jpg 420w, https:\/\/centralmedia.rs\/wp-content\/uploads\/2019\/06\/MZPK2549-640x640.jpg 640w, https:\/\/centralmedia.rs\/wp-content\/uploads\/2019\/06\/MZPK2549-681x681.jpg 681w, https:\/\/centralmedia.rs\/wp-content\/uploads\/2019\/06\/MZPK2549.jpg 1772w\" sizes=\"(max-width: 150px) 100vw, 150px\" \/><\/a>\n\t\t\t<\/div><\/figure>\n\t\t<\/div>\n\n<p>Minskoj publici, predstavili su se sa svojim radovima: Olivera Kari\u0107 Nedeljkovi\u0107, Miroslav Lazovi\u0107 Lazal, Bisenija Tere\u0161\u010denko, Bojan Ota\u0161evi\u0107, Zoran Graovac, Temjan, Zoran i Vasilisa Ivanovi\u0107.<\/p>\n<p>Izlo\u017ebu su otvorili Aleksandr Zinkevi\u010d, direktor festivala i Lilia Luka\u0161enko, direktorica galerije Art Haos. Cilj ovog projekta, kako je bilo re\u010deno na samom otvaranju, je da se Belorusija priklju\u010di evropskom kulturnom procesu, a samim tim i da se zajedni\u0161tvo dva naroda, Belorusa i Srba, pored politi\u010dke i ekonomske saradnje, sada i kulturno ostvari.<\/p>\n<div id='gallery-2' class='gallery galleryid-18402 gallery-columns-4 gallery-size-thumbnail'><figure class='gallery-item'>\n\t\t\t<div class='gallery-icon landscape'>\n\t\t\t\t<a href='https:\/\/centralmedia.rs\/index.php\/2019\/06\/13\/paracinski-likovni-umetnici-na-festivalu-u-minsku\/scbt6818\/'><img loading=\"lazy\" decoding=\"async\" width=\"150\" height=\"150\" src=\"https:\/\/centralmedia.rs\/wp-content\/uploads\/2019\/06\/SCBT6818-150x150.jpg\" class=\"attachment-thumbnail size-thumbnail\" alt=\"\" \/><\/a>\n\t\t\t<\/div><\/figure><figure class='gallery-item'>\n\t\t\t<div class='gallery-icon portrait'>\n\t\t\t\t<a href='https:\/\/centralmedia.rs\/index.php\/2019\/06\/13\/paracinski-likovni-umetnici-na-festivalu-u-minsku\/uwre5975\/'><img loading=\"lazy\" decoding=\"async\" width=\"150\" height=\"150\" src=\"https:\/\/centralmedia.rs\/wp-content\/uploads\/2019\/06\/UWRE5975-150x150.jpg\" class=\"attachment-thumbnail size-thumbnail\" alt=\"\" \/><\/a>\n\t\t\t<\/div><\/figure><figure class='gallery-item'>\n\t\t\t<div class='gallery-icon landscape'>\n\t\t\t\t<a href='https:\/\/centralmedia.rs\/index.php\/2019\/06\/13\/paracinski-likovni-umetnici-na-festivalu-u-minsku\/xoji3612\/'><img loading=\"lazy\" decoding=\"async\" width=\"150\" height=\"150\" src=\"https:\/\/centralmedia.rs\/wp-content\/uploads\/2019\/06\/XOJI3612-150x150.jpg\" class=\"attachment-thumbnail size-thumbnail\" alt=\"\" srcset=\"https:\/\/centralmedia.rs\/wp-content\/uploads\/2019\/06\/XOJI3612-150x150.jpg 150w, https:\/\/centralmedia.rs\/wp-content\/uploads\/2019\/06\/XOJI3612-300x300.jpg 300w, https:\/\/centralmedia.rs\/wp-content\/uploads\/2019\/06\/XOJI3612-768x768.jpg 768w, https:\/\/centralmedia.rs\/wp-content\/uploads\/2019\/06\/XOJI3612-1024x1024.jpg 1024w, https:\/\/centralmedia.rs\/wp-content\/uploads\/2019\/06\/XOJI3612-420x420.jpg 420w, https:\/\/centralmedia.rs\/wp-content\/uploads\/2019\/06\/XOJI3612-640x640.jpg 640w, https:\/\/centralmedia.rs\/wp-content\/uploads\/2019\/06\/XOJI3612-681x681.jpg 681w, https:\/\/centralmedia.rs\/wp-content\/uploads\/2019\/06\/XOJI3612.jpg 1772w\" sizes=\"(max-width: 150px) 100vw, 150px\" \/><\/a>\n\t\t\t<\/div><\/figure><figure class='gallery-item'>\n\t\t\t<div class='gallery-icon landscape'>\n\t\t\t\t<a href='https:\/\/centralmedia.rs\/index.php\/2019\/06\/13\/paracinski-likovni-umetnici-na-festivalu-u-minsku\/yafc5907\/'><img loading=\"lazy\" decoding=\"async\" width=\"150\" height=\"150\" src=\"https:\/\/centralmedia.rs\/wp-content\/uploads\/2019\/06\/YAFC5907-150x150.jpg\" class=\"attachment-thumbnail size-thumbnail\" alt=\"\" srcset=\"https:\/\/centralmedia.rs\/wp-content\/uploads\/2019\/06\/YAFC5907-150x150.jpg 150w, https:\/\/centralmedia.rs\/wp-content\/uploads\/2019\/06\/YAFC5907-300x300.jpg 300w, https:\/\/centralmedia.rs\/wp-content\/uploads\/2019\/06\/YAFC5907-768x768.jpg 768w, https:\/\/centralmedia.rs\/wp-content\/uploads\/2019\/06\/YAFC5907-1024x1024.jpg 1024w, https:\/\/centralmedia.rs\/wp-content\/uploads\/2019\/06\/YAFC5907-420x420.jpg 420w, https:\/\/centralmedia.rs\/wp-content\/uploads\/2019\/06\/YAFC5907-640x640.jpg 640w, https:\/\/centralmedia.rs\/wp-content\/uploads\/2019\/06\/YAFC5907-681x681.jpg 681w, https:\/\/centralmedia.rs\/wp-content\/uploads\/2019\/06\/YAFC5907.jpg 1772w\" sizes=\"(max-width: 150px) 100vw, 150px\" \/><\/a>\n\t\t\t<\/div><\/figure>\n\t\t<\/div>\n\n<p>Tako\u0111e, jedan od pokrovitelja ovog festivala umetnosti \u201eMINSK 2019.\u201c, su Gazprom i Belgazprom banka.<\/p>\n<p>\u201eJo\u0161 uvek smo pod utiscima ovog divnog i \u010distog grada koji je prepun parkova, nove gradnje, pitomih i lepih ljudi, kao i velikih umetni\u010dkih akademija i muzeja. Za vreme boravka u beloruskoj prestonici, na\u0161i doma\u0107ini su bili Milanka i Bogoljub Kari\u0107 zajedno sa svojom velikom porodicom. Njihova srda\u010dna gostoljubivost, u\u010dinila je da se ose\u0107amo zaista kao u bratskoj zemlji. Tako\u0111e smo bili u prilici da pored grada i manastira, obi\u0111emo i Nacionalni muzej kao i njihovu Likovnu akademiju. Nosim najlep\u0161e utiske iz Minska, \u010diji je mentalitet ljudi dosta sli\u010dan na\u0161em i\u00a0 njinov jezik je za mene bio gotovo razumljiv.<\/p>\n<p>Ono \u0161to je tako\u0111e obradovalo moje kolege sa kojima sam izlagala, je sam odaziv beloruske publike za ovu izlo\u017ebu i uop\u0161te taj kult za tradicionalnu umetnost koju ova vanredna nacija neguje i gaji, ka\u017ee Vasilisa Ivanovi\u0107.<\/p>\n","protected":false},"excerpt":{"rendered":"<p>MINSK- Od 29.maja do 30.juna, u Beloruskoj prestonici Minsk odr\u017ean je Festival likovnog stvarala\u0161tva, \u010diji su pokrovitelji Minska i Belorusija. U sklopu ovih mesec dana &hellip; <\/p>\n","protected":false},"author":2,"featured_media":18403,"comment_status":"open","ping_status":"open","sticky":false,"template":"","format":"standard","meta":{"footnotes":""},"categories":[1524,2,15,1516,887,12],"tags":[3814,3813,3812],"_links":{"self":[{"href":"https:\/\/centralmedia.rs\/index.php\/wp-json\/wp\/v2\/posts\/18402"}],"collection":[{"href":"https:\/\/centralmedia.rs\/index.php\/wp-json\/wp\/v2\/posts"}],"about":[{"href":"https:\/\/centralmedia.rs\/index.php\/wp-json\/wp\/v2\/types\/post"}],"author":[{"embeddable":true,"href":"https:\/\/centralmedia.rs\/index.php\/wp-json\/wp\/v2\/users\/2"}],"replies":[{"embeddable":true,"href":"https:\/\/centralmedia.rs\/index.php\/wp-json\/wp\/v2\/comments?post=18402"}],"version-history":[{"count":1,"href":"https:\/\/centralmedia.rs\/index.php\/wp-json\/wp\/v2\/posts\/18402\/revisions"}],"predecessor-version":[{"id":18412,"href":"https:\/\/centralmedia.rs\/index.php\/wp-json\/wp\/v2\/posts\/18402\/revisions\/18412"}],"wp:featuredmedia":[{"embeddable":true,"href":"https:\/\/centralmedia.rs\/index.php\/wp-json\/wp\/v2\/media\/18403"}],"wp:attachment":[{"href":"https:\/\/centralmedia.rs\/index.php\/wp-json\/wp\/v2\/media?parent=18402"}],"wp:term":[{"taxonomy":"category","embeddable":true,"href":"https:\/\/centralmedia.rs\/index.php\/wp-json\/wp\/v2\/categories?post=18402"},{"taxonomy":"post_tag","embeddable":true,"href":"https:\/\/centralmedia.rs\/index.php\/wp-json\/wp\/v2\/tags?post=18402"}],"curies":[{"name":"wp","href":"https:\/\/api.w.org\/{rel}","templated":true}]}}