{"id":18422,"date":"2019-06-14T11:07:04","date_gmt":"2019-06-14T11:07:04","guid":{"rendered":"http:\/\/centralmedia.rs\/?p=18422"},"modified":"2019-06-20T11:19:41","modified_gmt":"2019-06-20T11:19:41","slug":"unapredenje-poslovnog-ambijenta-u-paracinu-uz-podrsku-evropske-unije","status":"publish","type":"post","link":"https:\/\/centralmedia.rs\/index.php\/2019\/06\/14\/unapredenje-poslovnog-ambijenta-u-paracinu-uz-podrsku-evropske-unije\/","title":{"rendered":"Unapre\u0111enje poslovnog ambijenta u Para\u0107inu uz podr\u0161ku Evropske unije"},"content":{"rendered":"<p>PARA\u0106IN- Op\u0161tina Para\u0107in \u0107e uz podr\u0161ku Evropske unije od blizu 300.000 evra dodatno unaprediti\u00a0 poslovnu infrastrukturu u Industrijskoj zoni \u201eZmi\u010d\u201c, pro\u0161iriti njene kapacitete i tako pobolj\u0161ati uslove poslovanja i stvoriti prilike za dolazak novih investitora.<\/p>\n<p>Radovi koji obuhvataju izgradnju pristupnih saobra\u0107ajnica, kanalizacione mre\u017ee i uli\u010dne rasvete u novom delu zone omogu\u0107i\u0107e otvaranje novog bloka parcela a time \u0107e se odgovoriti na izra\u017eene potrebe investitora da pro\u0161ire postoje\u0107e kapacitete ili izgrade nove proizvodno-poslovne objekte u zoni.<\/p>\n<p>\u201eOp\u0161tina Para\u0107in je preduzela niz mera kako bi privukla investitore i stvorila mogu\u0107nosti za otvaranje novih radnih mesta i bolji \u017eivotni sandard stanovni\u0161tva. Dobre infrastrukturne uslove u industrijskoj zonu \u201eZmi\u010d\u201c \u00a0u kojoj je 17 investitora ve\u0107 kupilo zemlji\u0161te, a osam izgradilo objkete, sada \u0107emo dodatno unapreditu uz podr\u0161ku Evropske unije\u201c, rekao je Sa\u0161a Paunovi\u0107, predsednik op\u0161tine Para\u0107in.<\/p>\n<p>Kako je predsednik op\u0161tine istakao u Para\u0107inu \u0107e se ove godine graditi i industrijski park u Industrijskoj zoni \u201eZmi\u010d&#8221;, dok op\u0161tina prema ugovoru sa \u0161vedskom firmom \u201eRimaster&#8221; gradi halu u kojoj treba da u prvoj fazi bude zaposleno 300 radnika, a u drugoj 1000.<\/p>\n<p>Evropska unija preko programa EU PRO podr\u017eava sa vi\u0161e od 4.5 miliona evra devet lokalnih samouprava, uklju\u010duju\u0107i i Para\u0107in, u kojima se realizuju projekti unapre\u0111enja poslovne infrastrukture doprinose\u0107i tako unapre\u0111enju ukupnog poslovnog okru\u017eenja u Srbiji i privla\u010denju investicija, a time boljem \u017eivotu stanovni\u0161tva.<\/p>\n<p>Izvo\u0111a\u010d radova je grupa koju zastupa \u201ePutotehna\u201c iz Para\u0107ina, koja je izabrana u postupku javne nabavke koji je sprovela op\u0161tina Para\u0107in.<\/p>\n<p>Aktivnosti EU PRO-a, programa koji doprinosi ravnomernijem dru\u0161tveno-ekonomskom razvoju Srbije, Evropska unija podr\u017eava sa ukupno 25 miliona evra. Program ima za cilj da doprinese pove\u0107anju konkurentnosti mikro i malih preduze\u0107a, pobolj\u0161anju poslovnog okru\u017eenja i unapre\u0111enju socijalne kohezije u 99 jedinica lokalne samouprave, u dva regiona: Regionu \u0160umadije i zapadne Srbije i Regionu ju\u017ene i isto\u010dne Srbije.Aktivnosti na terenu sprovodi Kancelarija Ujedinjenih nacija za projektne usluge (UNOPS).<\/p>\n<p>&nbsp;<\/p>\n","protected":false},"excerpt":{"rendered":"<p>PARA\u0106IN- Op\u0161tina Para\u0107in \u0107e uz podr\u0161ku Evropske unije od blizu 300.000 evra dodatno unaprediti\u00a0 poslovnu infrastrukturu u Industrijskoj zoni \u201eZmi\u010d\u201c, pro\u0161iriti njene kapacitete i tako &hellip; <\/p>\n","protected":false},"author":2,"featured_media":18423,"comment_status":"open","ping_status":"open","sticky":false,"template":"","format":"standard","meta":{"footnotes":""},"categories":[22,1524,2,1516,887,12],"tags":[3305,156],"_links":{"self":[{"href":"https:\/\/centralmedia.rs\/index.php\/wp-json\/wp\/v2\/posts\/18422"}],"collection":[{"href":"https:\/\/centralmedia.rs\/index.php\/wp-json\/wp\/v2\/posts"}],"about":[{"href":"https:\/\/centralmedia.rs\/index.php\/wp-json\/wp\/v2\/types\/post"}],"author":[{"embeddable":true,"href":"https:\/\/centralmedia.rs\/index.php\/wp-json\/wp\/v2\/users\/2"}],"replies":[{"embeddable":true,"href":"https:\/\/centralmedia.rs\/index.php\/wp-json\/wp\/v2\/comments?post=18422"}],"version-history":[{"count":1,"href":"https:\/\/centralmedia.rs\/index.php\/wp-json\/wp\/v2\/posts\/18422\/revisions"}],"predecessor-version":[{"id":18424,"href":"https:\/\/centralmedia.rs\/index.php\/wp-json\/wp\/v2\/posts\/18422\/revisions\/18424"}],"wp:featuredmedia":[{"embeddable":true,"href":"https:\/\/centralmedia.rs\/index.php\/wp-json\/wp\/v2\/media\/18423"}],"wp:attachment":[{"href":"https:\/\/centralmedia.rs\/index.php\/wp-json\/wp\/v2\/media?parent=18422"}],"wp:term":[{"taxonomy":"category","embeddable":true,"href":"https:\/\/centralmedia.rs\/index.php\/wp-json\/wp\/v2\/categories?post=18422"},{"taxonomy":"post_tag","embeddable":true,"href":"https:\/\/centralmedia.rs\/index.php\/wp-json\/wp\/v2\/tags?post=18422"}],"curies":[{"name":"wp","href":"https:\/\/api.w.org\/{rel}","templated":true}]}}