{"id":18436,"date":"2019-06-17T18:31:51","date_gmt":"2019-06-17T18:31:51","guid":{"rendered":"http:\/\/centralmedia.rs\/?p=18436"},"modified":"2019-06-20T11:20:05","modified_gmt":"2019-06-20T11:20:05","slug":"ulaganje-eupro-u-industrijsku-zonu-zmic","status":"publish","type":"post","link":"https:\/\/centralmedia.rs\/index.php\/2019\/06\/17\/ulaganje-eupro-u-industrijsku-zonu-zmic\/","title":{"rendered":"ULAGANJE EUPRO U INDUSTRIJSKU ZONU ,,ZMI\u010c&#8221;"},"content":{"rendered":"<p>PARA\u0106IN- Predstavnici projekta EUpro danas u posetili Industrijsku zonu Zmi\u010d u Para\u0107inu u koju \u0107e preko tog projekta biti ulo\u017eeno 300 hiljada u infrastruktuno opremanje.<\/p>\n<p>&#8211; Imamo 17 preduze\u0107a koja su kupila parcele, 10 objekta je izgra\u0111eno ili u izgradnji. Dva strana preduze\u0107a investira\u0107e u nove pogone i planirano zapo\u0161ljvanje velikog broja radnika, jedno od njih \u010dak do hiljadu radnika treba da anga\u017euju u novom Industrijskom parku. Uskoro \u0107emo imati u Indsutrijskoj zoni dvadesetak preduze\u0107a koja \u0107e slede\u0107e godine raditi i to je od ogromnog zna\u010daja za Para\u0107in, ali i gra\u0111ane iz Pomoravlja. Parcele nemaju veliku cenu, lako mogu da se dobiju i bez naknade ako je u skladu sa zakonom. Dozvole brzo i lako dobijaju, nema imovinskih problema. To koriste mala i srednja preduze\u0107a koja nemaju lokacije za izgradnju, rekao je predsednik te op\u0161tine Sa\u0161a Paunovi\u0107.<\/p>\n<div id='gallery-1' class='gallery galleryid-18436 gallery-columns-3 gallery-size-full'><figure class='gallery-item'>\n\t\t\t<div class='gallery-icon landscape'>\n\t\t\t\t<a href='https:\/\/centralmedia.rs\/index.php\/2019\/06\/17\/ulaganje-eupro-u-industrijsku-zonu-zmic\/zmic-1\/'><img loading=\"lazy\" decoding=\"async\" width=\"1280\" height=\"637\" src=\"https:\/\/centralmedia.rs\/wp-content\/uploads\/2019\/06\/zmic-1.jpg\" class=\"attachment-full size-full\" alt=\"\" srcset=\"https:\/\/centralmedia.rs\/wp-content\/uploads\/2019\/06\/zmic-1.jpg 1280w, https:\/\/centralmedia.rs\/wp-content\/uploads\/2019\/06\/zmic-1-300x149.jpg 300w, https:\/\/centralmedia.rs\/wp-content\/uploads\/2019\/06\/zmic-1-768x382.jpg 768w, https:\/\/centralmedia.rs\/wp-content\/uploads\/2019\/06\/zmic-1-1024x510.jpg 1024w, https:\/\/centralmedia.rs\/wp-content\/uploads\/2019\/06\/zmic-1-844x420.jpg 844w, https:\/\/centralmedia.rs\/wp-content\/uploads\/2019\/06\/zmic-1-640x319.jpg 640w, https:\/\/centralmedia.rs\/wp-content\/uploads\/2019\/06\/zmic-1-681x339.jpg 681w\" sizes=\"(max-width: 1280px) 100vw, 1280px\" \/><\/a>\n\t\t\t<\/div><\/figure><figure class='gallery-item'>\n\t\t\t<div class='gallery-icon landscape'>\n\t\t\t\t<a href='https:\/\/centralmedia.rs\/index.php\/2019\/06\/17\/ulaganje-eupro-u-industrijsku-zonu-zmic\/zmic2\/'><img loading=\"lazy\" decoding=\"async\" width=\"1280\" height=\"669\" src=\"https:\/\/centralmedia.rs\/wp-content\/uploads\/2019\/06\/zmic2.jpg\" class=\"attachment-full size-full\" alt=\"\" srcset=\"https:\/\/centralmedia.rs\/wp-content\/uploads\/2019\/06\/zmic2.jpg 1280w, https:\/\/centralmedia.rs\/wp-content\/uploads\/2019\/06\/zmic2-300x157.jpg 300w, https:\/\/centralmedia.rs\/wp-content\/uploads\/2019\/06\/zmic2-768x401.jpg 768w, https:\/\/centralmedia.rs\/wp-content\/uploads\/2019\/06\/zmic2-1024x535.jpg 1024w, https:\/\/centralmedia.rs\/wp-content\/uploads\/2019\/06\/zmic2-804x420.jpg 804w, https:\/\/centralmedia.rs\/wp-content\/uploads\/2019\/06\/zmic2-640x335.jpg 640w, https:\/\/centralmedia.rs\/wp-content\/uploads\/2019\/06\/zmic2-681x356.jpg 681w\" sizes=\"(max-width: 1280px) 100vw, 1280px\" \/><\/a>\n\t\t\t<\/div><\/figure><figure class='gallery-item'>\n\t\t\t<div class='gallery-icon landscape'>\n\t\t\t\t<a href='https:\/\/centralmedia.rs\/index.php\/2019\/06\/17\/ulaganje-eupro-u-industrijsku-zonu-zmic\/zmic3\/'><img loading=\"lazy\" decoding=\"async\" width=\"1280\" height=\"636\" src=\"https:\/\/centralmedia.rs\/wp-content\/uploads\/2019\/06\/zmic3.jpg\" class=\"attachment-full size-full\" alt=\"\" srcset=\"https:\/\/centralmedia.rs\/wp-content\/uploads\/2019\/06\/zmic3.jpg 1280w, https:\/\/centralmedia.rs\/wp-content\/uploads\/2019\/06\/zmic3-300x149.jpg 300w, https:\/\/centralmedia.rs\/wp-content\/uploads\/2019\/06\/zmic3-768x382.jpg 768w, https:\/\/centralmedia.rs\/wp-content\/uploads\/2019\/06\/zmic3-1024x509.jpg 1024w, https:\/\/centralmedia.rs\/wp-content\/uploads\/2019\/06\/zmic3-845x420.jpg 845w, https:\/\/centralmedia.rs\/wp-content\/uploads\/2019\/06\/zmic3-640x318.jpg 640w, https:\/\/centralmedia.rs\/wp-content\/uploads\/2019\/06\/zmic3-681x338.jpg 681w\" sizes=\"(max-width: 1280px) 100vw, 1280px\" \/><\/a>\n\t\t\t<\/div><\/figure>\n\t\t<\/div>\n\n<p>\u0160vedska kompanija Rimaster je dala garancije da \u0107e posle zavr\u0161etka Industrijskog parka ispuniti svoj deo dogovora.<\/p>\n<p>&#8211; Rimaster je po\u010deo sa radom u Para\u0107inu u iznajmljenom prostoru, privodimo razgovore sa njima o \u00a0definitivnom kori\u0161\u0107enju Industrijskog parka. Op\u0161tina je dobila dr\u017eavnu saglasnost bankarske kredite za izgradnju Industrijskog parka. Objekat \u0107e biti izgra\u0111en u vi\u0161e faza i pod komercijalnim uslovima biti dat u zakup. Rimaster je dao garnciju da \u0107e se javiti na taj javni poziv i zakupiti ili kupiti objekat pod komercijalnim uslovima, a planira zapo\u0161ljavanje do 1.000 radnika u narednim godinama, istakao je Paunovi\u0107.<\/p>\n<p>\u010cak 88 malih i srednjih preduze\u0107a grade proizvodne i poslovne objekte na drugim lokacijama u Para\u0107inu, kao i turisti\u010dke destinacije Grza i Sisevac.<\/p>\n<p>&#8211; Re\u010d je o 70.000 kvadrata proizvodnog i poslovnog prostora, a poe\u0111enja radi nekada\u0161nja \u0160tofara imala je 52.000 kvadrata. Za sedam godina imamo nove pogone i tu je zaposlen veliki broj radnika u raznim oblasitima, Para\u0107n do\u017eivljava investicioni bum i to \u0107e se nastaviti nadalje, ka\u017ee Paunovi\u0107.<\/p>\n<p>Iz EUpro programa u Para\u0107inu \u0107e biti plasirano 630 hiljada evra, pored Industrijske zone, podr\u017eano je unapre\u0111enje Geografskog infromacionog sistema i lokalni preduzetinici da unaprede poslovanje. Kao rezultat ulaganja u infrastrukturu bi\u0107e omogu\u0107eno otvaranje 300 radnih mesta u Indstrijskoj zoni.<\/p>\n","protected":false},"excerpt":{"rendered":"<p>PARA\u0106IN- Predstavnici projekta EUpro danas u posetili Industrijsku zonu Zmi\u010d u Para\u0107inu u koju \u0107e preko tog projekta biti ulo\u017eeno 300 hiljada u infrastruktuno opremanje. &hellip; <\/p>\n","protected":false},"author":2,"featured_media":18437,"comment_status":"open","ping_status":"open","sticky":false,"template":"","format":"standard","meta":{"footnotes":""},"categories":[22,1524,2,1516,887,12],"tags":[3305,1128,156,3300],"_links":{"self":[{"href":"https:\/\/centralmedia.rs\/index.php\/wp-json\/wp\/v2\/posts\/18436"}],"collection":[{"href":"https:\/\/centralmedia.rs\/index.php\/wp-json\/wp\/v2\/posts"}],"about":[{"href":"https:\/\/centralmedia.rs\/index.php\/wp-json\/wp\/v2\/types\/post"}],"author":[{"embeddable":true,"href":"https:\/\/centralmedia.rs\/index.php\/wp-json\/wp\/v2\/users\/2"}],"replies":[{"embeddable":true,"href":"https:\/\/centralmedia.rs\/index.php\/wp-json\/wp\/v2\/comments?post=18436"}],"version-history":[{"count":1,"href":"https:\/\/centralmedia.rs\/index.php\/wp-json\/wp\/v2\/posts\/18436\/revisions"}],"predecessor-version":[{"id":18441,"href":"https:\/\/centralmedia.rs\/index.php\/wp-json\/wp\/v2\/posts\/18436\/revisions\/18441"}],"wp:featuredmedia":[{"embeddable":true,"href":"https:\/\/centralmedia.rs\/index.php\/wp-json\/wp\/v2\/media\/18437"}],"wp:attachment":[{"href":"https:\/\/centralmedia.rs\/index.php\/wp-json\/wp\/v2\/media?parent=18436"}],"wp:term":[{"taxonomy":"category","embeddable":true,"href":"https:\/\/centralmedia.rs\/index.php\/wp-json\/wp\/v2\/categories?post=18436"},{"taxonomy":"post_tag","embeddable":true,"href":"https:\/\/centralmedia.rs\/index.php\/wp-json\/wp\/v2\/tags?post=18436"}],"curies":[{"name":"wp","href":"https:\/\/api.w.org\/{rel}","templated":true}]}}