{"id":1844,"date":"2016-01-12T07:22:57","date_gmt":"2016-01-12T07:22:57","guid":{"rendered":"http:\/\/centralmedia.rs\/?p=1844"},"modified":"2016-01-12T07:22:57","modified_gmt":"2016-01-12T07:22:57","slug":"pokret-levica-srbije-u-jagodini","status":"publish","type":"post","link":"https:\/\/centralmedia.rs\/index.php\/2016\/01\/12\/pokret-levica-srbije-u-jagodini\/","title":{"rendered":"POKRET LEVICA SRBIJE U JAGODINI"},"content":{"rendered":"<p>DOKTOR NA \u010cELU INICIJATIVNOG ODBORA<br \/>\nJAGODINA-Dr Milan Miloradovi\u0107 izbran je za predsednika jagodinskog  Inicijativnog odbora Pokret levica Srbije na konstitutivnoj sednici u ponedeljak. U saop\u0161tenju se navodi da ,,veliki deo Incijativnog odbora  \u010dine ljudi koji do sada nisu bili \u010dlanovi ni jedne stranke\u201c. Na sastanku je usvojen zaklju\u010dak da se ,,ubrzano krene sa kampanjom za predstoje\u0107e lokalne izbore\u201c i najavljeno da \u0107e uskoro javnosti biti predstavljen kompletan odbor i tim za pobedu u Jagodini.<br \/>\n<figure id=\"attachment_1846\" aria-describedby=\"caption-attachment-1846\" style=\"width: 300px\" class=\"wp-caption alignnone\"><a href=\"https:\/\/centralmedia.rs\/wp-content\/uploads\/2016\/01\/pls-1-jagodina-pls.jpg\" rel=\"attachment wp-att-1846\"><img loading=\"lazy\" decoding=\"async\" src=\"https:\/\/centralmedia.rs\/wp-content\/uploads\/2016\/01\/pls-1-jagodina-pls-300x180.jpg\" alt=\"Poznata lica - biv\u0161i \u010dlanovi DS\" width=\"300\" height=\"180\" class=\"size-medium wp-image-1846\" srcset=\"https:\/\/centralmedia.rs\/wp-content\/uploads\/2016\/01\/pls-1-jagodina-pls-300x180.jpg 300w, https:\/\/centralmedia.rs\/wp-content\/uploads\/2016\/01\/pls-1-jagodina-pls-768x460.jpg 768w, https:\/\/centralmedia.rs\/wp-content\/uploads\/2016\/01\/pls-1-jagodina-pls-1024x613.jpg 1024w, https:\/\/centralmedia.rs\/wp-content\/uploads\/2016\/01\/pls-1-jagodina-pls.jpg 1200w\" sizes=\"(max-width: 300px) 100vw, 300px\" \/><\/a><figcaption id=\"caption-attachment-1846\" class=\"wp-caption-text\">Poznata lica &#8211; biv\u0161i \u010dlanovi DS<\/figcaption><\/figure><br \/>\n Ina\u010de, jedan od osniva\u010da PLS je dosada\u0161nji predsednik jagodinskog DS  Aleksandar Jankovi\u0107. Nekolicina vi\u0111enijih \u010dlanova te partije sledila je njegov primer. U jagodinskom DS o\u010dekuju da ,,centrala imenuje poverenika\u201c. U protekle dve godine iz DS su se izdvojile frakcije koje su formirale ZZS i SDS, a sada i PLS. \u0160to se ti\u010de, jagodinske politi\u010dke scene SDS i LDP su formirali predizbornu koaliciju i pozvali stranke, koje dele njihove ideale, na saradnju. Ta koalicija namerava da ,,pobedi na izborima i smeni dosada\u0161nju koaliciju na vlasti u Jagodini\u201c.<\/p>\n","protected":false},"excerpt":{"rendered":"<p>DOKTOR NA \u010cELU INICIJATIVNOG ODBORA JAGODINA-Dr Milan Miloradovi\u0107 izbran je za predsednika jagodinskog Inicijativnog odbora Pokret levica Srbije na konstitutivnoj sednici u ponedeljak. U saop\u0161tenju &hellip; <\/p>\n","protected":false},"author":4,"featured_media":1845,"comment_status":"open","ping_status":"open","sticky":false,"template":"","format":"standard","meta":{"footnotes":""},"categories":[2,13,12],"tags":[459,58,405],"_links":{"self":[{"href":"https:\/\/centralmedia.rs\/index.php\/wp-json\/wp\/v2\/posts\/1844"}],"collection":[{"href":"https:\/\/centralmedia.rs\/index.php\/wp-json\/wp\/v2\/posts"}],"about":[{"href":"https:\/\/centralmedia.rs\/index.php\/wp-json\/wp\/v2\/types\/post"}],"author":[{"embeddable":true,"href":"https:\/\/centralmedia.rs\/index.php\/wp-json\/wp\/v2\/users\/4"}],"replies":[{"embeddable":true,"href":"https:\/\/centralmedia.rs\/index.php\/wp-json\/wp\/v2\/comments?post=1844"}],"version-history":[{"count":0,"href":"https:\/\/centralmedia.rs\/index.php\/wp-json\/wp\/v2\/posts\/1844\/revisions"}],"wp:featuredmedia":[{"embeddable":true,"href":"https:\/\/centralmedia.rs\/index.php\/wp-json\/wp\/v2\/media\/1845"}],"wp:attachment":[{"href":"https:\/\/centralmedia.rs\/index.php\/wp-json\/wp\/v2\/media?parent=1844"}],"wp:term":[{"taxonomy":"category","embeddable":true,"href":"https:\/\/centralmedia.rs\/index.php\/wp-json\/wp\/v2\/categories?post=1844"},{"taxonomy":"post_tag","embeddable":true,"href":"https:\/\/centralmedia.rs\/index.php\/wp-json\/wp\/v2\/tags?post=1844"}],"curies":[{"name":"wp","href":"https:\/\/api.w.org\/{rel}","templated":true}]}}