{"id":1848,"date":"2016-01-12T08:59:47","date_gmt":"2016-01-12T08:59:47","guid":{"rendered":"http:\/\/centralmedia.rs\/?p=1848"},"modified":"2016-01-12T08:59:47","modified_gmt":"2016-01-12T08:59:47","slug":"siromasenje-gradova-i-opstina","status":"publish","type":"post","link":"https:\/\/centralmedia.rs\/index.php\/2016\/01\/12\/siromasenje-gradova-i-opstina\/","title":{"rendered":"SIROMA\u0160ENJE GRADOVA I OP\u0160TINA"},"content":{"rendered":"<p>PETICIJA ALTERNATIVNOG PARLAMENTA GRA\u0110ANA<br \/>\nPARA\u0106IN-NVO Alternativni parlament iz Para\u0107ina gra\u0111ana pozvao je danas sve NVO iz unutra\u0161njosti da od 1. februara u svojim gradovima i op\u0161tinama pokrenu peticiju ,,Protiv novog Zakona o finansiranju lokalnih samouprava\u201d, jer \u0107e u suprotnom do\u0107i do daljeg siroma\u0161enja lokalnih samouprava.<\/p>\n<p>-Novi zakon zna\u010di dalju centralizacija Srbije i nije u skladu sa evropskim integracijama. Predvi\u0111eno finansijsko optere\u0107enje gra\u0111ana koje oni ne\u0107e mo\u0107i da podnesu. Istovremeno, to  je i ga\u0161enje provincije, odnosno osiroma\u0161enje op\u0161tina, naro\u010dito srednjih i malih, upozorava predsednik te NVO Milan Ili\u0107.<\/p>\n<p>On to obrazla\u017ee \u010dinjenicama da \u0107e op\u0161tinama ,,ubudu\u0107e pripadati 50 odsto, a ne 80 odsto od poreza na zarade\u201d, te da se naknada za \u017eivotnu sredinu i firmarine integri\u0161u u porez na imovinu.<\/p>\n<p>-Zbog novih porskih nameta i akciza od 2012 godine republi\u010dka kasa je punija za 6 milijardi dinara. Dr\u017eava tim novcem gradi ,,Beograd na vodi\u201d , nacionalni stadion, funkcioneri putuju po svetu, da li je neko pitao gra\u0111ane Srbije o tro\u0161enju bud\u017eeta, zapitao se Ili\u0107 i dodao da ,,ovo siroma\u0161enje provincije, plja\u010dkanje penzionera, samovolja i bahatost vlasti nije nai\u0161lo na osudu medija, ali ni NVO\u201d.<\/p>\n","protected":false},"excerpt":{"rendered":"<p>PETICIJA ALTERNATIVNOG PARLAMENTA GRA\u0110ANA PARA\u0106IN-NVO Alternativni parlament iz Para\u0107ina gra\u0111ana pozvao je danas sve NVO iz unutra\u0161njosti da od 1. februara u svojim gradovima i &hellip; <\/p>\n","protected":false},"author":4,"featured_media":1849,"comment_status":"open","ping_status":"open","sticky":false,"template":"","format":"standard","meta":{"footnotes":""},"categories":[2,13,12],"tags":[461,460,156],"_links":{"self":[{"href":"https:\/\/centralmedia.rs\/index.php\/wp-json\/wp\/v2\/posts\/1848"}],"collection":[{"href":"https:\/\/centralmedia.rs\/index.php\/wp-json\/wp\/v2\/posts"}],"about":[{"href":"https:\/\/centralmedia.rs\/index.php\/wp-json\/wp\/v2\/types\/post"}],"author":[{"embeddable":true,"href":"https:\/\/centralmedia.rs\/index.php\/wp-json\/wp\/v2\/users\/4"}],"replies":[{"embeddable":true,"href":"https:\/\/centralmedia.rs\/index.php\/wp-json\/wp\/v2\/comments?post=1848"}],"version-history":[{"count":0,"href":"https:\/\/centralmedia.rs\/index.php\/wp-json\/wp\/v2\/posts\/1848\/revisions"}],"wp:featuredmedia":[{"embeddable":true,"href":"https:\/\/centralmedia.rs\/index.php\/wp-json\/wp\/v2\/media\/1849"}],"wp:attachment":[{"href":"https:\/\/centralmedia.rs\/index.php\/wp-json\/wp\/v2\/media?parent=1848"}],"wp:term":[{"taxonomy":"category","embeddable":true,"href":"https:\/\/centralmedia.rs\/index.php\/wp-json\/wp\/v2\/categories?post=1848"},{"taxonomy":"post_tag","embeddable":true,"href":"https:\/\/centralmedia.rs\/index.php\/wp-json\/wp\/v2\/tags?post=1848"}],"curies":[{"name":"wp","href":"https:\/\/api.w.org\/{rel}","templated":true}]}}