{"id":18525,"date":"2019-06-21T22:36:25","date_gmt":"2019-06-21T22:36:25","guid":{"rendered":"http:\/\/centralmedia.rs\/?p=18525"},"modified":"2019-06-27T19:58:41","modified_gmt":"2019-06-27T19:58:41","slug":"17-sportsko-leto-2019-u-paracinu-bebi-trka-tata-mama-trcite-sa-nama","status":"publish","type":"post","link":"https:\/\/centralmedia.rs\/index.php\/2019\/06\/21\/17-sportsko-leto-2019-u-paracinu-bebi-trka-tata-mama-trcite-sa-nama\/","title":{"rendered":"17. SPORTSKO LETO  2019. U PARA\u0106INU &#8211; BEBI TRKA &#8221; TATA, MAMA TR\u010cITE SA NAMA&#8221;"},"content":{"rendered":"<p>PARA\u0106IN- Bebi trka &#8221;Tata, mama tr\u010dite sa nama!&#8217;,\u00a0 koju organizuju Sportski savez op\u0161tine i Savez za \u0161kolski sport, bi\u0107e odr\u017eana u \u010detvrtak\u00a0 27. juna u 20 sati u glavnoj ulici u Para\u0107in. U\u010desnici ove manifestacije su sva lica koja \u0107e biti prisutna. Organizator je propisao na\u010din u\u010de\u0161\u0107a na trci i obezbedio sve uslove da se ona realizuje. U tom smislu obave\u0161tena je PS Para\u0107in i Slu\u017eba hitne medicinske pomo\u0107i.\u00a0Organizator napominje da u uslovima ulice i nepo\u0161tovanja pravila mo\u017ee do\u0107i do povre\u0111ivanja dece zato moli gledaoce da ne ulaze u prostor ulice dok traje trka, da ne bacaju predmete i ne onemogu\u0107avaju organizatore u svom radu.\u00a0U\u010desnici treba da \u00a0po\u0161tuju satnicu,propisana godi\u0161ta i pravila trke o \u010demu \u0107e biti obave\u0161teni i na licu mesta.\u00a0Svrha ove trke je promocija sporta, uvo\u0111enje deteta u svet sporta, dru\u017eenje dece i roditelja, zabava i razonoda.<\/p>\n<p><img loading=\"lazy\" decoding=\"async\" class=\"alignnone wp-image-18526 size-full\" src=\"http:\/\/centralmedia.rs\/wp-content\/uploads\/2019\/06\/bebi.jpg\" alt=\"\" width=\"655\" height=\"960\" srcset=\"https:\/\/centralmedia.rs\/wp-content\/uploads\/2019\/06\/bebi.jpg 655w, https:\/\/centralmedia.rs\/wp-content\/uploads\/2019\/06\/bebi-205x300.jpg 205w, https:\/\/centralmedia.rs\/wp-content\/uploads\/2019\/06\/bebi-287x420.jpg 287w, https:\/\/centralmedia.rs\/wp-content\/uploads\/2019\/06\/bebi-640x938.jpg 640w\" sizes=\"(max-width: 655px) 100vw, 655px\" \/><\/p>\n","protected":false},"excerpt":{"rendered":"<p>PARA\u0106IN- Bebi trka &#8221;Tata, mama tr\u010dite sa nama!&#8217;,\u00a0 koju organizuju Sportski savez op\u0161tine i Savez za \u0161kolski sport, bi\u0107e odr\u017eana u \u010detvrtak\u00a0 27. juna u &hellip; <\/p>\n","protected":false},"author":2,"featured_media":18526,"comment_status":"open","ping_status":"open","sticky":false,"template":"","format":"standard","meta":{"footnotes":""},"categories":[1524,2,23,1516,887,30],"tags":[3832,156,2033],"_links":{"self":[{"href":"https:\/\/centralmedia.rs\/index.php\/wp-json\/wp\/v2\/posts\/18525"}],"collection":[{"href":"https:\/\/centralmedia.rs\/index.php\/wp-json\/wp\/v2\/posts"}],"about":[{"href":"https:\/\/centralmedia.rs\/index.php\/wp-json\/wp\/v2\/types\/post"}],"author":[{"embeddable":true,"href":"https:\/\/centralmedia.rs\/index.php\/wp-json\/wp\/v2\/users\/2"}],"replies":[{"embeddable":true,"href":"https:\/\/centralmedia.rs\/index.php\/wp-json\/wp\/v2\/comments?post=18525"}],"version-history":[{"count":2,"href":"https:\/\/centralmedia.rs\/index.php\/wp-json\/wp\/v2\/posts\/18525\/revisions"}],"predecessor-version":[{"id":18541,"href":"https:\/\/centralmedia.rs\/index.php\/wp-json\/wp\/v2\/posts\/18525\/revisions\/18541"}],"wp:featuredmedia":[{"embeddable":true,"href":"https:\/\/centralmedia.rs\/index.php\/wp-json\/wp\/v2\/media\/18526"}],"wp:attachment":[{"href":"https:\/\/centralmedia.rs\/index.php\/wp-json\/wp\/v2\/media?parent=18525"}],"wp:term":[{"taxonomy":"category","embeddable":true,"href":"https:\/\/centralmedia.rs\/index.php\/wp-json\/wp\/v2\/categories?post=18525"},{"taxonomy":"post_tag","embeddable":true,"href":"https:\/\/centralmedia.rs\/index.php\/wp-json\/wp\/v2\/tags?post=18525"}],"curies":[{"name":"wp","href":"https:\/\/api.w.org\/{rel}","templated":true}]}}