{"id":18528,"date":"2019-06-24T13:14:05","date_gmt":"2019-06-24T13:14:05","guid":{"rendered":"http:\/\/centralmedia.rs\/?p=18528"},"modified":"2019-07-02T09:34:06","modified_gmt":"2019-07-02T09:34:06","slug":"aleksandra-radovic-u-svilajncu","status":"publish","type":"post","link":"https:\/\/centralmedia.rs\/index.php\/2019\/06\/24\/aleksandra-radovic-u-svilajncu\/","title":{"rendered":"ALEKSANDRA RADOVI\u0106 U SVILAJNCU"},"content":{"rendered":"<p>SVILAJNAC- Povodom Dana op\u0161tine Svilajnac 29. juna u 21 \u010das na Trgu Stevana Sin\u0111eli\u0107a bi\u0107e\u00a0odr\u017ean veliki koncert Aleksandre Radovi\u0107. Povodom Dana op\u0161tine bi\u0107e odr\u017eana Sve\u010dana akademija u Centru za kulturu.<\/p>\n","protected":false},"excerpt":{"rendered":"<p>SVILAJNAC- Povodom Dana op\u0161tine Svilajnac 29. juna u 21 \u010das na Trgu Stevana Sin\u0111eli\u0107a bi\u0107e\u00a0odr\u017ean veliki koncert Aleksandre Radovi\u0107. Povodom Dana op\u0161tine bi\u0107e odr\u017eana Sve\u010dana &hellip; <\/p>\n","protected":false},"author":2,"featured_media":18531,"comment_status":"open","ping_status":"open","sticky":false,"template":"","format":"standard","meta":{"footnotes":""},"categories":[14,1524,2,887,12,1517],"tags":[3833,2041,38],"_links":{"self":[{"href":"https:\/\/centralmedia.rs\/index.php\/wp-json\/wp\/v2\/posts\/18528"}],"collection":[{"href":"https:\/\/centralmedia.rs\/index.php\/wp-json\/wp\/v2\/posts"}],"about":[{"href":"https:\/\/centralmedia.rs\/index.php\/wp-json\/wp\/v2\/types\/post"}],"author":[{"embeddable":true,"href":"https:\/\/centralmedia.rs\/index.php\/wp-json\/wp\/v2\/users\/2"}],"replies":[{"embeddable":true,"href":"https:\/\/centralmedia.rs\/index.php\/wp-json\/wp\/v2\/comments?post=18528"}],"version-history":[{"count":1,"href":"https:\/\/centralmedia.rs\/index.php\/wp-json\/wp\/v2\/posts\/18528\/revisions"}],"predecessor-version":[{"id":18530,"href":"https:\/\/centralmedia.rs\/index.php\/wp-json\/wp\/v2\/posts\/18528\/revisions\/18530"}],"wp:featuredmedia":[{"embeddable":true,"href":"https:\/\/centralmedia.rs\/index.php\/wp-json\/wp\/v2\/media\/18531"}],"wp:attachment":[{"href":"https:\/\/centralmedia.rs\/index.php\/wp-json\/wp\/v2\/media?parent=18528"}],"wp:term":[{"taxonomy":"category","embeddable":true,"href":"https:\/\/centralmedia.rs\/index.php\/wp-json\/wp\/v2\/categories?post=18528"},{"taxonomy":"post_tag","embeddable":true,"href":"https:\/\/centralmedia.rs\/index.php\/wp-json\/wp\/v2\/tags?post=18528"}],"curies":[{"name":"wp","href":"https:\/\/api.w.org\/{rel}","templated":true}]}}