{"id":18535,"date":"2019-06-24T13:57:10","date_gmt":"2019-06-24T13:57:10","guid":{"rendered":"http:\/\/centralmedia.rs\/?p=18535"},"modified":"2019-06-26T21:12:14","modified_gmt":"2019-06-26T21:12:14","slug":"50-sabora-prodoh-levac-prodoh-sumadiju-od-1-do-4-avgusta","status":"publish","type":"post","link":"https:\/\/centralmedia.rs\/index.php\/2019\/06\/24\/50-sabora-prodoh-levac-prodoh-sumadiju-od-1-do-4-avgusta\/","title":{"rendered":"50. Sabora \u201ePro\u0111oh Leva\u010d, pro\u0111oh \u0160umadiju\u201c od 1. do 4. avgusta"},"content":{"rendered":"<p>REKOVAC- Jubilarni 50. Sabor narodnog stvarala\u0161tva ,,Pro\u0111oh Leva\u010d, pro\u0111oh \u0160umadiju\u201c bi\u0107e dor\u017ean od 1. do 4. avgusta u okolini i porti manastira Kaleni\u0107. Prvog dana bi\u0107e otvorena likovna kolonija \u201eKaleni\u0107 2019.\u201c, a drugog \u0107e bitri odr\u017eana manifestacija Zlatni glas 50. Sabora.<\/p>\n<div id='gallery-1' class='gallery galleryid-18535 gallery-columns-3 gallery-size-thumbnail'><figure class='gallery-item'>\n\t\t\t<div class='gallery-icon landscape'>\n\t\t\t\t<a href='https:\/\/centralmedia.rs\/index.php\/2019\/06\/24\/50-sabora-prodoh-levac-prodoh-sumadiju-od-1-do-4-avgusta\/program-4\/'><img loading=\"lazy\" decoding=\"async\" width=\"150\" height=\"150\" src=\"https:\/\/centralmedia.rs\/wp-content\/uploads\/2019\/06\/program-150x150.jpg\" class=\"attachment-thumbnail size-thumbnail\" alt=\"\" srcset=\"https:\/\/centralmedia.rs\/wp-content\/uploads\/2019\/06\/program-150x150.jpg 150w, https:\/\/centralmedia.rs\/wp-content\/uploads\/2019\/06\/program-300x300.jpg 300w, https:\/\/centralmedia.rs\/wp-content\/uploads\/2019\/06\/program-768x768.jpg 768w, https:\/\/centralmedia.rs\/wp-content\/uploads\/2019\/06\/program-420x420.jpg 420w, https:\/\/centralmedia.rs\/wp-content\/uploads\/2019\/06\/program-640x640.jpg 640w, https:\/\/centralmedia.rs\/wp-content\/uploads\/2019\/06\/program-681x681.jpg 681w, https:\/\/centralmedia.rs\/wp-content\/uploads\/2019\/06\/program.jpg 960w\" sizes=\"(max-width: 150px) 100vw, 150px\" \/><\/a>\n\t\t\t<\/div><\/figure><figure class='gallery-item'>\n\t\t\t<div class='gallery-icon landscape'>\n\t\t\t\t<a href='https:\/\/centralmedia.rs\/index.php\/2019\/06\/24\/50-sabora-prodoh-levac-prodoh-sumadiju-od-1-do-4-avgusta\/program1\/'><img loading=\"lazy\" decoding=\"async\" width=\"150\" height=\"150\" src=\"https:\/\/centralmedia.rs\/wp-content\/uploads\/2019\/06\/program1-150x150.jpg\" class=\"attachment-thumbnail size-thumbnail\" alt=\"\" \/><\/a>\n\t\t\t<\/div><\/figure><figure class='gallery-item'>\n\t\t\t<div class='gallery-icon portrait'>\n\t\t\t\t<a href='https:\/\/centralmedia.rs\/index.php\/2019\/06\/24\/50-sabora-prodoh-levac-prodoh-sumadiju-od-1-do-4-avgusta\/sabor-6\/'><img loading=\"lazy\" decoding=\"async\" width=\"150\" height=\"150\" src=\"https:\/\/centralmedia.rs\/wp-content\/uploads\/2019\/06\/sabor-150x150.jpg\" class=\"attachment-thumbnail size-thumbnail\" alt=\"\" \/><\/a>\n\t\t\t<\/div><\/figure>\n\t\t<\/div>\n\n<p>Sabor \u0107e \u00a0u subotu 3. avgusta od 18 \u010dasova u porti manastira Kaleni\u0107 otvoriti ministar kulture i informisanja Vladan Vukosavljevi\u0107. Tada \u0107e biti odr\u017ean scensko-muzi\u010dki prikaz po scenariju i re\u017eiji Marine Kon\u010dar i Vladimira \u0110or\u0111evi\u0107a. Predvi\u0111en je solisti\u010dki nastup Danice Krsti\u0107, kao i folklornih ansambla \u201eAbra\u0161evi\u0107\u201c iz Kragujevca i \u201eTradicija\u201c iz Trstenika.<\/p>\n<p>Za nedelju je zakazan dolazak kulturno-umetni\u010dkih dru\u0161tava i izlo\u017eba slika sa XVII likovne kolonije. Tradicionalno, u porti srednjevekovnog manastira, Zlatne ruke Lev\u010da takmi\u010di\u0107e se u pripremanju starih jela, ista \u0107e se degustirati, a bi\u0107e izlo\u017eena doma\u0107a radinost i stari zanati, kao i takmi\u010dari zdravi\u010dara. Izbor najlep\u0161e no\u0161nji, takmi\u010denje najbrk i najdu\u017ea pletenica.<\/p>\n<p>Pokrovitelji Sabora su: Op\u0161tina Rekovac, Ministarstvo kulture i informisanja i EPS.<\/p>\n","protected":false},"excerpt":{"rendered":"<p>REKOVAC- Jubilarni 50. Sabor narodnog stvarala\u0161tva ,,Pro\u0111oh Leva\u010d, pro\u0111oh \u0160umadiju\u201c bi\u0107e dor\u017ean od 1. do 4. avgusta u okolini i porti manastira Kaleni\u0107. Prvog dana &hellip; <\/p>\n","protected":false},"author":2,"featured_media":18537,"comment_status":"open","ping_status":"open","sticky":false,"template":"","format":"standard","meta":{"footnotes":""},"categories":[1524,2,15,887,1519,12],"tags":[704,2199,441,1035],"_links":{"self":[{"href":"https:\/\/centralmedia.rs\/index.php\/wp-json\/wp\/v2\/posts\/18535"}],"collection":[{"href":"https:\/\/centralmedia.rs\/index.php\/wp-json\/wp\/v2\/posts"}],"about":[{"href":"https:\/\/centralmedia.rs\/index.php\/wp-json\/wp\/v2\/types\/post"}],"author":[{"embeddable":true,"href":"https:\/\/centralmedia.rs\/index.php\/wp-json\/wp\/v2\/users\/2"}],"replies":[{"embeddable":true,"href":"https:\/\/centralmedia.rs\/index.php\/wp-json\/wp\/v2\/comments?post=18535"}],"version-history":[{"count":1,"href":"https:\/\/centralmedia.rs\/index.php\/wp-json\/wp\/v2\/posts\/18535\/revisions"}],"predecessor-version":[{"id":18540,"href":"https:\/\/centralmedia.rs\/index.php\/wp-json\/wp\/v2\/posts\/18535\/revisions\/18540"}],"wp:featuredmedia":[{"embeddable":true,"href":"https:\/\/centralmedia.rs\/index.php\/wp-json\/wp\/v2\/media\/18537"}],"wp:attachment":[{"href":"https:\/\/centralmedia.rs\/index.php\/wp-json\/wp\/v2\/media?parent=18535"}],"wp:term":[{"taxonomy":"category","embeddable":true,"href":"https:\/\/centralmedia.rs\/index.php\/wp-json\/wp\/v2\/categories?post=18535"},{"taxonomy":"post_tag","embeddable":true,"href":"https:\/\/centralmedia.rs\/index.php\/wp-json\/wp\/v2\/tags?post=18535"}],"curies":[{"name":"wp","href":"https:\/\/api.w.org\/{rel}","templated":true}]}}