{"id":18568,"date":"2019-06-26T11:19:50","date_gmt":"2019-06-26T11:19:50","guid":{"rendered":"http:\/\/centralmedia.rs\/?p=18568"},"modified":"2019-06-27T19:59:39","modified_gmt":"2019-06-27T19:59:39","slug":"uhapsen-vozac-koji-je-usmrtio-biciklistu-i-pobegao-lica-mesta","status":"publish","type":"post","link":"https:\/\/centralmedia.rs\/index.php\/2019\/06\/26\/uhapsen-vozac-koji-je-usmrtio-biciklistu-i-pobegao-lica-mesta\/","title":{"rendered":"UHAP\u0160EN VOZA\u010c KOJI JE USMRTIO BICIKLISTU I POBEGAO LICA MESTA"},"content":{"rendered":"<p>JAGODINA- Pripadnici Ministarstva unutra\u0161njih poslova u Jagodini uhapsili su \u017d.P. (39), iz okoline Jagodine, zbog postojanja osnova sumnje da je izvr\u0161io krivi\u010dna dela te\u0161ko delo protiv bezbednosti javnog saobra\u0107aja i nepru\u017eanje pomo\u0107i licu povre\u0111enom u saobra\u0107ajnoj nezgodi, saop\u0161teno je iz Policijske uprave Jagodina.<\/p>\n<p>Sumnja se da je on, 25. juna ove godine, oko dva \u010dasa nakon pono\u0107i na dr\u017eavnom putu, u selu u okolini Jagodine, vozilom marke \u201efolksvagen pasat\u201c jagodinskih registarskih oznaka, udario u zadnji to\u010dak bicikla kojim je upravljao \u0161ezdeset\u010detvorogodi\u0161njak.Biciklista je od zadobijenih povreda preminuo na licu mesta.<\/p>\n<p>\u017d.P. se, kako se sumnja, nije zaustavio, ve\u0107 se udaljio sa lica mesta.\u00a0Osumnji\u010denom je, po nalogu Osnovnim javnog tu\u017eila\u0161tva, odre\u0111eno zadr\u017eavanje do 48 sati i on \u0107e, uz krivi\u010dnu prijavu, biti priveden tu\u017eila\u0161tvu.<\/p>\n","protected":false},"excerpt":{"rendered":"<p>JAGODINA- Pripadnici Ministarstva unutra\u0161njih poslova u Jagodini uhapsili su \u017d.P. (39), iz okoline Jagodine, zbog postojanja osnova sumnje da je izvr\u0161io krivi\u010dna dela te\u0161ko delo &hellip; <\/p>\n","protected":false},"author":2,"featured_media":13881,"comment_status":"open","ping_status":"open","sticky":false,"template":"","format":"standard","meta":{"footnotes":""},"categories":[1524,20,2,1514,12],"tags":[1664,58,3841],"_links":{"self":[{"href":"https:\/\/centralmedia.rs\/index.php\/wp-json\/wp\/v2\/posts\/18568"}],"collection":[{"href":"https:\/\/centralmedia.rs\/index.php\/wp-json\/wp\/v2\/posts"}],"about":[{"href":"https:\/\/centralmedia.rs\/index.php\/wp-json\/wp\/v2\/types\/post"}],"author":[{"embeddable":true,"href":"https:\/\/centralmedia.rs\/index.php\/wp-json\/wp\/v2\/users\/2"}],"replies":[{"embeddable":true,"href":"https:\/\/centralmedia.rs\/index.php\/wp-json\/wp\/v2\/comments?post=18568"}],"version-history":[{"count":1,"href":"https:\/\/centralmedia.rs\/index.php\/wp-json\/wp\/v2\/posts\/18568\/revisions"}],"predecessor-version":[{"id":18569,"href":"https:\/\/centralmedia.rs\/index.php\/wp-json\/wp\/v2\/posts\/18568\/revisions\/18569"}],"wp:featuredmedia":[{"embeddable":true,"href":"https:\/\/centralmedia.rs\/index.php\/wp-json\/wp\/v2\/media\/13881"}],"wp:attachment":[{"href":"https:\/\/centralmedia.rs\/index.php\/wp-json\/wp\/v2\/media?parent=18568"}],"wp:term":[{"taxonomy":"category","embeddable":true,"href":"https:\/\/centralmedia.rs\/index.php\/wp-json\/wp\/v2\/categories?post=18568"},{"taxonomy":"post_tag","embeddable":true,"href":"https:\/\/centralmedia.rs\/index.php\/wp-json\/wp\/v2\/tags?post=18568"}],"curies":[{"name":"wp","href":"https:\/\/api.w.org\/{rel}","templated":true}]}}