{"id":18573,"date":"2019-06-26T21:03:38","date_gmt":"2019-06-26T21:03:38","guid":{"rendered":"http:\/\/centralmedia.rs\/?p=18573"},"modified":"2019-06-27T19:59:58","modified_gmt":"2019-06-27T19:59:58","slug":"pocetak-radova-u-stubici","status":"publish","type":"post","link":"https:\/\/centralmedia.rs\/index.php\/2019\/06\/26\/pocetak-radova-u-stubici\/","title":{"rendered":"PO\u010cETAK RADOVA U STUBICI"},"content":{"rendered":"<p>PARA\u0106IN- \u00a0Kako je i najavljeno danas je zapo\u010deta izgradnja kanalizacione mre\u017ee u Stubici kod Para\u0107ina.<\/p>\n<div id='gallery-1' class='gallery galleryid-18573 gallery-columns-3 gallery-size-thumbnail'><figure class='gallery-item'>\n\t\t\t<div class='gallery-icon landscape'>\n\t\t\t\t<a href='https:\/\/centralmedia.rs\/index.php\/2019\/06\/26\/pocetak-radova-u-stubici\/stubica1\/'><img loading=\"lazy\" decoding=\"async\" width=\"150\" height=\"150\" src=\"https:\/\/centralmedia.rs\/wp-content\/uploads\/2019\/06\/stubica1-150x150.jpg\" class=\"attachment-thumbnail size-thumbnail\" alt=\"\" \/><\/a>\n\t\t\t<\/div><\/figure><figure class='gallery-item'>\n\t\t\t<div class='gallery-icon landscape'>\n\t\t\t\t<a href='https:\/\/centralmedia.rs\/index.php\/2019\/06\/26\/pocetak-radova-u-stubici\/stubica2\/'><img loading=\"lazy\" decoding=\"async\" width=\"150\" height=\"150\" src=\"https:\/\/centralmedia.rs\/wp-content\/uploads\/2019\/06\/stubica2-150x150.jpg\" class=\"attachment-thumbnail size-thumbnail\" alt=\"\" \/><\/a>\n\t\t\t<\/div><\/figure><figure class='gallery-item'>\n\t\t\t<div class='gallery-icon landscape'>\n\t\t\t\t<a href='https:\/\/centralmedia.rs\/index.php\/2019\/06\/26\/pocetak-radova-u-stubici\/stubica\/'><img loading=\"lazy\" decoding=\"async\" width=\"150\" height=\"150\" src=\"https:\/\/centralmedia.rs\/wp-content\/uploads\/2019\/06\/stubica-150x150.jpg\" class=\"attachment-thumbnail size-thumbnail\" alt=\"\" \/><\/a>\n\t\t\t<\/div><\/figure>\n\t\t<\/div>\n\n<p>&#8211; U Stubici je pre vi\u0161e godina izgra\u0111ena vodovodna mre\u017ea i sada kre\u0107e izgradnja kanalizacije, \u0161to je bio glavni zahtev me\u0161tana godinama unazad na zborovima gra\u0111ana. U seoskim mesnim zajednicama to je jedan od najve\u0107ih problema, posebno u brdskim selima, gde se otpadne vode slivaju kanalima za odvo\u0111enje ki\u0161e, istakao je Paunovi\u0107.<\/p>\n<p>Radovi traju u Donjoj Mutnici, u Donjem Vidovu se zavr\u0161ava objekat crpne stanice, radovi se nastavljaju u \u0160aludovcu i Glavici, a izgradnje kanalizacije bi\u0107e u prigradskim naseljima gde su re\u0161eni imovisnki problemi.<\/p>\n<p>&#8211; Para\u0107in je odmakao \u0161to se ti\u010de izgradnje kanalizacije u odnosu na sli\u010dne op\u0161tine u Srbiji. Odavno ej izgra\u0111ena u gradu, zavr\u0161ava se u prigradskim naseljima i intezivno se gradi u selima. Radovi \u0107e trajati u Stubici do 5 godina, jer je re\u010d o velikom selu. I to zavisi od interesovanja stanovnika, rekao je Paunovi\u0107<\/p>\n","protected":false},"excerpt":{"rendered":"<p>PARA\u0106IN- \u00a0Kako je i najavljeno danas je zapo\u010deta izgradnja kanalizacione mre\u017ee u Stubici kod Para\u0107ina. &#8211; U Stubici je pre vi\u0161e godina izgra\u0111ena vodovodna mre\u017ea &hellip; <\/p>\n","protected":false},"author":2,"featured_media":18574,"comment_status":"open","ping_status":"open","sticky":false,"template":"","format":"standard","meta":{"footnotes":""},"categories":[14,1524,2,1516,887,12],"tags":[3836,156,3842],"_links":{"self":[{"href":"https:\/\/centralmedia.rs\/index.php\/wp-json\/wp\/v2\/posts\/18573"}],"collection":[{"href":"https:\/\/centralmedia.rs\/index.php\/wp-json\/wp\/v2\/posts"}],"about":[{"href":"https:\/\/centralmedia.rs\/index.php\/wp-json\/wp\/v2\/types\/post"}],"author":[{"embeddable":true,"href":"https:\/\/centralmedia.rs\/index.php\/wp-json\/wp\/v2\/users\/2"}],"replies":[{"embeddable":true,"href":"https:\/\/centralmedia.rs\/index.php\/wp-json\/wp\/v2\/comments?post=18573"}],"version-history":[{"count":1,"href":"https:\/\/centralmedia.rs\/index.php\/wp-json\/wp\/v2\/posts\/18573\/revisions"}],"predecessor-version":[{"id":18577,"href":"https:\/\/centralmedia.rs\/index.php\/wp-json\/wp\/v2\/posts\/18573\/revisions\/18577"}],"wp:featuredmedia":[{"embeddable":true,"href":"https:\/\/centralmedia.rs\/index.php\/wp-json\/wp\/v2\/media\/18574"}],"wp:attachment":[{"href":"https:\/\/centralmedia.rs\/index.php\/wp-json\/wp\/v2\/media?parent=18573"}],"wp:term":[{"taxonomy":"category","embeddable":true,"href":"https:\/\/centralmedia.rs\/index.php\/wp-json\/wp\/v2\/categories?post=18573"},{"taxonomy":"post_tag","embeddable":true,"href":"https:\/\/centralmedia.rs\/index.php\/wp-json\/wp\/v2\/tags?post=18573"}],"curies":[{"name":"wp","href":"https:\/\/api.w.org\/{rel}","templated":true}]}}