{"id":18581,"date":"2019-06-27T13:48:49","date_gmt":"2019-06-27T13:48:49","guid":{"rendered":"http:\/\/centralmedia.rs\/?p=18581"},"modified":"2019-06-30T17:19:31","modified_gmt":"2019-06-30T17:19:31","slug":"u-toku-radovi-na-dva-velika-projekta-u-svilajncu-uz-podrsku-evropske-unije-infrastrukturno-se-oprema-industrijska-zona-i-rekonstruise-dom-kulture-u-kusiljevu","status":"publish","type":"post","link":"https:\/\/centralmedia.rs\/index.php\/2019\/06\/27\/u-toku-radovi-na-dva-velika-projekta-u-svilajncu-uz-podrsku-evropske-unije-infrastrukturno-se-oprema-industrijska-zona-i-rekonstruise-dom-kulture-u-kusiljevu\/","title":{"rendered":"U TOKU RADOVI NA DVA VELIKA PROJEKTA U SVILAJNCU  &#8211; UZ PODR\u0160KU EVROPSKE UNIJE INFRASTRUKTURNO SE OPREMA INDUSTRIJSKA ZONA I REKONSTRUI\u0160E DOM KULTURE U KU\u0160ILJEVU"},"content":{"rendered":"<p>SVILAJNAC- U op\u0161tini Svilajnac su uz podr\u0161ku Evropske unije (EU) od preko 200.000 evra po\u010deli radovi na infrastrukturnom opremanju industrijske zone \u201eNova zona privre\u0111ivanja\u201c kako bi se unapredilo poslovno okru\u017eenje i uslovi za privla\u010denje investicija. Radovi podrazumevaju izgradnju pristupnih puteva i komunalne infrastrukture koja obuhvata vodosnabdevanje, kanalizaciju i snabdevanje elektri\u010dnom energijom. Paralelno sa ovim radovima uz podr\u0161ku Evropske unije po\u010dela je i rekonstrukcija Doma kulture u Ku\u0161iljevu, najve\u0107em selu Resave, kako bi me\u0161tani, a posebno deca i mladi, koji \u010dine vi\u0161e od 30 odsto ukupnog stanovni\u0161tva u selu, imali mesto za dru\u0161tveni i kulturni \u017eivot. Radovi na renoviranju Doma kulture, ukupne vrednosti od skoro 184.000 evra, od \u010dega EU preko razvojnog programa EU PRO ula\u017ee 150.000 evra, a op\u0161tina Svilajnac 34.000 evra, obuhvataju rekonstrukciju krova, fasade, enterijera i izgradnju novih sanitarnih \u010dvorova. Dom kulture u Ku\u0161iljevu izgra\u0111en je 1947. godine i ovo je prva kompletna rekonstrukcija ovog objekta, koja \u0107e ponovo o\u017eiveti kulturni \u017eivot ovog sela, koje broji skoro 3.000 stanovnika.<\/p>\n<p>-Uz podr\u0161ku Evropske unije i Vlade Srbije dodatno \u0107emo unaprediti uslove poslovanja i odgovoriti na potrebe investitora koji \u017eele da ula\u017eu u na\u0161u op\u0161tinu ili da pro\u0161ire svoje kapacitete. Evropska unija je na\u0161 najve\u0107i donator i omogu\u0107ila nam je rad na razli\u010ditim projektima, a zavr\u0161etkom infrastrukture u ovoj zoni, op\u0161tina \u0107e dobiti 18 hektara zemlji\u0161ta za nove investitore, rekao je Predrag Milanovi\u0107, predsednik op\u0161tine Svilajnac.<\/p>\n<p><img loading=\"lazy\" decoding=\"async\" class=\"alignnone wp-image-18583 size-large\" src=\"http:\/\/centralmedia.rs\/wp-content\/uploads\/2019\/06\/DSC_0843-1024x615.jpg\" alt=\"\" width=\"640\" height=\"384\" srcset=\"https:\/\/centralmedia.rs\/wp-content\/uploads\/2019\/06\/DSC_0843-1024x615.jpg 1024w, https:\/\/centralmedia.rs\/wp-content\/uploads\/2019\/06\/DSC_0843-300x180.jpg 300w, https:\/\/centralmedia.rs\/wp-content\/uploads\/2019\/06\/DSC_0843-768x462.jpg 768w, https:\/\/centralmedia.rs\/wp-content\/uploads\/2019\/06\/DSC_0843-699x420.jpg 699w, https:\/\/centralmedia.rs\/wp-content\/uploads\/2019\/06\/DSC_0843-640x385.jpg 640w, https:\/\/centralmedia.rs\/wp-content\/uploads\/2019\/06\/DSC_0843-681x409.jpg 681w, https:\/\/centralmedia.rs\/wp-content\/uploads\/2019\/06\/DSC_0843.jpg 1050w\" sizes=\"(max-width: 640px) 100vw, 640px\" \/><\/p>\n<p>On je istak\u0430o da je slovena\u010dka kompanija \u201eHo\u010devar\u201d kupila \u0161est hektara zemlji\u0161ta u \u201eNovoj zoni privre\u0111ivanja\u201d u Svilajncu, dok je ukupna vrednost ove investicije 10 miliona evra i podrazumeva izgradnju fabrike od 5.000 metara kvadratnih i otvaranje 50 novih radnih mesta u prvoj, odnosno 100 u drugoj fazi.<\/p>\n<p>-Sada \u0107emo uz podr\u0161ku EU obezbediti da i stanovnici Ku\u0161iljeva imaju jednake uslove za organizovanje kulturnih i edukativnih programa, koncerata i drugih dru\u0161tvenih de\u0161avanja, istakao je predsednik op\u0161tine Svilajnac Predrag Milanovi\u0107, podsetiv\u0161i da je EU nakon poplava 2014. ulo\u017eila velika sredstva za obnovu doma\u0107instava, mostova, \u0161kola, javnih ustanova\u2026<\/p>\n<p>\u0160tefen Hudolin, \u0161ef II sektora operacija Delegacije Evropske unije, je obi\u0161ao radove sa svojom delegacijom i predstavnicima op\u0161tine Svilajnac.<\/p>\n<p>-Evropska unija ula\u017ee u op\u0161tine \u0161irom Srbije, a op\u0161tina Svilajnac je sjajan primer, jer ve\u0107 dugo godina aktivno u\u010destvuje na na\u0161im konkursima i kroz dobro napisane projekte uspe\u0161no implementira dobijeni novac, ka\u017ee Hudolin.<\/p>\n","protected":false},"excerpt":{"rendered":"<p>SVILAJNAC- U op\u0161tini Svilajnac su uz podr\u0161ku Evropske unije (EU) od preko 200.000 evra po\u010deli radovi na infrastrukturnom opremanju industrijske zone \u201eNova zona privre\u0111ivanja\u201c kako &hellip; <\/p>\n","protected":false},"author":2,"featured_media":18582,"comment_status":"open","ping_status":"open","sticky":false,"template":"","format":"standard","meta":{"footnotes":""},"categories":[1524,2,13,887,12,1517],"tags":[225,1720,38],"_links":{"self":[{"href":"https:\/\/centralmedia.rs\/index.php\/wp-json\/wp\/v2\/posts\/18581"}],"collection":[{"href":"https:\/\/centralmedia.rs\/index.php\/wp-json\/wp\/v2\/posts"}],"about":[{"href":"https:\/\/centralmedia.rs\/index.php\/wp-json\/wp\/v2\/types\/post"}],"author":[{"embeddable":true,"href":"https:\/\/centralmedia.rs\/index.php\/wp-json\/wp\/v2\/users\/2"}],"replies":[{"embeddable":true,"href":"https:\/\/centralmedia.rs\/index.php\/wp-json\/wp\/v2\/comments?post=18581"}],"version-history":[{"count":1,"href":"https:\/\/centralmedia.rs\/index.php\/wp-json\/wp\/v2\/posts\/18581\/revisions"}],"predecessor-version":[{"id":18584,"href":"https:\/\/centralmedia.rs\/index.php\/wp-json\/wp\/v2\/posts\/18581\/revisions\/18584"}],"wp:featuredmedia":[{"embeddable":true,"href":"https:\/\/centralmedia.rs\/index.php\/wp-json\/wp\/v2\/media\/18582"}],"wp:attachment":[{"href":"https:\/\/centralmedia.rs\/index.php\/wp-json\/wp\/v2\/media?parent=18581"}],"wp:term":[{"taxonomy":"category","embeddable":true,"href":"https:\/\/centralmedia.rs\/index.php\/wp-json\/wp\/v2\/categories?post=18581"},{"taxonomy":"post_tag","embeddable":true,"href":"https:\/\/centralmedia.rs\/index.php\/wp-json\/wp\/v2\/tags?post=18581"}],"curies":[{"name":"wp","href":"https:\/\/api.w.org\/{rel}","templated":true}]}}