{"id":18592,"date":"2019-06-27T19:57:16","date_gmt":"2019-06-27T19:57:16","guid":{"rendered":"http:\/\/centralmedia.rs\/?p=18592"},"modified":"2019-06-28T16:17:22","modified_gmt":"2019-06-28T16:17:22","slug":"vidovdanske-svecanosti-u-cupriji-u-petak-liturgija-i-svecana-akademija-u-manastiru-ravanica","status":"publish","type":"post","link":"https:\/\/centralmedia.rs\/index.php\/2019\/06\/27\/vidovdanske-svecanosti-u-cupriji-u-petak-liturgija-i-svecana-akademija-u-manastiru-ravanica\/","title":{"rendered":"VIDOVDANSKE SVE\u010cANOSTI U \u0106UPRIJI &#8211; U PETAK LITURGIJA I SVE\u010cANA AKADEMIJA U MANASTIRU RAVANICA"},"content":{"rendered":"<p>\u0106UPRIJA- Izlo\u017ebom srednjovekovnog oru\u017eja savremene izrade pod nazivim &#8220;Alhemija kovanja&#8221;, u muzeju &#8220;Horreum Margi-Ravno&#8221;, otvorene su ovogodi\u0161nje Vidovdanske sve\u010danosti. Izlo\u017ebu mo\u017eete pogledati do 15.jula. Re\u010d je o radovima \u017deljka Panti\u0107a iz Smedereva. Ma\u010devi su u upotrebi i vite\u0161ke dru\u017eine ih upotrebljavaju u demonstracijama srednjevekovnih borbi. Izlo\u017eene su kopije ma\u010deva iz filmova ,,Hrabro srce&#8221; i ,,Gospodara prstenova&#8221; , kao i vite\u0161ka oprema. Promovisan je Vidovdanski zbornik ,,Rane pesmom vidane&#8221; SKD Zavet Vidovdanu u okviru Vidovdanskih sve\u010danosti u \u0106upriji<\/p>\n<p>-\u010cast je \u0161to u \u0106upriji predstavljamo 5. Vidovdanski zbornik pezijeu kome u\u010destvuje preko 50 pesnika iz Srbije i inostranstva. Poezija je rodoljubiva, patriotska, duhovna i misaona. Kroz Zbornike negujemo srpsku kulturu, istoriju i tradiciju, borimo se za o\u010duvanje \u0107irilice i Kosova i Metohije kao neodvojivog dela Srbije, kazala je Marijana Trivi\u0107 predsednica SKD Zavet Vidovdanu.<\/p>\n<p>Guslar i etnopeva\u010d Miodrag \u0160arovi\u0107 predstavio se sa nekoliko pesama.<\/p>\n<div id='gallery-1' class='gallery galleryid-18592 gallery-columns-9 gallery-size-thumbnail'><figure class='gallery-item'>\n\t\t\t<div class='gallery-icon landscape'>\n\t\t\t\t<a href='https:\/\/centralmedia.rs\/index.php\/2019\/06\/27\/vidovdanske-svecanosti-u-cupriji-u-petak-liturgija-i-svecana-akademija-u-manastiru-ravanica\/biblioteka-7\/'><img loading=\"lazy\" decoding=\"async\" width=\"150\" height=\"150\" src=\"https:\/\/centralmedia.rs\/wp-content\/uploads\/2019\/06\/biblioteka-150x150.jpg\" class=\"attachment-thumbnail size-thumbnail\" alt=\"\" \/><\/a>\n\t\t\t<\/div><\/figure><figure class='gallery-item'>\n\t\t\t<div class='gallery-icon landscape'>\n\t\t\t\t<a href='https:\/\/centralmedia.rs\/index.php\/2019\/06\/27\/vidovdanske-svecanosti-u-cupriji-u-petak-liturgija-i-svecana-akademija-u-manastiru-ravanica\/biblioteka1\/'><img loading=\"lazy\" decoding=\"async\" width=\"150\" height=\"150\" src=\"https:\/\/centralmedia.rs\/wp-content\/uploads\/2019\/06\/biblioteka1-150x150.jpg\" class=\"attachment-thumbnail size-thumbnail\" alt=\"\" \/><\/a>\n\t\t\t<\/div><\/figure><figure class='gallery-item'>\n\t\t\t<div class='gallery-icon landscape'>\n\t\t\t\t<a href='https:\/\/centralmedia.rs\/index.php\/2019\/06\/27\/vidovdanske-svecanosti-u-cupriji-u-petak-liturgija-i-svecana-akademija-u-manastiru-ravanica\/biblioteka2\/'><img loading=\"lazy\" decoding=\"async\" width=\"150\" height=\"150\" src=\"https:\/\/centralmedia.rs\/wp-content\/uploads\/2019\/06\/biblioteka2-150x150.jpg\" class=\"attachment-thumbnail size-thumbnail\" alt=\"\" \/><\/a>\n\t\t\t<\/div><\/figure><figure class='gallery-item'>\n\t\t\t<div class='gallery-icon portrait'>\n\t\t\t\t<a href='https:\/\/centralmedia.rs\/index.php\/2019\/06\/27\/vidovdanske-svecanosti-u-cupriji-u-petak-liturgija-i-svecana-akademija-u-manastiru-ravanica\/biblioteka3\/'><img loading=\"lazy\" decoding=\"async\" width=\"150\" height=\"150\" src=\"https:\/\/centralmedia.rs\/wp-content\/uploads\/2019\/06\/biblioteka3-150x150.jpg\" class=\"attachment-thumbnail size-thumbnail\" alt=\"\" \/><\/a>\n\t\t\t<\/div><\/figure><figure class='gallery-item'>\n\t\t\t<div class='gallery-icon landscape'>\n\t\t\t\t<a href='https:\/\/centralmedia.rs\/index.php\/2019\/06\/27\/vidovdanske-svecanosti-u-cupriji-u-petak-liturgija-i-svecana-akademija-u-manastiru-ravanica\/muzej-5\/'><img loading=\"lazy\" decoding=\"async\" width=\"150\" height=\"150\" src=\"https:\/\/centralmedia.rs\/wp-content\/uploads\/2019\/06\/muzej-150x150.jpg\" class=\"attachment-thumbnail size-thumbnail\" alt=\"\" \/><\/a>\n\t\t\t<\/div><\/figure><figure class='gallery-item'>\n\t\t\t<div class='gallery-icon portrait'>\n\t\t\t\t<a href='https:\/\/centralmedia.rs\/index.php\/2019\/06\/27\/vidovdanske-svecanosti-u-cupriji-u-petak-liturgija-i-svecana-akademija-u-manastiru-ravanica\/muzej1-2\/'><img loading=\"lazy\" decoding=\"async\" width=\"150\" height=\"150\" src=\"https:\/\/centralmedia.rs\/wp-content\/uploads\/2019\/06\/muzej1-150x150.jpg\" class=\"attachment-thumbnail size-thumbnail\" alt=\"\" \/><\/a>\n\t\t\t<\/div><\/figure><figure class='gallery-item'>\n\t\t\t<div class='gallery-icon landscape'>\n\t\t\t\t<a href='https:\/\/centralmedia.rs\/index.php\/2019\/06\/27\/vidovdanske-svecanosti-u-cupriji-u-petak-liturgija-i-svecana-akademija-u-manastiru-ravanica\/muzej2\/'><img loading=\"lazy\" decoding=\"async\" width=\"150\" height=\"150\" src=\"https:\/\/centralmedia.rs\/wp-content\/uploads\/2019\/06\/muzej2-150x150.jpg\" class=\"attachment-thumbnail size-thumbnail\" alt=\"\" \/><\/a>\n\t\t\t<\/div><\/figure><figure class='gallery-item'>\n\t\t\t<div class='gallery-icon portrait'>\n\t\t\t\t<a href='https:\/\/centralmedia.rs\/index.php\/2019\/06\/27\/vidovdanske-svecanosti-u-cupriji-u-petak-liturgija-i-svecana-akademija-u-manastiru-ravanica\/muzej3\/'><img loading=\"lazy\" decoding=\"async\" width=\"150\" height=\"150\" src=\"https:\/\/centralmedia.rs\/wp-content\/uploads\/2019\/06\/muzej3-150x150.jpg\" class=\"attachment-thumbnail size-thumbnail\" alt=\"\" \/><\/a>\n\t\t\t<\/div><\/figure><figure class='gallery-item'>\n\t\t\t<div class='gallery-icon portrait'>\n\t\t\t\t<a href='https:\/\/centralmedia.rs\/index.php\/2019\/06\/27\/vidovdanske-svecanosti-u-cupriji-u-petak-liturgija-i-svecana-akademija-u-manastiru-ravanica\/muzej4\/'><img loading=\"lazy\" decoding=\"async\" width=\"150\" height=\"150\" src=\"https:\/\/centralmedia.rs\/wp-content\/uploads\/2019\/06\/muzej4-150x150.jpg\" class=\"attachment-thumbnail size-thumbnail\" alt=\"\" \/><\/a>\n\t\t\t<\/div><\/figure>\n\t\t<\/div>\n\n<p>28.06.<\/p>\n<p>8.00<\/p>\n<p>Sveta Liturgija u manastiru Ravanica<\/p>\n<p>u 11.30 \u010dasova<\/p>\n<p>SVE\u010cANA AKADEMIJA \u2013 porta manastira Ravanica<\/p>\n<p>Program akademije: 11.30\u010d Himna \u201eBo\u017ee pravde\u201c, gradski hor Margi \u2013 \u0106uprija<\/p>\n<p>11.35\u010d Obra\u0107anje Predsednika op\u0161tine \u0106uprija Ninoslava Eri\u0107a<\/p>\n<p>11.40\u010d Obra\u0107anje njegovog preosve\u0161tenstva Episkopa po\u017eareva\u010dko \u2013 brani\u010devskog Vladike\u00a0 dr Ignatija Midi\u0107a<\/p>\n<p>11.45\u010d Igrokaz\u201cSutra,na Vidovdan\u201c<\/p>\n<p>12.10\u010d\u201cSuza Kosova\u201c \u2013 solisti Jelena Stanojevi\u0107 Ka\u010davenda \u2013 sopran i Predrag Ka\u010davenda \u2013 bariton, Jovan Stanojevi\u0107 \u2013 akordeonista<\/p>\n<p>U okviru celodnevnog programa bi\u0107e uklju\u010deni umetnici likovne kolonije \u201eRavanica\u201c<\/p>\n<p>19.00 Dodela nagrada i priznanja najboljim u\u010denicima \u2013 \u0160OMO<\/p>\n<p>20.00 Koncert Dragice Radosavljevi\u0107 Cakane i etno grupe \u0160ARA \u2013 \u0160OMO<\/p>\n<p>29.06. u 11.00 \u2013 18.00 \u010dasova<\/p>\n<p>Porta manastira Ravanica<\/p>\n<p>Vidovdansko kolo \u2013 Kud \u017delezni\u010dar; Kud Knez Lazar; Kud Isakovo, VITE\u0160KI DAN \u2013 SVIBOR<\/p>\n<p>19.00 \u201eZaigrajmo Vidovdansko kolo\u201c \u2013 festival folklora Senje<\/p>\n<p>30.06.<\/p>\n<p>Druga smotra tradicionalnog stvarala\u0161tva \u017eena \u2013 Aktiv \u017eena Na\u0161e zlatno doba<\/p>\n<p>&nbsp;<\/p>\n","protected":false},"excerpt":{"rendered":"<p>\u0106UPRIJA- Izlo\u017ebom srednjovekovnog oru\u017eja savremene izrade pod nazivim &#8220;Alhemija kovanja&#8221;, u muzeju &#8220;Horreum Margi-Ravno&#8221;, otvorene su ovogodi\u0161nje Vidovdanske sve\u010danosti. Izlo\u017ebu mo\u017eete pogledati do 15.jula. Re\u010d &hellip; <\/p>\n","protected":false},"author":2,"featured_media":18494,"comment_status":"open","ping_status":"open","sticky":false,"template":"","format":"standard","meta":{"footnotes":""},"categories":[1515,1524,2,15,887,12],"tags":[44,913],"_links":{"self":[{"href":"https:\/\/centralmedia.rs\/index.php\/wp-json\/wp\/v2\/posts\/18592"}],"collection":[{"href":"https:\/\/centralmedia.rs\/index.php\/wp-json\/wp\/v2\/posts"}],"about":[{"href":"https:\/\/centralmedia.rs\/index.php\/wp-json\/wp\/v2\/types\/post"}],"author":[{"embeddable":true,"href":"https:\/\/centralmedia.rs\/index.php\/wp-json\/wp\/v2\/users\/2"}],"replies":[{"embeddable":true,"href":"https:\/\/centralmedia.rs\/index.php\/wp-json\/wp\/v2\/comments?post=18592"}],"version-history":[{"count":1,"href":"https:\/\/centralmedia.rs\/index.php\/wp-json\/wp\/v2\/posts\/18592\/revisions"}],"predecessor-version":[{"id":18602,"href":"https:\/\/centralmedia.rs\/index.php\/wp-json\/wp\/v2\/posts\/18592\/revisions\/18602"}],"wp:featuredmedia":[{"embeddable":true,"href":"https:\/\/centralmedia.rs\/index.php\/wp-json\/wp\/v2\/media\/18494"}],"wp:attachment":[{"href":"https:\/\/centralmedia.rs\/index.php\/wp-json\/wp\/v2\/media?parent=18592"}],"wp:term":[{"taxonomy":"category","embeddable":true,"href":"https:\/\/centralmedia.rs\/index.php\/wp-json\/wp\/v2\/categories?post=18592"},{"taxonomy":"post_tag","embeddable":true,"href":"https:\/\/centralmedia.rs\/index.php\/wp-json\/wp\/v2\/tags?post=18592"}],"curies":[{"name":"wp","href":"https:\/\/api.w.org\/{rel}","templated":true}]}}