{"id":18603,"date":"2019-06-28T15:17:14","date_gmt":"2019-06-28T15:17:14","guid":{"rendered":"http:\/\/centralmedia.rs\/?p=18603"},"modified":"2019-06-30T17:20:01","modified_gmt":"2019-06-30T17:20:01","slug":"cuprija-obelezava-vidovdan-i-630-godina-od-kosovskog-boja","status":"publish","type":"post","link":"https:\/\/centralmedia.rs\/index.php\/2019\/06\/28\/cuprija-obelezava-vidovdan-i-630-godina-od-kosovskog-boja\/","title":{"rendered":"\u0106UPRIJA OBELE\u017dAVA VIDOVDAN I 630 GODINA OD KOSOVSKOG BOJA"},"content":{"rendered":"<p>\u0106UPRIJA-Sve\u010danom akademijom u porti manastira Ravanica i polaganjem kamena temeljca za spomenik svetom ceru Lazaru, \u0106uprija obele\u017eava 630 godina od Kosovskog boja i tragedije srpske srednjevekovne dr\u017eave. U manastriskoj crkvi slu\u017eena je Liturgija i pomen Kosovskim junacima.<\/p>\n<div id='gallery-1' class='gallery galleryid-18603 gallery-columns-9 gallery-size-thumbnail'><figure class='gallery-item'>\n\t\t\t<div class='gallery-icon landscape'>\n\t\t\t\t<a href='https:\/\/centralmedia.rs\/index.php\/2019\/06\/28\/cuprija-obelezava-vidovdan-i-630-godina-od-kosovskog-boja\/ravanica-3-2\/'><img loading=\"lazy\" decoding=\"async\" width=\"150\" height=\"150\" src=\"https:\/\/centralmedia.rs\/wp-content\/uploads\/2019\/06\/ravanica-3-150x150.jpg\" class=\"attachment-thumbnail size-thumbnail\" alt=\"\" \/><\/a>\n\t\t\t<\/div><\/figure><figure class='gallery-item'>\n\t\t\t<div class='gallery-icon landscape'>\n\t\t\t\t<a href='https:\/\/centralmedia.rs\/index.php\/2019\/06\/28\/cuprija-obelezava-vidovdan-i-630-godina-od-kosovskog-boja\/ravanica-6-2\/'><img loading=\"lazy\" decoding=\"async\" width=\"150\" height=\"150\" src=\"https:\/\/centralmedia.rs\/wp-content\/uploads\/2019\/06\/ravanica-6-150x150.jpg\" class=\"attachment-thumbnail size-thumbnail\" alt=\"\" \/><\/a>\n\t\t\t<\/div><\/figure><figure class='gallery-item'>\n\t\t\t<div class='gallery-icon portrait'>\n\t\t\t\t<a href='https:\/\/centralmedia.rs\/index.php\/2019\/06\/28\/cuprija-obelezava-vidovdan-i-630-godina-od-kosovskog-boja\/ravanica1\/'><img loading=\"lazy\" decoding=\"async\" width=\"150\" height=\"150\" src=\"https:\/\/centralmedia.rs\/wp-content\/uploads\/2019\/06\/ravanica1-150x150.jpg\" class=\"attachment-thumbnail size-thumbnail\" alt=\"\" \/><\/a>\n\t\t\t<\/div><\/figure><figure class='gallery-item'>\n\t\t\t<div class='gallery-icon landscape'>\n\t\t\t\t<a href='https:\/\/centralmedia.rs\/index.php\/2019\/06\/28\/cuprija-obelezava-vidovdan-i-630-godina-od-kosovskog-boja\/ravanica2\/'><img loading=\"lazy\" decoding=\"async\" width=\"150\" height=\"150\" src=\"https:\/\/centralmedia.rs\/wp-content\/uploads\/2019\/06\/ravanica2-150x150.jpg\" class=\"attachment-thumbnail size-thumbnail\" alt=\"\" \/><\/a>\n\t\t\t<\/div><\/figure><figure class='gallery-item'>\n\t\t\t<div class='gallery-icon landscape'>\n\t\t\t\t<a href='https:\/\/centralmedia.rs\/index.php\/2019\/06\/28\/cuprija-obelezava-vidovdan-i-630-godina-od-kosovskog-boja\/ravanica4\/'><img loading=\"lazy\" decoding=\"async\" width=\"150\" height=\"150\" src=\"https:\/\/centralmedia.rs\/wp-content\/uploads\/2019\/06\/ravanica4-150x150.jpg\" class=\"attachment-thumbnail size-thumbnail\" alt=\"\" \/><\/a>\n\t\t\t<\/div><\/figure><figure class='gallery-item'>\n\t\t\t<div class='gallery-icon portrait'>\n\t\t\t\t<a href='https:\/\/centralmedia.rs\/index.php\/2019\/06\/28\/cuprija-obelezava-vidovdan-i-630-godina-od-kosovskog-boja\/ravanica5\/'><img loading=\"lazy\" decoding=\"async\" width=\"150\" height=\"150\" src=\"https:\/\/centralmedia.rs\/wp-content\/uploads\/2019\/06\/ravanica5-150x150.jpg\" class=\"attachment-thumbnail size-thumbnail\" alt=\"\" \/><\/a>\n\t\t\t<\/div><\/figure><figure class='gallery-item'>\n\t\t\t<div class='gallery-icon landscape'>\n\t\t\t\t<a href='https:\/\/centralmedia.rs\/index.php\/2019\/06\/28\/cuprija-obelezava-vidovdan-i-630-godina-od-kosovskog-boja\/ravanica7\/'><img loading=\"lazy\" decoding=\"async\" width=\"150\" height=\"150\" src=\"https:\/\/centralmedia.rs\/wp-content\/uploads\/2019\/06\/ravanica7-150x150.jpg\" class=\"attachment-thumbnail size-thumbnail\" alt=\"\" \/><\/a>\n\t\t\t<\/div><\/figure><figure class='gallery-item'>\n\t\t\t<div class='gallery-icon landscape'>\n\t\t\t\t<a href='https:\/\/centralmedia.rs\/index.php\/2019\/06\/28\/cuprija-obelezava-vidovdan-i-630-godina-od-kosovskog-boja\/ravanica8\/'><img loading=\"lazy\" decoding=\"async\" width=\"150\" height=\"150\" src=\"https:\/\/centralmedia.rs\/wp-content\/uploads\/2019\/06\/ravanica8-150x150.jpg\" class=\"attachment-thumbnail size-thumbnail\" alt=\"\" \/><\/a>\n\t\t\t<\/div><\/figure><figure class='gallery-item'>\n\t\t\t<div class='gallery-icon landscape'>\n\t\t\t\t<a href='https:\/\/centralmedia.rs\/index.php\/2019\/06\/28\/cuprija-obelezava-vidovdan-i-630-godina-od-kosovskog-boja\/ravanica9\/'><img loading=\"lazy\" decoding=\"async\" width=\"150\" height=\"150\" src=\"https:\/\/centralmedia.rs\/wp-content\/uploads\/2019\/06\/ravanica9-150x150.jpg\" class=\"attachment-thumbnail size-thumbnail\" alt=\"\" \/><\/a>\n\t\t\t<\/div><\/figure>\n\t\t<\/div>\n\n<p>&#8211; Knez Lazar, koji je nekog juna 1389 godine poslednji put gledao zidove svoje zadu\u017ebine, mora\u0107e da sa\u010deka jo\u0161 nekoliko godina da bi u njoj na\u0161ao mir. I to ne ve\u010diti mir, jer \u0107e voljom istorije njegove mo\u0161ti tri veka kasnije krenuti na novo hodo\u010da\u0161\u0107e. Ali gde god se nalazile, u Ravanici, Sent Andreji, Vrdniku&#8230; mo\u0161ti velikog kneza su srpskom narodu oduvek bile svetionik koji ih je vodio ka opstanku, o\u010duvanju vere i nacionalnog identiteta I danas, 630 godina kasnije, kada su nam o\u010di opet uprte ka Kosovu, mo\u0161ti \u010dasnog Kneza su tu da nam poka\u017eu pravi put.\u00a0 Da nas kao i na\u0161e prethodnike pou\u010de, trgnu iz malodu\u0161nosti, vrate izvornim vrednostima, rekao je predsednik op\u0161tine Ninoslav Eri\u0107 na Sve\u010danoj akademiji.<\/p>\n<p>-Knez Lazar je na Kosovu branio i opstanak naroda i opstanak dr\u017eave . Isto to su 1999. radili junaci sa Ko\u0161ara i Pa\u0161trika. I danas branimo dr\u017eavu na istom mestu. Ovaj put to \u010dinimo \u00a0diplomatijom &#8211; mu\u010dnim pregovaranjem sa onima koji bi da trguju tu\u0111im &#8211; i stalnom brigom i za\u0161titom Srba na Kosovu. Opstanak naroda, pre svega onaj bilo\u0161ki, moramo da izborima boljim uslovima za \u017eivot, boljim obrazovanjem, ra\u0111anjem novih Srba. Da potomci kneza Lazara i na\u0161i potomci ne tra\u017ee bolje mesto pod suncem od ovog \u0161to se zove Srbija, istakao je Eri\u0107.<\/p>\n<p>Vladika Brani\u010devski ignjatije se nadahnuto obratio okukpljenima u porti manastira Ravanica.<\/p>\n<p>-Gr\u010dki diplomata, pasionirani prou\u010dava\u010d himni, mi je rekao da je na\u0161a himna najlep\u0161a, odgovorio sam da se i meni svi\u0111a jer izra\u017eava srpski narod i njegov etos. Slavimo veliki doga\u0111aj Boj na Kosovu. Mnogi bi se za\u010dudili,\u00a0 kakav smo narod koji obele\u017eava slavi poraz. \u00a0Kosovska bitka bila je za nas velika tragedija sa istorijske ta\u010dke. U SPC slavimo to iz perspektive Carstva bo\u017eijeg iz onoga \u0161to \u0107e tek do\u0107i i \u0161to \u0107e imati poslednju re\u010d nad istorijom. Istorija ima sudiju poslednjega koji \u0107e nama otkriti \u0161ta je to bilo dobro, a \u0161ta ne. Bi\u0107e mnogo iznena\u0111enja, jer na\u0161a istorijska merila nisu pouzdana zato \u0161to su promenljiva. Zato slavimo mu\u010denike koji su iz te poslednje perspektive u stvari pobednici. Ako \u0107e biti vaskrsenje mrtvih i poslednjega suda, tada su svi ovi ljudi pobednici i svi koji su po\u0161li njihovim stopama. Otuda slavimo raspe\u0107e Hristovo i raspe\u0107e na\u0161e svima koji sledujemo Hrista, rekao je vladika Brani\u010devski Ignjatije.<\/p>\n<div id='gallery-2' class='gallery galleryid-18603 gallery-columns-7 gallery-size-thumbnail'><figure class='gallery-item'>\n\t\t\t<div class='gallery-icon landscape'>\n\t\t\t\t<a href='https:\/\/centralmedia.rs\/index.php\/2019\/06\/28\/cuprija-obelezava-vidovdan-i-630-godina-od-kosovskog-boja\/ravanica10\/'><img loading=\"lazy\" decoding=\"async\" width=\"150\" height=\"150\" src=\"https:\/\/centralmedia.rs\/wp-content\/uploads\/2019\/06\/ravanica10-150x150.jpg\" class=\"attachment-thumbnail size-thumbnail\" alt=\"\" \/><\/a>\n\t\t\t<\/div><\/figure><figure class='gallery-item'>\n\t\t\t<div class='gallery-icon landscape'>\n\t\t\t\t<a href='https:\/\/centralmedia.rs\/index.php\/2019\/06\/28\/cuprija-obelezava-vidovdan-i-630-godina-od-kosovskog-boja\/ravanica11\/'><img loading=\"lazy\" decoding=\"async\" width=\"150\" height=\"150\" src=\"https:\/\/centralmedia.rs\/wp-content\/uploads\/2019\/06\/ravanica11-150x150.jpg\" class=\"attachment-thumbnail size-thumbnail\" alt=\"\" \/><\/a>\n\t\t\t<\/div><\/figure><figure class='gallery-item'>\n\t\t\t<div class='gallery-icon landscape'>\n\t\t\t\t<a href='https:\/\/centralmedia.rs\/index.php\/2019\/06\/28\/cuprija-obelezava-vidovdan-i-630-godina-od-kosovskog-boja\/ravanica12\/'><img loading=\"lazy\" decoding=\"async\" width=\"150\" height=\"150\" src=\"https:\/\/centralmedia.rs\/wp-content\/uploads\/2019\/06\/ravanica12-150x150.jpg\" class=\"attachment-thumbnail size-thumbnail\" alt=\"\" \/><\/a>\n\t\t\t<\/div><\/figure><figure class='gallery-item'>\n\t\t\t<div class='gallery-icon landscape'>\n\t\t\t\t<a href='https:\/\/centralmedia.rs\/index.php\/2019\/06\/28\/cuprija-obelezava-vidovdan-i-630-godina-od-kosovskog-boja\/ravanica13\/'><img loading=\"lazy\" decoding=\"async\" width=\"150\" height=\"150\" src=\"https:\/\/centralmedia.rs\/wp-content\/uploads\/2019\/06\/ravanica13-150x150.jpg\" class=\"attachment-thumbnail size-thumbnail\" alt=\"\" \/><\/a>\n\t\t\t<\/div><\/figure><figure class='gallery-item'>\n\t\t\t<div class='gallery-icon landscape'>\n\t\t\t\t<a href='https:\/\/centralmedia.rs\/index.php\/2019\/06\/28\/cuprija-obelezava-vidovdan-i-630-godina-od-kosovskog-boja\/spomenik-5\/'><img loading=\"lazy\" decoding=\"async\" width=\"150\" height=\"150\" src=\"https:\/\/centralmedia.rs\/wp-content\/uploads\/2019\/06\/spomenik-150x150.jpg\" class=\"attachment-thumbnail size-thumbnail\" alt=\"\" \/><\/a>\n\t\t\t<\/div><\/figure><figure class='gallery-item'>\n\t\t\t<div class='gallery-icon landscape'>\n\t\t\t\t<a href='https:\/\/centralmedia.rs\/index.php\/2019\/06\/28\/cuprija-obelezava-vidovdan-i-630-godina-od-kosovskog-boja\/spomenik1\/'><img loading=\"lazy\" decoding=\"async\" width=\"150\" height=\"150\" src=\"https:\/\/centralmedia.rs\/wp-content\/uploads\/2019\/06\/spomenik1-150x150.jpg\" class=\"attachment-thumbnail size-thumbnail\" alt=\"\" \/><\/a>\n\t\t\t<\/div><\/figure><figure class='gallery-item'>\n\t\t\t<div class='gallery-icon landscape'>\n\t\t\t\t<a href='https:\/\/centralmedia.rs\/index.php\/2019\/06\/28\/cuprija-obelezava-vidovdan-i-630-godina-od-kosovskog-boja\/ravanica-14\/'><img loading=\"lazy\" decoding=\"async\" width=\"150\" height=\"150\" src=\"https:\/\/centralmedia.rs\/wp-content\/uploads\/2019\/06\/ravanica-14-150x150.jpg\" class=\"attachment-thumbnail size-thumbnail\" alt=\"\" \/><\/a>\n\t\t\t<\/div><\/figure>\n\t\t<\/div>\n\n<p>Posle toga, vladika Ignjatije i predsednik op\u0161tine Eri\u0107 obavili su polaganje kamena temeljca za spomenik svetom caru Lazaru na ulazu u \u0106upriju iz pravca autoputa, koji \u0107e biti visok 30 metera i ko\u0161ta\u0107e 41 milion dinara. Pokaziva\u0107e rukom u pravcu Ravanice.<\/p>\n<p>&#8211; Drago mi je da ba\u0161 danas, kada obele\u017eavamo 630 godina od Kosovske bitke, pola\u017eemo kamen temeljac za postament na kome \u0107e se nalaziti spomenik Svetom caru Lazaru. Postament zna\u010di temelj ili osnova, a ja verujem da ovo polaganje kamena temeljca i na simboli\u010dan na\u010din pokazuje kako \u0106uprija danas gradi dobre temelje na svim nivoima: u privredi, u obrazovanju, u zdravstvu, komunalnoj infrastrukturi, poru\u010dio je Eri\u0107.<\/p>\n<p>Pre nekoliko godina za\u010deta je ideja izgradnje spomenika. O tome je jo\u0161 2016. godine rukovodstvo op\u0161tine pri\u010dalo sa predsednikom Aleksandrom Vu\u010di\u0107em, koji od tada pru\u017ea nemerljivu podr\u0161ku za ovaj naum.\u00a0 Prvo je temeljno rekonstruisan put do Senja, a zatim su po\u010dele pripreme za izgradnju spomenika.<\/p>\n<p>&#8211; \u017deleli smo da car Lazar, kao reper duhovnog i svetovnog identiteta srpskog naroda, dobije relevantan spomenik. A onaj ko je poput Svetog kneza Lazara svesno dao svoj \u017eivot da bi narodna i dr\u017eavna sloboda bila o\u010duvana, zaslu\u017euje i mnogo vi\u0161e od spomenika kakav mu mi gradimo na ovom mestu. Spomenik podi\u017eemo i zbog podse\u0107anja na evropski identitet koji su car Lazar i srpska vojska \u0161titili pre ta\u010dno 630 godina. Podvla\u010dim da\u00a0 je francuski kralj Karlo\u00a0\u0160esti\u00a0posle Boja na Kosovu naredio da \u00a0u\u00a0svim crkvama u\u00a0Francuskoj zvone zvona u\u00a0\u010dast pobede hri\u0161\u0107anske vojske nad\u00a0Turcima\u00a0i da je tim povodom li\u010dno\u00a0oti\u0161ao u\u00a0Notr\u00a0Dam na moleban. Sli\u010dno je bilo i na Mleta\u010dkom dvoru, u Firenci, a danas je situacija takva da mnogi na\u0161i zapadni prijatelji ne vide ono \u0161to se de\u0161ava na Kosovu i Metohiji srpskom narodu i srpskim svetinjama. Dakle, slobodno mo\u017eemo da ka\u017eemo da Kosovski boj, u ne\u0161to druga\u010dijem obliku, traje i dan-danas, podsetio je Eri\u0107.<\/p>\n<p>&#8211; Ipak, mi, Lazarevi potomci, pru\u017eamo ruku i Istoku i Zapadu, gradimo prijateljstva sa svima. Uva\u017eeni prijatelji \u0106uprije nalaze se i u dana\u0161njem Parizu i u dana\u0161njem Istambulu. \u0106uprija i ne mo\u017ee druga\u010dije nego da gradi mostove. To je odraz duha imena ovog na\u0161eg lepog grada, ali moram ujedno da ka\u017eem da niko nema pravo da nam oduzme nasu\u0161nu potrebu da se se\u0107amo rekao je Eri\u0107.<\/p>\n<p>-Na ovom spomeniku, ruka kneza Lazara pokaziva\u0107e ka manastiru Ravanica. Ruka jednog od najumnijih ljudi koji su pripadali srpskom narodu, pokazuje ka svojoj zadu\u017ebini i ka mestu gde je na\u0161ao svoj ve\u010dni mir. Neka ta ruka bude i vodi\u010d svim ljudima koji u dobroj volji budu dolazili u Ravanicu. I neka nas \u0106upri\u010dane ta ruka uvek podse\u0107a da moramo stalno da napredujemo, da gradimo i na\u0161u \u0106upriju i na\u0161u Srbiju, jer \u0107e samo tako velike srpske \u017ertve prilo\u017eene u ime slobode i pravde imati smisla. Me\u0111u njima i \u017ertva Svetog cara Lazara, zaklju\u010dio je Eri\u0107.<\/p>\n","protected":false},"excerpt":{"rendered":"<p>\u0106UPRIJA-Sve\u010danom akademijom u porti manastira Ravanica i polaganjem kamena temeljca za spomenik svetom ceru Lazaru, \u0106uprija obele\u017eava 630 godina od Kosovskog boja i tragedije srpske &hellip; <\/p>\n","protected":false},"author":2,"featured_media":18604,"comment_status":"open","ping_status":"open","sticky":false,"template":"","format":"standard","meta":{"footnotes":""},"categories":[1515,14,1524,2,887,12],"tags":[44,386,903],"_links":{"self":[{"href":"https:\/\/centralmedia.rs\/index.php\/wp-json\/wp\/v2\/posts\/18603"}],"collection":[{"href":"https:\/\/centralmedia.rs\/index.php\/wp-json\/wp\/v2\/posts"}],"about":[{"href":"https:\/\/centralmedia.rs\/index.php\/wp-json\/wp\/v2\/types\/post"}],"author":[{"embeddable":true,"href":"https:\/\/centralmedia.rs\/index.php\/wp-json\/wp\/v2\/users\/2"}],"replies":[{"embeddable":true,"href":"https:\/\/centralmedia.rs\/index.php\/wp-json\/wp\/v2\/comments?post=18603"}],"version-history":[{"count":1,"href":"https:\/\/centralmedia.rs\/index.php\/wp-json\/wp\/v2\/posts\/18603\/revisions"}],"predecessor-version":[{"id":18620,"href":"https:\/\/centralmedia.rs\/index.php\/wp-json\/wp\/v2\/posts\/18603\/revisions\/18620"}],"wp:featuredmedia":[{"embeddable":true,"href":"https:\/\/centralmedia.rs\/index.php\/wp-json\/wp\/v2\/media\/18604"}],"wp:attachment":[{"href":"https:\/\/centralmedia.rs\/index.php\/wp-json\/wp\/v2\/media?parent=18603"}],"wp:term":[{"taxonomy":"category","embeddable":true,"href":"https:\/\/centralmedia.rs\/index.php\/wp-json\/wp\/v2\/categories?post=18603"},{"taxonomy":"post_tag","embeddable":true,"href":"https:\/\/centralmedia.rs\/index.php\/wp-json\/wp\/v2\/tags?post=18603"}],"curies":[{"name":"wp","href":"https:\/\/api.w.org\/{rel}","templated":true}]}}