{"id":18636,"date":"2019-06-29T14:57:59","date_gmt":"2019-06-29T14:57:59","guid":{"rendered":"http:\/\/centralmedia.rs\/?p=18636"},"modified":"2019-06-30T17:20:38","modified_gmt":"2019-06-30T17:20:38","slug":"vidovdanske-svecanosti-u-manastiru-ravanica-i-cupriji","status":"publish","type":"post","link":"https:\/\/centralmedia.rs\/index.php\/2019\/06\/29\/vidovdanske-svecanosti-u-manastiru-ravanica-i-cupriji\/","title":{"rendered":"VIDOVDANSKE SVE\u010cANOSTI U MANASTIRU RAVANICA I \u0106UPRIJI"},"content":{"rendered":"<p>\u0106UPRIJA- Vidovdanske sve\u010danosti danas su nastavljene u porti manastira Ravanica. Vitezovi Svibora prikazali su ve\u0161tine najmla\u0111ima. Dru\u0161tvo za o\u010duvanje tradicije Knaz Lazar u Senju je organozovao manifestaciju Zaigrajmo Vidovdansko kolo uz u\u010de\u0161\u0107e 9 kulturno umetni\u010dkih dru\u0161tava. Oni su u defielu do manastira prikazali svu rasko\u0161 narodnih no\u0161nji, a zatim prikazali narodne igre.<\/p>\n<div id='gallery-1' class='gallery galleryid-18636 gallery-columns-3 gallery-size-thumbnail'><figure class='gallery-item'>\n\t\t\t<div class='gallery-icon landscape'>\n\t\t\t\t<a href='https:\/\/centralmedia.rs\/index.php\/2019\/06\/29\/vidovdanske-svecanosti-u-manastiru-ravanica-i-cupriji\/vidovdan-2-3\/'><img loading=\"lazy\" decoding=\"async\" width=\"150\" height=\"150\" src=\"https:\/\/centralmedia.rs\/wp-content\/uploads\/2019\/06\/vidovdan-2-150x150.jpg\" class=\"attachment-thumbnail size-thumbnail\" alt=\"\" \/><\/a>\n\t\t\t<\/div><\/figure><figure class='gallery-item'>\n\t\t\t<div class='gallery-icon landscape'>\n\t\t\t\t<a href='https:\/\/centralmedia.rs\/index.php\/2019\/06\/29\/vidovdanske-svecanosti-u-manastiru-ravanica-i-cupriji\/svibor\/'><img loading=\"lazy\" decoding=\"async\" width=\"150\" height=\"150\" src=\"https:\/\/centralmedia.rs\/wp-content\/uploads\/2019\/06\/svibor-150x150.jpg\" class=\"attachment-thumbnail size-thumbnail\" alt=\"\" \/><\/a>\n\t\t\t<\/div><\/figure><figure class='gallery-item'>\n\t\t\t<div class='gallery-icon landscape'>\n\t\t\t\t<a href='https:\/\/centralmedia.rs\/index.php\/2019\/06\/29\/vidovdanske-svecanosti-u-manastiru-ravanica-i-cupriji\/dodela-nagrada-5\/'><img loading=\"lazy\" decoding=\"async\" width=\"150\" height=\"150\" src=\"https:\/\/centralmedia.rs\/wp-content\/uploads\/2019\/06\/dodela-nagrada-150x150.jpg\" class=\"attachment-thumbnail size-thumbnail\" alt=\"\" \/><\/a>\n\t\t\t<\/div><\/figure>\n\t\t<\/div>\n\n<p>Nagrade i priznanja najboljim u\u010denicima dodelio je predsednik op\u0161tine Ninoslav Eri\u0107 uz prigodni poklon knjige Dragoslava Mihailovi\u0107a. \u0110aci generacije su srednjo\u0161kolci Milica \u0110or\u0111evi\u0107, An\u0111ela Pavlovi\u0107, Milica Mati\u0107, te osnovcima Mateji Radovi\u0107u, Ivanu \u0110ur\u0111evi\u0107u, Ani Baki\u0107, kao i u\u010denicima muzi\u010dkih \u0161kola Mataiji Vajagi\u0107u i Jovanu Mitrovi\u0107u.<\/p>\n<div id='gallery-2' class='gallery galleryid-18636 gallery-columns-3 gallery-size-thumbnail'><figure class='gallery-item'>\n\t\t\t<div class='gallery-icon landscape'>\n\t\t\t\t<a href='https:\/\/centralmedia.rs\/index.php\/2019\/06\/29\/vidovdanske-svecanosti-u-manastiru-ravanica-i-cupriji\/cakana-2\/'><img loading=\"lazy\" decoding=\"async\" width=\"150\" height=\"150\" src=\"https:\/\/centralmedia.rs\/wp-content\/uploads\/2019\/06\/cakana-150x150.jpg\" class=\"attachment-thumbnail size-thumbnail\" alt=\"\" \/><\/a>\n\t\t\t<\/div><\/figure><figure class='gallery-item'>\n\t\t\t<div class='gallery-icon landscape'>\n\t\t\t\t<a href='https:\/\/centralmedia.rs\/index.php\/2019\/06\/29\/vidovdanske-svecanosti-u-manastiru-ravanica-i-cupriji\/cakana1\/'><img loading=\"lazy\" decoding=\"async\" width=\"150\" height=\"150\" src=\"https:\/\/centralmedia.rs\/wp-content\/uploads\/2019\/06\/cakana1-150x150.jpg\" class=\"attachment-thumbnail size-thumbnail\" alt=\"\" \/><\/a>\n\t\t\t<\/div><\/figure><figure class='gallery-item'>\n\t\t\t<div class='gallery-icon landscape'>\n\t\t\t\t<a href='https:\/\/centralmedia.rs\/index.php\/2019\/06\/29\/vidovdanske-svecanosti-u-manastiru-ravanica-i-cupriji\/cakana2\/'><img loading=\"lazy\" decoding=\"async\" width=\"150\" height=\"150\" src=\"https:\/\/centralmedia.rs\/wp-content\/uploads\/2019\/06\/cakana2-150x150.jpg\" class=\"attachment-thumbnail size-thumbnail\" alt=\"\" \/><\/a>\n\t\t\t<\/div><\/figure>\n\t\t<\/div>\n\n<p>Dragica Radosavljevi\u0107 Cakana i grupa \u0160ara odr\u017eali koncert etno muzike. Re\u010d je o tradicionalnim i starim pesmama sa juga Srbije, KIM i Makedonije. Cakana je a ovu priliku obukla Prizrensku nagodnu no\u0161nju i pokazala svu rasko\u0161 tog tradcionalnog kostima<\/p>\n","protected":false},"excerpt":{"rendered":"<p>\u0106UPRIJA- Vidovdanske sve\u010danosti danas su nastavljene u porti manastira Ravanica. Vitezovi Svibora prikazali su ve\u0161tine najmla\u0111ima. Dru\u0161tvo za o\u010duvanje tradicije Knaz Lazar u Senju je &hellip; <\/p>\n","protected":false},"author":2,"featured_media":18637,"comment_status":"open","ping_status":"open","sticky":false,"template":"","format":"standard","meta":{"footnotes":""},"categories":[1515,1524,2,15,887,12],"tags":[44,912,913],"_links":{"self":[{"href":"https:\/\/centralmedia.rs\/index.php\/wp-json\/wp\/v2\/posts\/18636"}],"collection":[{"href":"https:\/\/centralmedia.rs\/index.php\/wp-json\/wp\/v2\/posts"}],"about":[{"href":"https:\/\/centralmedia.rs\/index.php\/wp-json\/wp\/v2\/types\/post"}],"author":[{"embeddable":true,"href":"https:\/\/centralmedia.rs\/index.php\/wp-json\/wp\/v2\/users\/2"}],"replies":[{"embeddable":true,"href":"https:\/\/centralmedia.rs\/index.php\/wp-json\/wp\/v2\/comments?post=18636"}],"version-history":[{"count":3,"href":"https:\/\/centralmedia.rs\/index.php\/wp-json\/wp\/v2\/posts\/18636\/revisions"}],"predecessor-version":[{"id":18647,"href":"https:\/\/centralmedia.rs\/index.php\/wp-json\/wp\/v2\/posts\/18636\/revisions\/18647"}],"wp:featuredmedia":[{"embeddable":true,"href":"https:\/\/centralmedia.rs\/index.php\/wp-json\/wp\/v2\/media\/18637"}],"wp:attachment":[{"href":"https:\/\/centralmedia.rs\/index.php\/wp-json\/wp\/v2\/media?parent=18636"}],"wp:term":[{"taxonomy":"category","embeddable":true,"href":"https:\/\/centralmedia.rs\/index.php\/wp-json\/wp\/v2\/categories?post=18636"},{"taxonomy":"post_tag","embeddable":true,"href":"https:\/\/centralmedia.rs\/index.php\/wp-json\/wp\/v2\/tags?post=18636"}],"curies":[{"name":"wp","href":"https:\/\/api.w.org\/{rel}","templated":true}]}}