{"id":18648,"date":"2019-06-29T15:34:40","date_gmt":"2019-06-29T15:34:40","guid":{"rendered":"http:\/\/centralmedia.rs\/?p=18648"},"modified":"2019-06-30T17:20:50","modified_gmt":"2019-06-30T17:20:50","slug":"vidovdanski-koncert-u-paracinu-orkestar-danijela-odusevio-paracince","status":"publish","type":"post","link":"https:\/\/centralmedia.rs\/index.php\/2019\/06\/29\/vidovdanski-koncert-u-paracinu-orkestar-danijela-odusevio-paracince\/","title":{"rendered":"VIDOVDANSKI KONCERT U PARA\u0106INU &#8211; ORKESTAR ,,DANIJELA&#8221; ODU\u0160EVIO PARA\u0106INCE"},"content":{"rendered":"<p>PARA\u0106IN- Povodom Vidovdana u Para\u0107inu se tradicionalno odr\u017eava koncert narodne muzike, a sino\u0107 je to u pravom smislu te re\u010di opravdala Danijela Veselinovi\u0107 sa svojim truba\u010dima. Orkestar ,,Danijela&#8221; je jedini truba\u010dki orkestar na ovim prostorima koji \u00a0predvodi dama. Balkanska muzika odjekivala je centrom Para\u0107ina, a nekoliko hiljada gra\u0111ana u\u017eivali su u muziciranju mlade dame i njenih kolega.<\/p>\n<div id='gallery-1' class='gallery galleryid-18648 gallery-columns-3 gallery-size-full'><figure class='gallery-item'>\n\t\t\t<div class='gallery-icon landscape'>\n\t\t\t\t<a href='https:\/\/centralmedia.rs\/index.php\/2019\/06\/29\/vidovdanski-koncert-u-paracinu-orkestar-danijela-odusevio-paracince\/vk1\/'><img loading=\"lazy\" decoding=\"async\" width=\"1280\" height=\"622\" src=\"https:\/\/centralmedia.rs\/wp-content\/uploads\/2019\/06\/vk1.jpg\" class=\"attachment-full size-full\" alt=\"\" srcset=\"https:\/\/centralmedia.rs\/wp-content\/uploads\/2019\/06\/vk1.jpg 1280w, https:\/\/centralmedia.rs\/wp-content\/uploads\/2019\/06\/vk1-300x146.jpg 300w, https:\/\/centralmedia.rs\/wp-content\/uploads\/2019\/06\/vk1-768x373.jpg 768w, https:\/\/centralmedia.rs\/wp-content\/uploads\/2019\/06\/vk1-1024x498.jpg 1024w, https:\/\/centralmedia.rs\/wp-content\/uploads\/2019\/06\/vk1-864x420.jpg 864w, https:\/\/centralmedia.rs\/wp-content\/uploads\/2019\/06\/vk1-640x311.jpg 640w, https:\/\/centralmedia.rs\/wp-content\/uploads\/2019\/06\/vk1-681x331.jpg 681w\" sizes=\"(max-width: 1280px) 100vw, 1280px\" \/><\/a>\n\t\t\t<\/div><\/figure><figure class='gallery-item'>\n\t\t\t<div class='gallery-icon landscape'>\n\t\t\t\t<a href='https:\/\/centralmedia.rs\/index.php\/2019\/06\/29\/vidovdanski-koncert-u-paracinu-orkestar-danijela-odusevio-paracince\/vidovdanski-kocert\/'><img loading=\"lazy\" decoding=\"async\" width=\"1280\" height=\"622\" src=\"https:\/\/centralmedia.rs\/wp-content\/uploads\/2019\/06\/vidovdanski-kocert.jpg\" class=\"attachment-full size-full\" alt=\"\" srcset=\"https:\/\/centralmedia.rs\/wp-content\/uploads\/2019\/06\/vidovdanski-kocert.jpg 1280w, https:\/\/centralmedia.rs\/wp-content\/uploads\/2019\/06\/vidovdanski-kocert-300x146.jpg 300w, https:\/\/centralmedia.rs\/wp-content\/uploads\/2019\/06\/vidovdanski-kocert-768x373.jpg 768w, https:\/\/centralmedia.rs\/wp-content\/uploads\/2019\/06\/vidovdanski-kocert-1024x498.jpg 1024w, https:\/\/centralmedia.rs\/wp-content\/uploads\/2019\/06\/vidovdanski-kocert-864x420.jpg 864w, https:\/\/centralmedia.rs\/wp-content\/uploads\/2019\/06\/vidovdanski-kocert-640x311.jpg 640w, https:\/\/centralmedia.rs\/wp-content\/uploads\/2019\/06\/vidovdanski-kocert-681x331.jpg 681w\" sizes=\"(max-width: 1280px) 100vw, 1280px\" \/><\/a>\n\t\t\t<\/div><\/figure><figure class='gallery-item'>\n\t\t\t<div class='gallery-icon landscape'>\n\t\t\t\t<a href='https:\/\/centralmedia.rs\/index.php\/2019\/06\/29\/vidovdanski-koncert-u-paracinu-orkestar-danijela-odusevio-paracince\/vk\/'><img loading=\"lazy\" decoding=\"async\" width=\"1280\" height=\"622\" src=\"https:\/\/centralmedia.rs\/wp-content\/uploads\/2019\/06\/vk.jpg\" class=\"attachment-full size-full\" alt=\"\" srcset=\"https:\/\/centralmedia.rs\/wp-content\/uploads\/2019\/06\/vk.jpg 1280w, https:\/\/centralmedia.rs\/wp-content\/uploads\/2019\/06\/vk-300x146.jpg 300w, https:\/\/centralmedia.rs\/wp-content\/uploads\/2019\/06\/vk-768x373.jpg 768w, https:\/\/centralmedia.rs\/wp-content\/uploads\/2019\/06\/vk-1024x498.jpg 1024w, https:\/\/centralmedia.rs\/wp-content\/uploads\/2019\/06\/vk-864x420.jpg 864w, https:\/\/centralmedia.rs\/wp-content\/uploads\/2019\/06\/vk-640x311.jpg 640w, https:\/\/centralmedia.rs\/wp-content\/uploads\/2019\/06\/vk-681x331.jpg 681w\" sizes=\"(max-width: 1280px) 100vw, 1280px\" \/><\/a>\n\t\t\t<\/div><\/figure>\n\t\t<\/div>\n\n<p>&nbsp;<\/p>\n","protected":false},"excerpt":{"rendered":"<p>PARA\u0106IN- Povodom Vidovdana u Para\u0107inu se tradicionalno odr\u017eava koncert narodne muzike, a sino\u0107 je to u pravom smislu te re\u010di opravdala Danijela Veselinovi\u0107 sa svojim &hellip; <\/p>\n","protected":false},"author":2,"featured_media":18649,"comment_status":"open","ping_status":"open","sticky":false,"template":"","format":"standard","meta":{"footnotes":""},"categories":[1524,2,23,1516,887,3055],"tags":[3848,156,1594],"_links":{"self":[{"href":"https:\/\/centralmedia.rs\/index.php\/wp-json\/wp\/v2\/posts\/18648"}],"collection":[{"href":"https:\/\/centralmedia.rs\/index.php\/wp-json\/wp\/v2\/posts"}],"about":[{"href":"https:\/\/centralmedia.rs\/index.php\/wp-json\/wp\/v2\/types\/post"}],"author":[{"embeddable":true,"href":"https:\/\/centralmedia.rs\/index.php\/wp-json\/wp\/v2\/users\/2"}],"replies":[{"embeddable":true,"href":"https:\/\/centralmedia.rs\/index.php\/wp-json\/wp\/v2\/comments?post=18648"}],"version-history":[{"count":1,"href":"https:\/\/centralmedia.rs\/index.php\/wp-json\/wp\/v2\/posts\/18648\/revisions"}],"predecessor-version":[{"id":18652,"href":"https:\/\/centralmedia.rs\/index.php\/wp-json\/wp\/v2\/posts\/18648\/revisions\/18652"}],"wp:featuredmedia":[{"embeddable":true,"href":"https:\/\/centralmedia.rs\/index.php\/wp-json\/wp\/v2\/media\/18649"}],"wp:attachment":[{"href":"https:\/\/centralmedia.rs\/index.php\/wp-json\/wp\/v2\/media?parent=18648"}],"wp:term":[{"taxonomy":"category","embeddable":true,"href":"https:\/\/centralmedia.rs\/index.php\/wp-json\/wp\/v2\/categories?post=18648"},{"taxonomy":"post_tag","embeddable":true,"href":"https:\/\/centralmedia.rs\/index.php\/wp-json\/wp\/v2\/tags?post=18648"}],"curies":[{"name":"wp","href":"https:\/\/api.w.org\/{rel}","templated":true}]}}