{"id":18653,"date":"2019-06-30T13:02:35","date_gmt":"2019-06-30T13:02:35","guid":{"rendered":"http:\/\/centralmedia.rs\/?p=18653"},"modified":"2019-07-02T09:32:05","modified_gmt":"2019-07-02T09:32:05","slug":"dan-opstine-svilajnac-plaketa-ministru-vladanu-vukosavljevicu","status":"publish","type":"post","link":"https:\/\/centralmedia.rs\/index.php\/2019\/06\/30\/dan-opstine-svilajnac-plaketa-ministru-vladanu-vukosavljevicu\/","title":{"rendered":"DAN OP\u0160TINE SVILAJNAC &#8211; PLAKETA MINISTRU VLADANU VUKOSAVLJEVI\u0106U"},"content":{"rendered":"<p>SVILAJNAC- Svilajnac sija jakim sjajem i u vrhu je lokalnih samouprava u Srbiji, ne samo po materijalnim izdvajanjima, ve\u0107 pripada samom vrhu na\u0161e dr\u017eave po entuzijazmu, energiji, po onomo \u0161to se ula\u017ee i daje rezultate,\u00a0 rekao je ministar kulture i medija Vladan Vukosavljevi\u0107 na Sve\u010danoj akademiji povodom Dana te op\u0161tine. Njemu je predsednik op\u0161tine Predrag Milanovi\u0107 uru\u010dio Plaketu i sliku ulje na platnu ,,Stari Svilajanc&#8221; rad umetnice An\u0111ele Mici\u0107.\u00a0Zahvalnice op\u0161tine Svilajnac dodeljene su profesoru Nikoli Stankovi\u0107u, Dunav osiguranju, Union drvu i profesoru doktoru Milo\u0161u Jokovi\u0107u.<\/p>\n<p>&#8211;\u00a0 Budu\u0107nost nije samo negde tamo, budu\u0107nost mo\u017ee biti ovde, a sve \u0161to smo \u010duli danas i do\u017eiveli govori da Svilajnac ima potencijale za svoju budu\u0107nost. Verovati u sebe, davati rezultate na svim poljima, praviti povoljnu sredinu za razvoj svakog pojedinca i zajednice, jeste zadatak vredan svakog truda i napora, ali i divljenja. \u017delim Svilajncu i Svilajn\u010danima uspe\u0161nu budu\u0107nost i dobre rezultate u godinama ispred nas, rekao je Vukosavljevi\u0107 i dodao da Svilajnac za kulturu izdvaja 5 procenata od bud\u017eeta, \u0161to je nije pravilo u Srbiji.<\/p>\n<div id='gallery-1' class='gallery galleryid-18653 gallery-columns-4 gallery-size-full'><figure class='gallery-item'>\n\t\t\t<div class='gallery-icon landscape'>\n\t\t\t\t<a href='https:\/\/centralmedia.rs\/index.php\/2019\/06\/30\/dan-opstine-svilajnac-plaketa-ministru-vladanu-vukosavljevicu\/dan-opstine-3\/'><img loading=\"lazy\" decoding=\"async\" width=\"1280\" height=\"622\" src=\"https:\/\/centralmedia.rs\/wp-content\/uploads\/2019\/06\/dan-opstine.jpg\" class=\"attachment-full size-full\" alt=\"\" srcset=\"https:\/\/centralmedia.rs\/wp-content\/uploads\/2019\/06\/dan-opstine.jpg 1280w, https:\/\/centralmedia.rs\/wp-content\/uploads\/2019\/06\/dan-opstine-300x146.jpg 300w, https:\/\/centralmedia.rs\/wp-content\/uploads\/2019\/06\/dan-opstine-768x373.jpg 768w, https:\/\/centralmedia.rs\/wp-content\/uploads\/2019\/06\/dan-opstine-1024x498.jpg 1024w, https:\/\/centralmedia.rs\/wp-content\/uploads\/2019\/06\/dan-opstine-864x420.jpg 864w, https:\/\/centralmedia.rs\/wp-content\/uploads\/2019\/06\/dan-opstine-640x311.jpg 640w, https:\/\/centralmedia.rs\/wp-content\/uploads\/2019\/06\/dan-opstine-681x331.jpg 681w\" sizes=\"(max-width: 1280px) 100vw, 1280px\" \/><\/a>\n\t\t\t<\/div><\/figure><figure class='gallery-item'>\n\t\t\t<div class='gallery-icon landscape'>\n\t\t\t\t<a href='https:\/\/centralmedia.rs\/index.php\/2019\/06\/30\/dan-opstine-svilajnac-plaketa-ministru-vladanu-vukosavljevicu\/dan-opstine-7\/'><img loading=\"lazy\" decoding=\"async\" width=\"1280\" height=\"622\" src=\"https:\/\/centralmedia.rs\/wp-content\/uploads\/2019\/06\/dan-opstine-7.jpg\" class=\"attachment-full size-full\" alt=\"\" srcset=\"https:\/\/centralmedia.rs\/wp-content\/uploads\/2019\/06\/dan-opstine-7.jpg 1280w, https:\/\/centralmedia.rs\/wp-content\/uploads\/2019\/06\/dan-opstine-7-300x146.jpg 300w, https:\/\/centralmedia.rs\/wp-content\/uploads\/2019\/06\/dan-opstine-7-768x373.jpg 768w, https:\/\/centralmedia.rs\/wp-content\/uploads\/2019\/06\/dan-opstine-7-1024x498.jpg 1024w, https:\/\/centralmedia.rs\/wp-content\/uploads\/2019\/06\/dan-opstine-7-864x420.jpg 864w, https:\/\/centralmedia.rs\/wp-content\/uploads\/2019\/06\/dan-opstine-7-640x311.jpg 640w, https:\/\/centralmedia.rs\/wp-content\/uploads\/2019\/06\/dan-opstine-7-681x331.jpg 681w\" sizes=\"(max-width: 1280px) 100vw, 1280px\" \/><\/a>\n\t\t\t<\/div><\/figure><figure class='gallery-item'>\n\t\t\t<div class='gallery-icon landscape'>\n\t\t\t\t<a href='https:\/\/centralmedia.rs\/index.php\/2019\/06\/30\/dan-opstine-svilajnac-plaketa-ministru-vladanu-vukosavljevicu\/dan-opstine6\/'><img loading=\"lazy\" decoding=\"async\" width=\"1280\" height=\"622\" src=\"https:\/\/centralmedia.rs\/wp-content\/uploads\/2019\/06\/dan-opstine6.jpg\" class=\"attachment-full size-full\" alt=\"\" srcset=\"https:\/\/centralmedia.rs\/wp-content\/uploads\/2019\/06\/dan-opstine6.jpg 1280w, https:\/\/centralmedia.rs\/wp-content\/uploads\/2019\/06\/dan-opstine6-300x146.jpg 300w, https:\/\/centralmedia.rs\/wp-content\/uploads\/2019\/06\/dan-opstine6-768x373.jpg 768w, https:\/\/centralmedia.rs\/wp-content\/uploads\/2019\/06\/dan-opstine6-1024x498.jpg 1024w, https:\/\/centralmedia.rs\/wp-content\/uploads\/2019\/06\/dan-opstine6-864x420.jpg 864w, https:\/\/centralmedia.rs\/wp-content\/uploads\/2019\/06\/dan-opstine6-640x311.jpg 640w, https:\/\/centralmedia.rs\/wp-content\/uploads\/2019\/06\/dan-opstine6-681x331.jpg 681w\" sizes=\"(max-width: 1280px) 100vw, 1280px\" \/><\/a>\n\t\t\t<\/div><\/figure><figure class='gallery-item'>\n\t\t\t<div class='gallery-icon landscape'>\n\t\t\t\t<a href='https:\/\/centralmedia.rs\/index.php\/2019\/06\/30\/dan-opstine-svilajnac-plaketa-ministru-vladanu-vukosavljevicu\/dan-opstine8\/'><img loading=\"lazy\" decoding=\"async\" width=\"1280\" height=\"622\" src=\"https:\/\/centralmedia.rs\/wp-content\/uploads\/2019\/06\/dan-opstine8.jpg\" class=\"attachment-full size-full\" alt=\"\" srcset=\"https:\/\/centralmedia.rs\/wp-content\/uploads\/2019\/06\/dan-opstine8.jpg 1280w, https:\/\/centralmedia.rs\/wp-content\/uploads\/2019\/06\/dan-opstine8-300x146.jpg 300w, https:\/\/centralmedia.rs\/wp-content\/uploads\/2019\/06\/dan-opstine8-768x373.jpg 768w, https:\/\/centralmedia.rs\/wp-content\/uploads\/2019\/06\/dan-opstine8-1024x498.jpg 1024w, https:\/\/centralmedia.rs\/wp-content\/uploads\/2019\/06\/dan-opstine8-864x420.jpg 864w, https:\/\/centralmedia.rs\/wp-content\/uploads\/2019\/06\/dan-opstine8-640x311.jpg 640w, https:\/\/centralmedia.rs\/wp-content\/uploads\/2019\/06\/dan-opstine8-681x331.jpg 681w\" sizes=\"(max-width: 1280px) 100vw, 1280px\" \/><\/a>\n\t\t\t<\/div><\/figure>\n\t\t<\/div>\n\n<p>Predsednik op\u0161tine Milanovi\u0107 je najavio nove poslove i istakao da su trenutne investicije u infrastrukturu u vrednosti 2 milijarde dinara, a da je lokalni bud\u017eet oko milijarde.<\/p>\n<p>&#8211; U\u010de\u0161\u0107e loklanog bud\u017eeta je oko 300 miliona, a 1,7 milijardi je od donatora EU, Vlade Srbije i mnogih drugih. O\u010dekuje nas puno projekta da bi Sviajanc dobio mesto na evropskoj mapi, mislim da smo u Srbiji u vrhu i da se takmi\u010dimo sa gradovima iz Evrope. Ostalo nam je da zavr\u0161imo adaptaciju jo\u0161 nekoliko \u0161kola, a zatim kre\u0107emo sa velikim projektom navodnjavanja 3.000 hekatara. Izgradnja toplane na biomasu, jako je zna\u010dajan projekat, jer \u0107emo grajati sve ustanove i gradske bazene. Naredne zime Svilajnac dobija zatvorene bazene. Postrojenje za otpadne vode je slede\u0107i segment rada i do kraja godine objavi\u0107emo tender. Uporedo radimo na izgradnji kanalizacije, preko 65 procenta stanovni\u0161tva bi\u0107e priklju\u010deno na sistem,vodosnabdevanjem je obuhva\u0107eno \u00a085 odsto stanovni\u0161tava i do kraja godine dobi\u0107e svi tu mogu\u0107nost. Najbitniji zadatak ove generacije je izgradnja novog mosta preko Velike Morave i obilaznice. O\u010dekujem da taj projekat bude deo novog investicionog plana Vlade Srbije i da \u00a0bude napokon zavr\u0161en. Svilajanc vi\u0161e ne mo\u017ee u ,,ligu&#8221; ni\u017ee, jer smo stvorili budu\u0107nost i perspektivu za mla\u0111e generacije. Posle nas dolaze oni, naglasio je Milanovi\u0107.<\/p>\n<div id='gallery-2' class='gallery galleryid-18653 gallery-columns-3 gallery-size-full'><figure class='gallery-item'>\n\t\t\t<div class='gallery-icon landscape'>\n\t\t\t\t<a href='https:\/\/centralmedia.rs\/index.php\/2019\/06\/30\/dan-opstine-svilajnac-plaketa-ministru-vladanu-vukosavljevicu\/kocert\/'><img loading=\"lazy\" decoding=\"async\" width=\"1280\" height=\"622\" src=\"https:\/\/centralmedia.rs\/wp-content\/uploads\/2019\/06\/kocert.jpg\" class=\"attachment-full size-full\" alt=\"\" srcset=\"https:\/\/centralmedia.rs\/wp-content\/uploads\/2019\/06\/kocert.jpg 1280w, https:\/\/centralmedia.rs\/wp-content\/uploads\/2019\/06\/kocert-300x146.jpg 300w, https:\/\/centralmedia.rs\/wp-content\/uploads\/2019\/06\/kocert-768x373.jpg 768w, https:\/\/centralmedia.rs\/wp-content\/uploads\/2019\/06\/kocert-1024x498.jpg 1024w, https:\/\/centralmedia.rs\/wp-content\/uploads\/2019\/06\/kocert-864x420.jpg 864w, https:\/\/centralmedia.rs\/wp-content\/uploads\/2019\/06\/kocert-640x311.jpg 640w, https:\/\/centralmedia.rs\/wp-content\/uploads\/2019\/06\/kocert-681x331.jpg 681w\" sizes=\"(max-width: 1280px) 100vw, 1280px\" \/><\/a>\n\t\t\t<\/div><\/figure><figure class='gallery-item'>\n\t\t\t<div class='gallery-icon landscape'>\n\t\t\t\t<a href='https:\/\/centralmedia.rs\/index.php\/2019\/06\/30\/dan-opstine-svilajnac-plaketa-ministru-vladanu-vukosavljevicu\/koncert1\/'><img loading=\"lazy\" decoding=\"async\" width=\"1280\" height=\"622\" src=\"https:\/\/centralmedia.rs\/wp-content\/uploads\/2019\/06\/koncert1.jpg\" class=\"attachment-full size-full\" alt=\"\" srcset=\"https:\/\/centralmedia.rs\/wp-content\/uploads\/2019\/06\/koncert1.jpg 1280w, https:\/\/centralmedia.rs\/wp-content\/uploads\/2019\/06\/koncert1-300x146.jpg 300w, https:\/\/centralmedia.rs\/wp-content\/uploads\/2019\/06\/koncert1-768x373.jpg 768w, https:\/\/centralmedia.rs\/wp-content\/uploads\/2019\/06\/koncert1-1024x498.jpg 1024w, https:\/\/centralmedia.rs\/wp-content\/uploads\/2019\/06\/koncert1-864x420.jpg 864w, https:\/\/centralmedia.rs\/wp-content\/uploads\/2019\/06\/koncert1-640x311.jpg 640w, https:\/\/centralmedia.rs\/wp-content\/uploads\/2019\/06\/koncert1-681x331.jpg 681w\" sizes=\"(max-width: 1280px) 100vw, 1280px\" \/><\/a>\n\t\t\t<\/div><\/figure><figure class='gallery-item'>\n\t\t\t<div class='gallery-icon landscape'>\n\t\t\t\t<a href='https:\/\/centralmedia.rs\/index.php\/2019\/06\/30\/dan-opstine-svilajnac-plaketa-ministru-vladanu-vukosavljevicu\/koncert2\/'><img loading=\"lazy\" decoding=\"async\" width=\"1280\" height=\"622\" src=\"https:\/\/centralmedia.rs\/wp-content\/uploads\/2019\/06\/koncert2.jpg\" class=\"attachment-full size-full\" alt=\"\" srcset=\"https:\/\/centralmedia.rs\/wp-content\/uploads\/2019\/06\/koncert2.jpg 1280w, https:\/\/centralmedia.rs\/wp-content\/uploads\/2019\/06\/koncert2-300x146.jpg 300w, https:\/\/centralmedia.rs\/wp-content\/uploads\/2019\/06\/koncert2-768x373.jpg 768w, https:\/\/centralmedia.rs\/wp-content\/uploads\/2019\/06\/koncert2-1024x498.jpg 1024w, https:\/\/centralmedia.rs\/wp-content\/uploads\/2019\/06\/koncert2-864x420.jpg 864w, https:\/\/centralmedia.rs\/wp-content\/uploads\/2019\/06\/koncert2-640x311.jpg 640w, https:\/\/centralmedia.rs\/wp-content\/uploads\/2019\/06\/koncert2-681x331.jpg 681w\" sizes=\"(max-width: 1280px) 100vw, 1280px\" \/><\/a>\n\t\t\t<\/div><\/figure>\n\t\t<\/div>\n\n<p>Povodom Dana op\u0161tine na Trgu Stevana Sin\u0111eli\u0107a odr\u017ean je koncert Aleksandre Radovi\u0107, koja je odu\u0161evila vi\u0161e stotina Svilajn\u010dana svojim hitovima i izvo\u0111enjem.<\/p>\n<div id='gallery-3' class='gallery galleryid-18653 gallery-columns-4 gallery-size-full'><figure class='gallery-item'>\n\t\t\t<div class='gallery-icon landscape'>\n\t\t\t\t<a href='https:\/\/centralmedia.rs\/index.php\/2019\/06\/30\/dan-opstine-svilajnac-plaketa-ministru-vladanu-vukosavljevicu\/dan-opstine-1-2\/'><img loading=\"lazy\" decoding=\"async\" width=\"1280\" height=\"622\" src=\"https:\/\/centralmedia.rs\/wp-content\/uploads\/2019\/06\/dan-opstine-1.jpg\" class=\"attachment-full size-full\" alt=\"\" srcset=\"https:\/\/centralmedia.rs\/wp-content\/uploads\/2019\/06\/dan-opstine-1.jpg 1280w, https:\/\/centralmedia.rs\/wp-content\/uploads\/2019\/06\/dan-opstine-1-300x146.jpg 300w, https:\/\/centralmedia.rs\/wp-content\/uploads\/2019\/06\/dan-opstine-1-768x373.jpg 768w, https:\/\/centralmedia.rs\/wp-content\/uploads\/2019\/06\/dan-opstine-1-1024x498.jpg 1024w, https:\/\/centralmedia.rs\/wp-content\/uploads\/2019\/06\/dan-opstine-1-864x420.jpg 864w, https:\/\/centralmedia.rs\/wp-content\/uploads\/2019\/06\/dan-opstine-1-640x311.jpg 640w, https:\/\/centralmedia.rs\/wp-content\/uploads\/2019\/06\/dan-opstine-1-681x331.jpg 681w\" sizes=\"(max-width: 1280px) 100vw, 1280px\" \/><\/a>\n\t\t\t<\/div><\/figure><figure class='gallery-item'>\n\t\t\t<div class='gallery-icon landscape'>\n\t\t\t\t<a href='https:\/\/centralmedia.rs\/index.php\/2019\/06\/30\/dan-opstine-svilajnac-plaketa-ministru-vladanu-vukosavljevicu\/dan-opstine2\/'><img loading=\"lazy\" decoding=\"async\" width=\"1280\" height=\"622\" src=\"https:\/\/centralmedia.rs\/wp-content\/uploads\/2019\/06\/dan-opstine2.jpg\" class=\"attachment-full size-full\" alt=\"\" srcset=\"https:\/\/centralmedia.rs\/wp-content\/uploads\/2019\/06\/dan-opstine2.jpg 1280w, https:\/\/centralmedia.rs\/wp-content\/uploads\/2019\/06\/dan-opstine2-300x146.jpg 300w, https:\/\/centralmedia.rs\/wp-content\/uploads\/2019\/06\/dan-opstine2-768x373.jpg 768w, https:\/\/centralmedia.rs\/wp-content\/uploads\/2019\/06\/dan-opstine2-1024x498.jpg 1024w, https:\/\/centralmedia.rs\/wp-content\/uploads\/2019\/06\/dan-opstine2-864x420.jpg 864w, https:\/\/centralmedia.rs\/wp-content\/uploads\/2019\/06\/dan-opstine2-640x311.jpg 640w, https:\/\/centralmedia.rs\/wp-content\/uploads\/2019\/06\/dan-opstine2-681x331.jpg 681w\" sizes=\"(max-width: 1280px) 100vw, 1280px\" \/><\/a>\n\t\t\t<\/div><\/figure><figure class='gallery-item'>\n\t\t\t<div class='gallery-icon landscape'>\n\t\t\t\t<a href='https:\/\/centralmedia.rs\/index.php\/2019\/06\/30\/dan-opstine-svilajnac-plaketa-ministru-vladanu-vukosavljevicu\/dan-opstine3\/'><img loading=\"lazy\" decoding=\"async\" width=\"1280\" height=\"622\" src=\"https:\/\/centralmedia.rs\/wp-content\/uploads\/2019\/06\/dan-opstine3.jpg\" class=\"attachment-full size-full\" alt=\"\" srcset=\"https:\/\/centralmedia.rs\/wp-content\/uploads\/2019\/06\/dan-opstine3.jpg 1280w, https:\/\/centralmedia.rs\/wp-content\/uploads\/2019\/06\/dan-opstine3-300x146.jpg 300w, https:\/\/centralmedia.rs\/wp-content\/uploads\/2019\/06\/dan-opstine3-768x373.jpg 768w, https:\/\/centralmedia.rs\/wp-content\/uploads\/2019\/06\/dan-opstine3-1024x498.jpg 1024w, https:\/\/centralmedia.rs\/wp-content\/uploads\/2019\/06\/dan-opstine3-864x420.jpg 864w, https:\/\/centralmedia.rs\/wp-content\/uploads\/2019\/06\/dan-opstine3-640x311.jpg 640w, https:\/\/centralmedia.rs\/wp-content\/uploads\/2019\/06\/dan-opstine3-681x331.jpg 681w\" sizes=\"(max-width: 1280px) 100vw, 1280px\" \/><\/a>\n\t\t\t<\/div><\/figure><figure class='gallery-item'>\n\t\t\t<div class='gallery-icon landscape'>\n\t\t\t\t<a href='https:\/\/centralmedia.rs\/index.php\/2019\/06\/30\/dan-opstine-svilajnac-plaketa-ministru-vladanu-vukosavljevicu\/dan-opstine5\/'><img loading=\"lazy\" decoding=\"async\" width=\"1280\" height=\"622\" src=\"https:\/\/centralmedia.rs\/wp-content\/uploads\/2019\/06\/dan-opstine5.jpg\" class=\"attachment-full size-full\" alt=\"\" srcset=\"https:\/\/centralmedia.rs\/wp-content\/uploads\/2019\/06\/dan-opstine5.jpg 1280w, https:\/\/centralmedia.rs\/wp-content\/uploads\/2019\/06\/dan-opstine5-300x146.jpg 300w, https:\/\/centralmedia.rs\/wp-content\/uploads\/2019\/06\/dan-opstine5-768x373.jpg 768w, https:\/\/centralmedia.rs\/wp-content\/uploads\/2019\/06\/dan-opstine5-1024x498.jpg 1024w, https:\/\/centralmedia.rs\/wp-content\/uploads\/2019\/06\/dan-opstine5-864x420.jpg 864w, https:\/\/centralmedia.rs\/wp-content\/uploads\/2019\/06\/dan-opstine5-640x311.jpg 640w, https:\/\/centralmedia.rs\/wp-content\/uploads\/2019\/06\/dan-opstine5-681x331.jpg 681w\" sizes=\"(max-width: 1280px) 100vw, 1280px\" \/><\/a>\n\t\t\t<\/div><\/figure>\n\t\t<\/div>\n\n<blockquote><p>NAJBOLJI U\u010cENICI<\/p>\n<p>Milanovi\u0107 je uru\u010dio priznjanja i nov\u010dane nagrade najboljim u\u010denicima, po 50 hiljada dinara dobili su \u0111aci generacije,a po 20 hiljada osvaja\u010di jednog od prva tri mesta na nacionalnim takmi\u010denjema. \u0110aci generacije su Milica Paunovi\u0107, Nikolina Momirovi\u0107, Irena Mija\u010di\u0107, Teodora Ko\u010di\u0107 i Mirajna Vasi\u0107.<\/p>\n<p>&#8211; Zahvaljujemo se op\u0161tini Svilajnac na svemu \u0161to je u\u010dinila i \u010dini za nas, neprestano motivi\u0161e i pokazuje da vredi biti uporan,marljiv i ambiciozan, jer \u0107e ona uvek biti tu kao velika podr\u0161ka i oslonac, kazala je u ime nagra\u0111enih u\u010denika teodora Ko\u010di\u0107 i po\u017eelela jo\u0161 mnogo godina ispunjenih prosperitetom i postignu\u0107ima na svakom polju.<\/p><\/blockquote>\n","protected":false},"excerpt":{"rendered":"<p>SVILAJNAC- Svilajnac sija jakim sjajem i u vrhu je lokalnih samouprava u Srbiji, ne samo po materijalnim izdvajanjima, ve\u0107 pripada samom vrhu na\u0161e dr\u017eave po &hellip; <\/p>\n","protected":false},"author":2,"featured_media":18654,"comment_status":"open","ping_status":"open","sticky":false,"template":"","format":"standard","meta":{"footnotes":""},"categories":[1524,2,13,887,12,1517],"tags":[2041,39,38,1768],"_links":{"self":[{"href":"https:\/\/centralmedia.rs\/index.php\/wp-json\/wp\/v2\/posts\/18653"}],"collection":[{"href":"https:\/\/centralmedia.rs\/index.php\/wp-json\/wp\/v2\/posts"}],"about":[{"href":"https:\/\/centralmedia.rs\/index.php\/wp-json\/wp\/v2\/types\/post"}],"author":[{"embeddable":true,"href":"https:\/\/centralmedia.rs\/index.php\/wp-json\/wp\/v2\/users\/2"}],"replies":[{"embeddable":true,"href":"https:\/\/centralmedia.rs\/index.php\/wp-json\/wp\/v2\/comments?post=18653"}],"version-history":[{"count":7,"href":"https:\/\/centralmedia.rs\/index.php\/wp-json\/wp\/v2\/posts\/18653\/revisions"}],"predecessor-version":[{"id":18672,"href":"https:\/\/centralmedia.rs\/index.php\/wp-json\/wp\/v2\/posts\/18653\/revisions\/18672"}],"wp:featuredmedia":[{"embeddable":true,"href":"https:\/\/centralmedia.rs\/index.php\/wp-json\/wp\/v2\/media\/18654"}],"wp:attachment":[{"href":"https:\/\/centralmedia.rs\/index.php\/wp-json\/wp\/v2\/media?parent=18653"}],"wp:term":[{"taxonomy":"category","embeddable":true,"href":"https:\/\/centralmedia.rs\/index.php\/wp-json\/wp\/v2\/categories?post=18653"},{"taxonomy":"post_tag","embeddable":true,"href":"https:\/\/centralmedia.rs\/index.php\/wp-json\/wp\/v2\/tags?post=18653"}],"curies":[{"name":"wp","href":"https:\/\/api.w.org\/{rel}","templated":true}]}}