{"id":18687,"date":"2019-06-30T16:54:21","date_gmt":"2019-06-30T16:54:21","guid":{"rendered":"http:\/\/centralmedia.rs\/?p=18687"},"modified":"2019-07-06T11:39:45","modified_gmt":"2019-07-06T11:39:45","slug":"festival-saha-u-paracinu","status":"publish","type":"post","link":"https:\/\/centralmedia.rs\/index.php\/2019\/06\/30\/festival-saha-u-paracinu\/","title":{"rendered":"Festival \u0161aha u Para\u0107inu &#8211; Svi sme\u0161tajni kapaciteti popunjeni"},"content":{"rendered":"<p>PARA\u0106IN- 12. Me\u0111unarodni \u0161ahovski festival \u00a0u Para\u0107inu po\u010dinje 5. jula i traje do 12, a posle festivala odr\u017eava se jo\u0161 nekoliko \u0161ahovskih takmi\u010denja do 27. jula. Za festival je orijavljeno 380 u\u010desnika iz 35 zemalja. Direktor TO Para\u0107in Aljo\u0161a Gligorijevi\u0107 istakao je da su svi sme\u0161tajni kapaciteti u hotelima, preno\u0107i\u0161tima i privatnom sme\u0161taju popunjeni.<\/p>\n","protected":false},"excerpt":{"rendered":"<p>PARA\u0106IN- 12. Me\u0111unarodni \u0161ahovski festival \u00a0u Para\u0107inu po\u010dinje 5. jula i traje do 12, a posle festivala odr\u017eava se jo\u0161 nekoliko \u0161ahovskih takmi\u010denja do 27. &hellip; <\/p>\n","protected":false},"author":2,"featured_media":8693,"comment_status":"open","ping_status":"open","sticky":false,"template":"","format":"standard","meta":{"footnotes":""},"categories":[1515,1524,2,887,21,12],"tags":[3850,156],"_links":{"self":[{"href":"https:\/\/centralmedia.rs\/index.php\/wp-json\/wp\/v2\/posts\/18687"}],"collection":[{"href":"https:\/\/centralmedia.rs\/index.php\/wp-json\/wp\/v2\/posts"}],"about":[{"href":"https:\/\/centralmedia.rs\/index.php\/wp-json\/wp\/v2\/types\/post"}],"author":[{"embeddable":true,"href":"https:\/\/centralmedia.rs\/index.php\/wp-json\/wp\/v2\/users\/2"}],"replies":[{"embeddable":true,"href":"https:\/\/centralmedia.rs\/index.php\/wp-json\/wp\/v2\/comments?post=18687"}],"version-history":[{"count":2,"href":"https:\/\/centralmedia.rs\/index.php\/wp-json\/wp\/v2\/posts\/18687\/revisions"}],"predecessor-version":[{"id":18689,"href":"https:\/\/centralmedia.rs\/index.php\/wp-json\/wp\/v2\/posts\/18687\/revisions\/18689"}],"wp:featuredmedia":[{"embeddable":true,"href":"https:\/\/centralmedia.rs\/index.php\/wp-json\/wp\/v2\/media\/8693"}],"wp:attachment":[{"href":"https:\/\/centralmedia.rs\/index.php\/wp-json\/wp\/v2\/media?parent=18687"}],"wp:term":[{"taxonomy":"category","embeddable":true,"href":"https:\/\/centralmedia.rs\/index.php\/wp-json\/wp\/v2\/categories?post=18687"},{"taxonomy":"post_tag","embeddable":true,"href":"https:\/\/centralmedia.rs\/index.php\/wp-json\/wp\/v2\/tags?post=18687"}],"curies":[{"name":"wp","href":"https:\/\/api.w.org\/{rel}","templated":true}]}}