{"id":18690,"date":"2019-06-30T16:59:28","date_gmt":"2019-06-30T16:59:28","guid":{"rendered":"http:\/\/centralmedia.rs\/?p=18690"},"modified":"2019-07-02T09:31:31","modified_gmt":"2019-07-02T09:31:31","slug":"izgradnja-ulica-u-seoskim-mesnim-zajednicama","status":"publish","type":"post","link":"https:\/\/centralmedia.rs\/index.php\/2019\/06\/30\/izgradnja-ulica-u-seoskim-mesnim-zajednicama\/","title":{"rendered":"Izgradnja ulica u seoskim mesnim zajednicama"},"content":{"rendered":"<p>PARA\u0106IN- Izgradnja ulica u seoskim mesnim\u00a0 zajednicama u Para\u0107inu nastavlejna je u Busilovcu gde je \u00a0asfaltirana Bakri\u0107ska ulica, druga od po\u010detka godine u tom selu.<\/p>\n<p>&#8211; Gradimo drugu ulicu u Busilovcu, a nedavno smo zavr\u0161ili deo Partizanske ulice. Pored toga, izgradili smo ulicu u Ra\u0161evici i nastaljamo sa radovima u ostalim selima i nastavljamo po dvogodi\u0161njem programu koji je ugovoren ove bud\u017eetske godine, rekao je predsednik te op\u0161tine Sa\u0161a Paunovi\u0107.<\/p>\n<div id='gallery-1' class='gallery galleryid-18690 gallery-columns-3 gallery-size-full'><figure class='gallery-item'>\n\t\t\t<div class='gallery-icon landscape'>\n\t\t\t\t<a href='https:\/\/centralmedia.rs\/index.php\/2019\/06\/30\/izgradnja-ulica-u-seoskim-mesnim-zajednicama\/buslilovac\/'><img loading=\"lazy\" decoding=\"async\" width=\"1312\" height=\"640\" src=\"https:\/\/centralmedia.rs\/wp-content\/uploads\/2019\/06\/buslilovac.jpg\" class=\"attachment-full size-full\" alt=\"\" srcset=\"https:\/\/centralmedia.rs\/wp-content\/uploads\/2019\/06\/buslilovac.jpg 1312w, https:\/\/centralmedia.rs\/wp-content\/uploads\/2019\/06\/buslilovac-300x146.jpg 300w, https:\/\/centralmedia.rs\/wp-content\/uploads\/2019\/06\/buslilovac-768x375.jpg 768w, https:\/\/centralmedia.rs\/wp-content\/uploads\/2019\/06\/buslilovac-1024x500.jpg 1024w, https:\/\/centralmedia.rs\/wp-content\/uploads\/2019\/06\/buslilovac-861x420.jpg 861w, https:\/\/centralmedia.rs\/wp-content\/uploads\/2019\/06\/buslilovac-640x312.jpg 640w, https:\/\/centralmedia.rs\/wp-content\/uploads\/2019\/06\/buslilovac-681x332.jpg 681w\" sizes=\"(max-width: 1312px) 100vw, 1312px\" \/><\/a>\n\t\t\t<\/div><\/figure><figure class='gallery-item'>\n\t\t\t<div class='gallery-icon landscape'>\n\t\t\t\t<a href='https:\/\/centralmedia.rs\/index.php\/2019\/06\/30\/izgradnja-ulica-u-seoskim-mesnim-zajednicama\/buslilovac1\/'><img loading=\"lazy\" decoding=\"async\" width=\"2048\" height=\"1152\" src=\"https:\/\/centralmedia.rs\/wp-content\/uploads\/2019\/06\/buslilovac1.jpg\" class=\"attachment-full size-full\" alt=\"\" srcset=\"https:\/\/centralmedia.rs\/wp-content\/uploads\/2019\/06\/buslilovac1.jpg 2048w, https:\/\/centralmedia.rs\/wp-content\/uploads\/2019\/06\/buslilovac1-300x169.jpg 300w, https:\/\/centralmedia.rs\/wp-content\/uploads\/2019\/06\/buslilovac1-768x432.jpg 768w, https:\/\/centralmedia.rs\/wp-content\/uploads\/2019\/06\/buslilovac1-1024x576.jpg 1024w, https:\/\/centralmedia.rs\/wp-content\/uploads\/2019\/06\/buslilovac1-747x420.jpg 747w, https:\/\/centralmedia.rs\/wp-content\/uploads\/2019\/06\/buslilovac1-640x360.jpg 640w, https:\/\/centralmedia.rs\/wp-content\/uploads\/2019\/06\/buslilovac1-681x383.jpg 681w\" sizes=\"(max-width: 2048px) 100vw, 2048px\" \/><\/a>\n\t\t\t<\/div><\/figure><figure class='gallery-item'>\n\t\t\t<div class='gallery-icon landscape'>\n\t\t\t\t<a href='https:\/\/centralmedia.rs\/index.php\/2019\/06\/30\/izgradnja-ulica-u-seoskim-mesnim-zajednicama\/buslilovac2\/'><img loading=\"lazy\" decoding=\"async\" width=\"2048\" height=\"1152\" src=\"https:\/\/centralmedia.rs\/wp-content\/uploads\/2019\/06\/buslilovac2.jpg\" class=\"attachment-full size-full\" alt=\"\" srcset=\"https:\/\/centralmedia.rs\/wp-content\/uploads\/2019\/06\/buslilovac2.jpg 2048w, https:\/\/centralmedia.rs\/wp-content\/uploads\/2019\/06\/buslilovac2-300x169.jpg 300w, https:\/\/centralmedia.rs\/wp-content\/uploads\/2019\/06\/buslilovac2-768x432.jpg 768w, https:\/\/centralmedia.rs\/wp-content\/uploads\/2019\/06\/buslilovac2-1024x576.jpg 1024w, https:\/\/centralmedia.rs\/wp-content\/uploads\/2019\/06\/buslilovac2-747x420.jpg 747w, https:\/\/centralmedia.rs\/wp-content\/uploads\/2019\/06\/buslilovac2-640x360.jpg 640w, https:\/\/centralmedia.rs\/wp-content\/uploads\/2019\/06\/buslilovac2-681x383.jpg 681w\" sizes=\"(max-width: 2048px) 100vw, 2048px\" \/><\/a>\n\t\t\t<\/div><\/figure>\n\t\t<\/div>\n\n<p>Izgradnja ulica bi\u0107e nastavljena intenzivnije u ulicama gde se zavr\u0161avaju radovi na zameni vodovodne mre\u017ee, odnosno gde su re\u0161eni imovinski problemi.<\/p>\n","protected":false},"excerpt":{"rendered":"<p>PARA\u0106IN- Izgradnja ulica u seoskim mesnim\u00a0 zajednicama u Para\u0107inu nastavlejna je u Busilovcu gde je \u00a0asfaltirana Bakri\u0107ska ulica, druga od po\u010detka godine u tom selu. &hellip; <\/p>\n","protected":false},"author":2,"featured_media":18691,"comment_status":"open","ping_status":"open","sticky":false,"template":"","format":"standard","meta":{"footnotes":""},"categories":[1524,2,1516,887,16,12],"tags":[3152,3852,3851,156,909],"_links":{"self":[{"href":"https:\/\/centralmedia.rs\/index.php\/wp-json\/wp\/v2\/posts\/18690"}],"collection":[{"href":"https:\/\/centralmedia.rs\/index.php\/wp-json\/wp\/v2\/posts"}],"about":[{"href":"https:\/\/centralmedia.rs\/index.php\/wp-json\/wp\/v2\/types\/post"}],"author":[{"embeddable":true,"href":"https:\/\/centralmedia.rs\/index.php\/wp-json\/wp\/v2\/users\/2"}],"replies":[{"embeddable":true,"href":"https:\/\/centralmedia.rs\/index.php\/wp-json\/wp\/v2\/comments?post=18690"}],"version-history":[{"count":1,"href":"https:\/\/centralmedia.rs\/index.php\/wp-json\/wp\/v2\/posts\/18690\/revisions"}],"predecessor-version":[{"id":18695,"href":"https:\/\/centralmedia.rs\/index.php\/wp-json\/wp\/v2\/posts\/18690\/revisions\/18695"}],"wp:featuredmedia":[{"embeddable":true,"href":"https:\/\/centralmedia.rs\/index.php\/wp-json\/wp\/v2\/media\/18691"}],"wp:attachment":[{"href":"https:\/\/centralmedia.rs\/index.php\/wp-json\/wp\/v2\/media?parent=18690"}],"wp:term":[{"taxonomy":"category","embeddable":true,"href":"https:\/\/centralmedia.rs\/index.php\/wp-json\/wp\/v2\/categories?post=18690"},{"taxonomy":"post_tag","embeddable":true,"href":"https:\/\/centralmedia.rs\/index.php\/wp-json\/wp\/v2\/tags?post=18690"}],"curies":[{"name":"wp","href":"https:\/\/api.w.org\/{rel}","templated":true}]}}