{"id":18700,"date":"2019-06-30T17:18:58","date_gmt":"2019-06-30T17:18:58","guid":{"rendered":"http:\/\/centralmedia.rs\/?p=18700"},"modified":"2019-07-02T09:31:46","modified_gmt":"2019-07-02T09:31:46","slug":"koncert-ivane-jordan-u-paracinu","status":"publish","type":"post","link":"https:\/\/centralmedia.rs\/index.php\/2019\/06\/30\/koncert-ivane-jordan-u-paracinu\/","title":{"rendered":"KONCERT IVANE JORDAN U PARA\u0106INU"},"content":{"rendered":"<p>PARA\u0106IN- U organizaciji Doma omladine Para\u0107in na platou u centru grada Ivana Jordan odr\u017eala je koncert.\u00a0 Ovaj koncert je uvod u vi\u0161e letnjih zabavnihh doga\u0111anja u gradu na Crnici.<\/p>\n","protected":false},"excerpt":{"rendered":"<p>PARA\u0106IN- U organizaciji Doma omladine Para\u0107in na platou u centru grada Ivana Jordan odr\u017eala je koncert.\u00a0 Ovaj koncert je uvod u vi\u0161e letnjih zabavnihh doga\u0111anja &hellip; <\/p>\n","protected":false},"author":2,"featured_media":18701,"comment_status":"open","ping_status":"open","sticky":false,"template":"","format":"standard","meta":{"footnotes":""},"categories":[1524,2,23,1516,887,3055],"tags":[1042,156],"_links":{"self":[{"href":"https:\/\/centralmedia.rs\/index.php\/wp-json\/wp\/v2\/posts\/18700"}],"collection":[{"href":"https:\/\/centralmedia.rs\/index.php\/wp-json\/wp\/v2\/posts"}],"about":[{"href":"https:\/\/centralmedia.rs\/index.php\/wp-json\/wp\/v2\/types\/post"}],"author":[{"embeddable":true,"href":"https:\/\/centralmedia.rs\/index.php\/wp-json\/wp\/v2\/users\/2"}],"replies":[{"embeddable":true,"href":"https:\/\/centralmedia.rs\/index.php\/wp-json\/wp\/v2\/comments?post=18700"}],"version-history":[{"count":1,"href":"https:\/\/centralmedia.rs\/index.php\/wp-json\/wp\/v2\/posts\/18700\/revisions"}],"predecessor-version":[{"id":18702,"href":"https:\/\/centralmedia.rs\/index.php\/wp-json\/wp\/v2\/posts\/18700\/revisions\/18702"}],"wp:featuredmedia":[{"embeddable":true,"href":"https:\/\/centralmedia.rs\/index.php\/wp-json\/wp\/v2\/media\/18701"}],"wp:attachment":[{"href":"https:\/\/centralmedia.rs\/index.php\/wp-json\/wp\/v2\/media?parent=18700"}],"wp:term":[{"taxonomy":"category","embeddable":true,"href":"https:\/\/centralmedia.rs\/index.php\/wp-json\/wp\/v2\/categories?post=18700"},{"taxonomy":"post_tag","embeddable":true,"href":"https:\/\/centralmedia.rs\/index.php\/wp-json\/wp\/v2\/tags?post=18700"}],"curies":[{"name":"wp","href":"https:\/\/api.w.org\/{rel}","templated":true}]}}