{"id":18709,"date":"2019-07-01T12:02:14","date_gmt":"2019-07-01T12:02:14","guid":{"rendered":"http:\/\/centralmedia.rs\/?p=18709"},"modified":"2019-07-02T09:32:33","modified_gmt":"2019-07-02T09:32:33","slug":"direktor-i-nastavnik-rusili-lokalnu-vlast-umesto-da-budu-u-skoli","status":"publish","type":"post","link":"https:\/\/centralmedia.rs\/index.php\/2019\/07\/01\/direktor-i-nastavnik-rusili-lokalnu-vlast-umesto-da-budu-u-skoli\/","title":{"rendered":"Direktor i nastavnik ,,ru\u0161ili&#8221; lokalnu vlast umesto da budu u \u0161koli"},"content":{"rendered":"<p>PARA\u0106IN- Na sednici Op\u0161tinskog ve\u0107a SO Para\u0107in zatra\u017eeno je da se ispita da li je direktor Dejan Ne\u0161i\u0107 ,,la\u017eno svedo\u010dio u korist nastavnika Vladana Bogdanovi\u0107a u izjavi Prosvetnoj inspekciji&#8221;, a povodom u\u010destvovanja nastavnika na protestnom skupu SNS umesto da odr\u017ei \u010das u \u0161koli koji je upisao. Prosvetna inspekcija uo\u010dila je niz nepravilnosti ali slu\u010daj nije zaklju\u010dila jer je direktor Tehnolo\u0161ke \u0161kole koji je i sam u\u010destvovao na politi\u010dkom skupu SNS, kasnije i na jednom protestu odr\u017eao govor, zvani\u010dno inspekciji rekao da je Bogdanovi\u0107 \u201ezakasnio\u201c te je na sednici para\u0107inskog Ve\u0107a zatra\u017eeno da se ispita ,,da li je direktor la\u017eno svedo\u010dio u korist nastavnika u izjavi dr\u017eavnim organima&#8221;.<\/p>\n<p>-Nemam komentar. Prosvetna inspekciaj je bila, to je sve zavr\u0161eno. Ne znam o \u010demu pri\u010daju. To je bilo jo\u0161 u aprilu, nastavnik je ka\u017enjen i to je to.\u00a0 Kada ve\u0107 pi\u0161u o tome mogu da vam daju izve\u0161taj Prosvetne ispekcije, o\u0161to su veoma pametni, komentari\u0161e inicijativnu pokrenutu na lokalnom Ne\u0161i\u0107.<\/p>\n<p>Vanrednim inspekcijskim nadzorom utvr\u0111eno je da je imenovani nastavnik po rasporedu 12. aprila trebalo da odr\u017ei \u010dasove u popodnevnoj smeni i to \u010detiri \u010dasa, u odeljenjima 3\/3, 3\/1, 1\/5 i 1\/4. U Knjigama evidencije o obrazovno \u2013 vaspitnom radu za odeljenja 3\/3, 3\/1, 1\/5 i 1\/4 se vidi da je Vladan Bogdanovi\u0107 upisao sve \u010dasove kao odr\u017eane \u2013 me\u0111utim na snimcima dostupnim javnosti vidi se da je u tim trenucima nastavnik \u201epobegao&#8221; sa \u010dasova i u\u010destvovao na politi\u010dkom skupu naprednjaka.<\/p>\n<p>Diplomirani pedagog fizi\u010dke kulture Bogdanovi\u0107 koji je u Tehnolo\u0161koj \u0161koli zaposlen na neodre\u0111eno vreme sa punom normom \u010dasova od 100 odsto, rekao je, kako stoji u zapisniku prosvetne inspekcije,\u00a0da je tog dana imao \u201eneke privatne obaveze\u201c i nije znao koliko \u0107e se zadr\u017eati.<\/p>\n<p>Prosvetna inspekcija ustanovila je niz nezakonitosti u slu\u010daju u Tehnolo\u0161koj \u0161koli, gde postoji sumnja da je direktor \u0161kole dozvolio nastavniku Bogdanovi\u0107u da umesto da odr\u017ei \u010das koji je upisao, zapravo prisustvuje protestu SNS u ovom gradu kada je ta stranka poku\u0161ala da ,,ru\u0161i&#8221; vlast.<\/p>\n<p>Prvi upad naprednjaka u zgradu op\u0161tine Para\u0107in dogodio se 12. aprila, \u00a0kada su aktivisti SNS, \u0161to s posla, dr\u017eavnog ili privatnog, krenuli da zauzimaju zgradu a zatim je nekoliko odbornika provelo no\u0107 u skup\u0161tinskoj sali.<\/p>\n<p>Proteklih nekoliko meseci Tehnolo\u0161ka \u0161kola sa dugom tradicijom obrazovanja u\u010denika iza\u0161la je na lo\u0161 glas. Afera nastavnika koji umesto da dr\u017ei \u010dasove protestuje na strana\u010dkim skupovima, a zatim skandaloznim izve\u0161tajem Bud\u017eetske inspekcije da je novac namenjen porodiljama upla\u0107ivan na nepoznate ra\u010dune.<\/p>\n<p>&nbsp;<\/p>\n","protected":false},"excerpt":{"rendered":"<p>PARA\u0106IN- Na sednici Op\u0161tinskog ve\u0107a SO Para\u0107in zatra\u017eeno je da se ispita da li je direktor Dejan Ne\u0161i\u0107 ,,la\u017eno svedo\u010dio u korist nastavnika Vladana Bogdanovi\u0107a &hellip; <\/p>\n","protected":false},"author":2,"featured_media":18710,"comment_status":"open","ping_status":"open","sticky":false,"template":"","format":"standard","meta":{"footnotes":""},"categories":[14,1524,2,1516,887,12],"tags":[3696,156,136,362],"_links":{"self":[{"href":"https:\/\/centralmedia.rs\/index.php\/wp-json\/wp\/v2\/posts\/18709"}],"collection":[{"href":"https:\/\/centralmedia.rs\/index.php\/wp-json\/wp\/v2\/posts"}],"about":[{"href":"https:\/\/centralmedia.rs\/index.php\/wp-json\/wp\/v2\/types\/post"}],"author":[{"embeddable":true,"href":"https:\/\/centralmedia.rs\/index.php\/wp-json\/wp\/v2\/users\/2"}],"replies":[{"embeddable":true,"href":"https:\/\/centralmedia.rs\/index.php\/wp-json\/wp\/v2\/comments?post=18709"}],"version-history":[{"count":1,"href":"https:\/\/centralmedia.rs\/index.php\/wp-json\/wp\/v2\/posts\/18709\/revisions"}],"predecessor-version":[{"id":18711,"href":"https:\/\/centralmedia.rs\/index.php\/wp-json\/wp\/v2\/posts\/18709\/revisions\/18711"}],"wp:featuredmedia":[{"embeddable":true,"href":"https:\/\/centralmedia.rs\/index.php\/wp-json\/wp\/v2\/media\/18710"}],"wp:attachment":[{"href":"https:\/\/centralmedia.rs\/index.php\/wp-json\/wp\/v2\/media?parent=18709"}],"wp:term":[{"taxonomy":"category","embeddable":true,"href":"https:\/\/centralmedia.rs\/index.php\/wp-json\/wp\/v2\/categories?post=18709"},{"taxonomy":"post_tag","embeddable":true,"href":"https:\/\/centralmedia.rs\/index.php\/wp-json\/wp\/v2\/tags?post=18709"}],"curies":[{"name":"wp","href":"https:\/\/api.w.org\/{rel}","templated":true}]}}