{"id":18716,"date":"2019-07-01T15:58:02","date_gmt":"2019-07-01T15:58:02","guid":{"rendered":"http:\/\/centralmedia.rs\/?p=18716"},"modified":"2019-07-02T09:49:50","modified_gmt":"2019-07-02T09:49:50","slug":"uhapsena-direktorka-centra-za-socijalni-rad-u-paracinu","status":"publish","type":"post","link":"https:\/\/centralmedia.rs\/index.php\/2019\/07\/01\/uhapsena-direktorka-centra-za-socijalni-rad-u-paracinu\/","title":{"rendered":"Uhap\u0161ena direktorka Centra za socijalni rad u Para\u0107inu"},"content":{"rendered":"<p>PARA\u0106IN- Pripadnici Ministarstva unutra\u0161njih poslova, Odeljenja za borbu protiv \u00a0korupcije, u saradnji sa Vi\u0161im javnim tu\u017eila\u0161tvom u Kraljevu, uhapsili su B.M.S. (56), odgovorno lice Centra za socijalni rad u Para\u0107inu, zbog postojanja osnova sumnje da je izvr\u0161ila krivi\u010dno delo zloupotreba slu\u017ebenog polo\u017eaja, saop\u0161teno je iz MUP Srbija.<\/p>\n<p>Ona se sumnji\u010di da je u periodu od 2015. do 2019. godine zaklju\u010dila ugovore o radnom anga\u017eovanju na privremenim i povremenim poslovima i o volontiranju sa \u010detiri osobe iz Para\u0107ina, a zapravo ih je uputila da fakti\u010dki obavljaju administrativno-tehni\u010dke poslove u Odeljenju za lokalnu poresku administraciju Op\u0161tinske uprave u Para\u0107inu.<\/p>\n<p>Sumnja se da je B.M.S. na ovaj na\u010din ovim osobama omogu\u0107ila neovla\u0161\u0107eni pristup podacima koji se prema Zakonu o poreskom postupku i poreskoj administraciji smatraju slu\u017ebenom tajnom, a pritom im ispla\u0107ivala ugovorenu nov\u010danu naknadu ili jednokratnu nov\u010danu pomo\u0107 za sve vreme radnog anga\u017eovanja, iako oni nisu obavljali niti jedan posao u Centru za socijalni rad, u kojem je osumnji\u010dena odgovorno lice.<\/p>\n<p>Ona se tako\u0111e sumnji\u010di da je u istom vremenskom periodu zaklju\u010dila ugovore o nabavci robe \u0161iroke potro\u0161nje sa jednim privrednim dru\u0161tvom iz Para\u0107ina, kao i da je od jedne radnje nabavljala pogrebnu opremu bez ugovora o kupoprodaji robe. Na ovaj na\u010din je favorizovala navedene dobavlja\u010de, omogu\u0107ila im plasman i prodaju njihove robe mimo zakona, kao i korist u iznosu od 2.096.054 dinara.<\/p>\n<p>Osumnji\u010dena je, uz krivi\u010dnu prijavu, privedena u Posebno odeljenje za suzbijanje korupcije Vi\u0161eg javno tu\u017eila\u0161tva u Kraljevu.<\/p>\n","protected":false},"excerpt":{"rendered":"<p>PARA\u0106IN- Pripadnici Ministarstva unutra\u0161njih poslova, Odeljenja za borbu protiv \u00a0korupcije, u saradnji sa Vi\u0161im javnim tu\u017eila\u0161tvom u Kraljevu, uhapsili su B.M.S. (56), odgovorno lice Centra &hellip; <\/p>\n","protected":false},"author":2,"featured_media":16553,"comment_status":"open","ping_status":"open","sticky":false,"template":"","format":"standard","meta":{"footnotes":""},"categories":[1524,20,2,1516,12],"tags":[3246,156],"_links":{"self":[{"href":"https:\/\/centralmedia.rs\/index.php\/wp-json\/wp\/v2\/posts\/18716"}],"collection":[{"href":"https:\/\/centralmedia.rs\/index.php\/wp-json\/wp\/v2\/posts"}],"about":[{"href":"https:\/\/centralmedia.rs\/index.php\/wp-json\/wp\/v2\/types\/post"}],"author":[{"embeddable":true,"href":"https:\/\/centralmedia.rs\/index.php\/wp-json\/wp\/v2\/users\/2"}],"replies":[{"embeddable":true,"href":"https:\/\/centralmedia.rs\/index.php\/wp-json\/wp\/v2\/comments?post=18716"}],"version-history":[{"count":1,"href":"https:\/\/centralmedia.rs\/index.php\/wp-json\/wp\/v2\/posts\/18716\/revisions"}],"predecessor-version":[{"id":18717,"href":"https:\/\/centralmedia.rs\/index.php\/wp-json\/wp\/v2\/posts\/18716\/revisions\/18717"}],"wp:featuredmedia":[{"embeddable":true,"href":"https:\/\/centralmedia.rs\/index.php\/wp-json\/wp\/v2\/media\/16553"}],"wp:attachment":[{"href":"https:\/\/centralmedia.rs\/index.php\/wp-json\/wp\/v2\/media?parent=18716"}],"wp:term":[{"taxonomy":"category","embeddable":true,"href":"https:\/\/centralmedia.rs\/index.php\/wp-json\/wp\/v2\/categories?post=18716"},{"taxonomy":"post_tag","embeddable":true,"href":"https:\/\/centralmedia.rs\/index.php\/wp-json\/wp\/v2\/tags?post=18716"}],"curies":[{"name":"wp","href":"https:\/\/api.w.org\/{rel}","templated":true}]}}