{"id":18724,"date":"2019-07-02T09:21:08","date_gmt":"2019-07-02T09:21:08","guid":{"rendered":"http:\/\/centralmedia.rs\/?p=18724"},"modified":"2019-07-06T11:39:02","modified_gmt":"2019-07-06T11:39:02","slug":"posle-nalaza-budzetske-inspekcije-u-tehnoloskoj-skoli-paracinsko-opstinsko-vece-podnelo-krivicne-prijave-protiv-odgovornih","status":"publish","type":"post","link":"https:\/\/centralmedia.rs\/index.php\/2019\/07\/02\/posle-nalaza-budzetske-inspekcije-u-tehnoloskoj-skoli-paracinsko-opstinsko-vece-podnelo-krivicne-prijave-protiv-odgovornih\/","title":{"rendered":"POSLE NALAZA BUD\u017dETSKE INSPEKCIJE U TEHNOLO\u0160KOJ \u0160KOLI &#8211; PARA\u0106INSKO OP\u0160TINSKO VE\u0106E PODNELO KRIVI\u010cNE PRIJAVE PROTIV ODGOVORNIH"},"content":{"rendered":"<p>PARA\u0106IN- Op\u0161tinsko ve\u0107e u Para\u0107inu, posle nalaza Bud\u017eetske inspekcije, protiv odgovornih lica Tehnolo\u0161ke \u0161kole podnelo je krivi\u010dne prijave zbog sumnje da je nenamenski tro\u0161en novac.\u00a0Ustanovljeno je da je prilikom isplate naknade\u00a0za prevoz zaposlenima novac zakidan. Isplate porodiljama, uprkos redovnom sevisiranju iz lokalnog bud\u017eeta za ove namene, vr\u0161ene su na nepoznati ra\u010dun koji ne pripada ni jednoj od porodilja u ovoj \u0161koli. Op\u0161tina je na razne na\u010dine dobijala smo pritu\u017ebe da ne ispunjava sve obaveze u Tehnolo\u0161koj \u0161koli na na\u010din da ne ispla\u0107uje prevoz radnika na vreme, da ne ispla\u0107uje a\u017eurno naknadu za porodiljsko bolovanje, kao i da te naknade kasne po vi\u0161e meseci. Zaposleni su tvrdili da se radi o propustu u radu op\u0161tinskih slu\u017ebi.<\/p>\n<p>-Me\u0111utim, uvidom u stanje mi smo utvrdili da je uvek ispla\u0107ivan onoliki iznos sredstava koliki je \u00a0trebovala Tehnolo\u0161ka \u0161kola. Ispla\u0107ivali smo onoliko koliko je tra\u017eeno. Me\u0111utim, primedbe su nastavljene i ove godine, Tehnolo\u0161ka \u0161kola je bila obuhva\u0107ena proverom bud\u017eetske isnpekcije. Ovde imamo spise u kojima se vidi da \u0161kola malom broju zaposlenih ispla\u0107uje za prevoz vi\u0161e nego \u0161to je obra\u010dunato, a ve\u0107ini radnika te iznose umanjuje, dok nekima ne ispla\u0107uje ni\u0161ta. To je prva ozbiljna nepravilnost. Kako izgleda godinama je svakog meseca radnicima zakidano od 15 do 30 hiljada dinara, tako \u0161to su ve\u0107ini naknade umanjivane za 500 do 1.000 dinara, dok nekima nisu ni ispla\u0107ivane. U slu\u010daju avgusta 2018.god. sa druge strane direktoru Dejanu Ne\u0161i\u0107u obra\u010dunat je prevoz na 1800 dinara, a ispla\u0107en mu je vi\u0161estruko ve\u0107i iznos, ka\u017ee predsednik Op\u0161tinskog ve\u0107a i op\u0161tine Para\u0107in, Sa\u0161a Paunovi\u0107.<\/p>\n<p>Druga ozbiljna nepravilnost ti\u010de se porodiljskog bolovanja, me\u0111utim, uvidom u finansije vidi se da je op\u0161tina uplatila celokupan iznos.<\/p>\n<p>-\u0160ta se de\u0161avalo? Kada op\u0161tina uplati novac za porodilje \u0161kola uredno obra\u010duna i plati porez, a novac umesto porodiljama bude upla\u0107en na nepoznati ra\u010dun koji ne pripada ni jednoj od porodilja, dok je porodiljama obja\u0161njavano da \u201euplata kasni zbog nea\u017eurnosti op\u0161tine\u201c. Mo\u017eemo neformalno u ovom trenutku da zaklju\u010dimo da je Tehnolo\u0161ka \u0161kola godinama manje upla\u0107ivala od zakonskog iznosa za prevoz a umesto na ra\u010dun porodiljama, \u0161kola je novac prebacivala na nepoznat ra\u010dun, dok su novac porodilje dobijale sa vi\u0161e meseci zaka\u0161njenja, poja\u0161njava Paunovi\u0107.<\/p>\n<p><img loading=\"lazy\" decoding=\"async\" class=\"alignnone wp-image-18727 size-full\" src=\"http:\/\/centralmedia.rs\/wp-content\/uploads\/2019\/07\/nesic-tv-prva.jpg\" alt=\"\" width=\"960\" height=\"535\" srcset=\"https:\/\/centralmedia.rs\/wp-content\/uploads\/2019\/07\/nesic-tv-prva.jpg 960w, https:\/\/centralmedia.rs\/wp-content\/uploads\/2019\/07\/nesic-tv-prva-300x167.jpg 300w, https:\/\/centralmedia.rs\/wp-content\/uploads\/2019\/07\/nesic-tv-prva-768x428.jpg 768w, https:\/\/centralmedia.rs\/wp-content\/uploads\/2019\/07\/nesic-tv-prva-754x420.jpg 754w, https:\/\/centralmedia.rs\/wp-content\/uploads\/2019\/07\/nesic-tv-prva-640x357.jpg 640w, https:\/\/centralmedia.rs\/wp-content\/uploads\/2019\/07\/nesic-tv-prva-681x380.jpg 681w\" sizes=\"(max-width: 960px) 100vw, 960px\" \/><\/p>\n<p>Zbog sumnje da je nenamenski tro\u0161en novac protiv odgovornih lica Tehnolo\u0161ke \u0161kole u Para\u0107inu podnesena je krivi\u010dna prijava.<\/p>\n<p>-\u0160ef ra\u010dunovodstva vr\u0161i obra\u010dun tih podataka i ra\u010duna, a i ja nisam znao za to niti mogu da sve pratim, svaki ra\u010dun i kome se \u0161ta upla\u0107uje, objasnio je Dejan Ne\u0161i\u0107, direktor Tehnolo\u0161ke \u0161kole ne osporavaju\u0107i nalaz bud\u017eetskog inspektora. Ne\u0161i\u0107 je ina\u010de aktivan ispred Srpske napredne stranke u ovom gradu i predsednik je Saveta za \u0161kolstvo SNS u Para\u0107inu. On je predhodno bio u DS i od 2016. godine je jedini ozbiljni ,,preleta\u010d&#8221; iz DS u SNS<\/p>\n<p>&nbsp;<\/p>\n","protected":false},"excerpt":{"rendered":"<p>PARA\u0106IN- Op\u0161tinsko ve\u0107e u Para\u0107inu, posle nalaza Bud\u017eetske inspekcije, protiv odgovornih lica Tehnolo\u0161ke \u0161kole podnelo je krivi\u010dne prijave zbog sumnje da je nenamenski tro\u0161en novac.\u00a0Ustanovljeno &hellip; <\/p>\n","protected":false},"author":2,"featured_media":18725,"comment_status":"open","ping_status":"open","sticky":false,"template":"","format":"standard","meta":{"footnotes":""},"categories":[1524,2,1516,13,887,12],"tags":[1182,156,362],"_links":{"self":[{"href":"https:\/\/centralmedia.rs\/index.php\/wp-json\/wp\/v2\/posts\/18724"}],"collection":[{"href":"https:\/\/centralmedia.rs\/index.php\/wp-json\/wp\/v2\/posts"}],"about":[{"href":"https:\/\/centralmedia.rs\/index.php\/wp-json\/wp\/v2\/types\/post"}],"author":[{"embeddable":true,"href":"https:\/\/centralmedia.rs\/index.php\/wp-json\/wp\/v2\/users\/2"}],"replies":[{"embeddable":true,"href":"https:\/\/centralmedia.rs\/index.php\/wp-json\/wp\/v2\/comments?post=18724"}],"version-history":[{"count":4,"href":"https:\/\/centralmedia.rs\/index.php\/wp-json\/wp\/v2\/posts\/18724\/revisions"}],"predecessor-version":[{"id":18730,"href":"https:\/\/centralmedia.rs\/index.php\/wp-json\/wp\/v2\/posts\/18724\/revisions\/18730"}],"wp:featuredmedia":[{"embeddable":true,"href":"https:\/\/centralmedia.rs\/index.php\/wp-json\/wp\/v2\/media\/18725"}],"wp:attachment":[{"href":"https:\/\/centralmedia.rs\/index.php\/wp-json\/wp\/v2\/media?parent=18724"}],"wp:term":[{"taxonomy":"category","embeddable":true,"href":"https:\/\/centralmedia.rs\/index.php\/wp-json\/wp\/v2\/categories?post=18724"},{"taxonomy":"post_tag","embeddable":true,"href":"https:\/\/centralmedia.rs\/index.php\/wp-json\/wp\/v2\/tags?post=18724"}],"curies":[{"name":"wp","href":"https:\/\/api.w.org\/{rel}","templated":true}]}}