{"id":18731,"date":"2019-07-02T09:45:59","date_gmt":"2019-07-02T09:45:59","guid":{"rendered":"http:\/\/centralmedia.rs\/?p=18731"},"modified":"2019-07-06T11:38:52","modified_gmt":"2019-07-06T11:38:52","slug":"preuzimanje-ulaznica-za-koncerte-premijernog-ravaneliusa-muzicki-dogadaj-sezone-u-srbiji","status":"publish","type":"post","link":"https:\/\/centralmedia.rs\/index.php\/2019\/07\/02\/preuzimanje-ulaznica-za-koncerte-premijernog-ravaneliusa-muzicki-dogadaj-sezone-u-srbiji\/","title":{"rendered":"PREUZIMANJE ULAZNICA ZA KONCERTE PREMIJERNOG RAVANELIUSA &#8211; Muzi\u010dki doga\u0111aj sezone u Srbiji"},"content":{"rendered":"<p>\u0106UPRIJA- Ustanova kulture \u0106uprija obave\u0161tava da besplatne karte za koncerte premijernog izdanja Festivala muzi\u010dke izuzetnosti RAVANELIUS mogu da se preuzmu u holu muzi\u010dke \u0161kole &#8220;Du\u0161an Skovran&#8221; u terminima od 13-16 i 17-19 \u010dasova. Koncerti \u0107e biti odr\u017eani u klimatizovanoj sali.<\/p>\n<div id='gallery-1' class='gallery galleryid-18731 gallery-columns-3 gallery-size-thumbnail'><figure class='gallery-item'>\n\t\t\t<div class='gallery-icon landscape'>\n\t\t\t\t<a href='https:\/\/centralmedia.rs\/index.php\/2019\/06\/17\/program-festivala-ravanelius\/ravaneius-program\/'><img loading=\"lazy\" decoding=\"async\" width=\"150\" height=\"150\" src=\"https:\/\/centralmedia.rs\/wp-content\/uploads\/2019\/06\/Ravaneius-program-150x150.jpg\" class=\"attachment-thumbnail size-thumbnail\" alt=\"\" \/><\/a>\n\t\t\t<\/div><\/figure><figure class='gallery-item'>\n\t\t\t<div class='gallery-icon portrait'>\n\t\t\t\t<a href='https:\/\/centralmedia.rs\/index.php\/2019\/07\/02\/preuzimanje-ulaznica-za-koncerte-premijernog-ravaneliusa-muzicki-dogadaj-sezone-u-srbiji\/program-5\/'><img loading=\"lazy\" decoding=\"async\" width=\"150\" height=\"150\" src=\"https:\/\/centralmedia.rs\/wp-content\/uploads\/2019\/07\/program-150x150.jpg\" class=\"attachment-thumbnail size-thumbnail\" alt=\"\" \/><\/a>\n\t\t\t<\/div><\/figure><figure class='gallery-item'>\n\t\t\t<div class='gallery-icon portrait'>\n\t\t\t\t<a href='https:\/\/centralmedia.rs\/index.php\/2019\/07\/02\/preuzimanje-ulaznica-za-koncerte-premijernog-ravaneliusa-muzicki-dogadaj-sezone-u-srbiji\/slusanje-muzike\/'><img loading=\"lazy\" decoding=\"async\" width=\"150\" height=\"150\" src=\"https:\/\/centralmedia.rs\/wp-content\/uploads\/2019\/07\/slusanje-muzike-150x150.jpg\" class=\"attachment-thumbnail size-thumbnail\" alt=\"\" \/><\/a>\n\t\t\t<\/div><\/figure>\n\t\t<\/div>\n\n","protected":false},"excerpt":{"rendered":"<p>\u0106UPRIJA- Ustanova kulture \u0106uprija obave\u0161tava da besplatne karte za koncerte premijernog izdanja Festivala muzi\u010dke izuzetnosti RAVANELIUS mogu da se preuzmu u holu muzi\u010dke \u0161kole &#8220;Du\u0161an &hellip; <\/p>\n","protected":false},"author":2,"featured_media":18732,"comment_status":"open","ping_status":"open","sticky":false,"template":"","format":"standard","meta":{"footnotes":""},"categories":[1515,1524,2,15,887,12],"tags":[3855,44,3807],"_links":{"self":[{"href":"https:\/\/centralmedia.rs\/index.php\/wp-json\/wp\/v2\/posts\/18731"}],"collection":[{"href":"https:\/\/centralmedia.rs\/index.php\/wp-json\/wp\/v2\/posts"}],"about":[{"href":"https:\/\/centralmedia.rs\/index.php\/wp-json\/wp\/v2\/types\/post"}],"author":[{"embeddable":true,"href":"https:\/\/centralmedia.rs\/index.php\/wp-json\/wp\/v2\/users\/2"}],"replies":[{"embeddable":true,"href":"https:\/\/centralmedia.rs\/index.php\/wp-json\/wp\/v2\/comments?post=18731"}],"version-history":[{"count":1,"href":"https:\/\/centralmedia.rs\/index.php\/wp-json\/wp\/v2\/posts\/18731\/revisions"}],"predecessor-version":[{"id":18735,"href":"https:\/\/centralmedia.rs\/index.php\/wp-json\/wp\/v2\/posts\/18731\/revisions\/18735"}],"wp:featuredmedia":[{"embeddable":true,"href":"https:\/\/centralmedia.rs\/index.php\/wp-json\/wp\/v2\/media\/18732"}],"wp:attachment":[{"href":"https:\/\/centralmedia.rs\/index.php\/wp-json\/wp\/v2\/media?parent=18731"}],"wp:term":[{"taxonomy":"category","embeddable":true,"href":"https:\/\/centralmedia.rs\/index.php\/wp-json\/wp\/v2\/categories?post=18731"},{"taxonomy":"post_tag","embeddable":true,"href":"https:\/\/centralmedia.rs\/index.php\/wp-json\/wp\/v2\/tags?post=18731"}],"curies":[{"name":"wp","href":"https:\/\/api.w.org\/{rel}","templated":true}]}}