{"id":18736,"date":"2019-07-02T15:48:07","date_gmt":"2019-07-02T15:48:07","guid":{"rendered":"http:\/\/centralmedia.rs\/?p=18736"},"modified":"2019-07-06T11:38:44","modified_gmt":"2019-07-06T11:38:44","slug":"centar-za-socijalni-rad-u-paracinu-pratioci-za-35-dece-sa-smetnjama-u-razvoju","status":"publish","type":"post","link":"https:\/\/centralmedia.rs\/index.php\/2019\/07\/02\/centar-za-socijalni-rad-u-paracinu-pratioci-za-35-dece-sa-smetnjama-u-razvoju\/","title":{"rendered":"CENTAR ZA SOCIJALNI RAD U PARA\u0106INU &#8211; PRATIOCI ZA 35. DECE SA SMETNJAMA U RAZVOJU"},"content":{"rendered":"<p>PARA\u0106IN- Direktorka Centra za socijalni rad u Para\u0107inu Biljana Milenovi\u0107 Stojanovi\u0107 najavila je raspisivanje javne nabavke za uslugu li\u010dnog pratioca za 35. dece sa smetnjama u razvoju iz Para\u0107ina od 1. septembra do kraja \u0161kolske godine. Sredstva su obezbe\u0111ena iz finansijskih transfera Ministarstva za rad i socijalna pitanja<\/p>\n<p>&#8211; Imamo dobra iskustva iz decembra pro\u0161le godine. Poru\u010dujem roditeljima da sa svojom decom mirno provedu letnji raspust, a od 1. septembra \u0107e ih u \u0161kolskoj klupi, najverovatnije \u010dekati njihov pratilac, ka\u017ee direktorka Biljana Milenovi\u0107 Stojanovi\u0107.<\/p>\n<div id='gallery-1' class='gallery galleryid-18736 gallery-columns-2 gallery-size-full'><figure class='gallery-item'>\n\t\t\t<div class='gallery-icon landscape'>\n\t\t\t\t<a href='https:\/\/centralmedia.rs\/index.php\/2019\/07\/02\/centar-za-socijalni-rad-u-paracinu-pratioci-za-35-dece-sa-smetnjama-u-razvoju\/czr\/'><img loading=\"lazy\" decoding=\"async\" width=\"1280\" height=\"725\" src=\"https:\/\/centralmedia.rs\/wp-content\/uploads\/2019\/07\/czr.jpg\" class=\"attachment-full size-full\" alt=\"\" srcset=\"https:\/\/centralmedia.rs\/wp-content\/uploads\/2019\/07\/czr.jpg 1280w, https:\/\/centralmedia.rs\/wp-content\/uploads\/2019\/07\/czr-300x170.jpg 300w, https:\/\/centralmedia.rs\/wp-content\/uploads\/2019\/07\/czr-768x435.jpg 768w, https:\/\/centralmedia.rs\/wp-content\/uploads\/2019\/07\/czr-1024x580.jpg 1024w, https:\/\/centralmedia.rs\/wp-content\/uploads\/2019\/07\/czr-742x420.jpg 742w, https:\/\/centralmedia.rs\/wp-content\/uploads\/2019\/07\/czr-640x363.jpg 640w, https:\/\/centralmedia.rs\/wp-content\/uploads\/2019\/07\/czr-681x386.jpg 681w\" sizes=\"(max-width: 1280px) 100vw, 1280px\" \/><\/a>\n\t\t\t<\/div><\/figure><figure class='gallery-item'>\n\t\t\t<div class='gallery-icon landscape'>\n\t\t\t\t<a href='https:\/\/centralmedia.rs\/index.php\/2019\/07\/02\/centar-za-socijalni-rad-u-paracinu-pratioci-za-35-dece-sa-smetnjama-u-razvoju\/czr1\/'><img loading=\"lazy\" decoding=\"async\" width=\"1280\" height=\"767\" src=\"https:\/\/centralmedia.rs\/wp-content\/uploads\/2019\/07\/czr1.jpg\" class=\"attachment-full size-full\" alt=\"\" srcset=\"https:\/\/centralmedia.rs\/wp-content\/uploads\/2019\/07\/czr1.jpg 1280w, https:\/\/centralmedia.rs\/wp-content\/uploads\/2019\/07\/czr1-300x180.jpg 300w, https:\/\/centralmedia.rs\/wp-content\/uploads\/2019\/07\/czr1-768x460.jpg 768w, https:\/\/centralmedia.rs\/wp-content\/uploads\/2019\/07\/czr1-1024x614.jpg 1024w, https:\/\/centralmedia.rs\/wp-content\/uploads\/2019\/07\/czr1-701x420.jpg 701w, https:\/\/centralmedia.rs\/wp-content\/uploads\/2019\/07\/czr1-640x384.jpg 640w, https:\/\/centralmedia.rs\/wp-content\/uploads\/2019\/07\/czr1-681x408.jpg 681w\" sizes=\"(max-width: 1280px) 100vw, 1280px\" \/><\/a>\n\t\t\t<\/div><\/figure>\n\t\t<\/div>\n\n<p>Krajem 2018. godine para\u0107inski Centar je organizovao uslugu li\u010dnog pratioca za decu, \u0161to se pokazalo kao veoma dobro iskustvo za porodice.<\/p>\n<p>&#8211; U toku je zavr\u0161etak procedure za obezbe\u0111ivanja projektne dokumetacije za radove na rekonstrukciji Centra za socijalni rad. Verujemo da \u0107e projekat bidi odobren u naredna dva meseca, pa raspisivanje javne nabavke za radove, najavljuje Biljana Milenovi\u0107 Stojanovi\u0107<\/p>\n","protected":false},"excerpt":{"rendered":"<p>PARA\u0106IN- Direktorka Centra za socijalni rad u Para\u0107inu Biljana Milenovi\u0107 Stojanovi\u0107 najavila je raspisivanje javne nabavke za uslugu li\u010dnog pratioca za 35. dece sa smetnjama &hellip; <\/p>\n","protected":false},"author":2,"featured_media":18737,"comment_status":"open","ping_status":"open","sticky":false,"template":"","format":"standard","meta":{"footnotes":""},"categories":[14,1524,2,1516,887,12],"tags":[3246,171,3856],"_links":{"self":[{"href":"https:\/\/centralmedia.rs\/index.php\/wp-json\/wp\/v2\/posts\/18736"}],"collection":[{"href":"https:\/\/centralmedia.rs\/index.php\/wp-json\/wp\/v2\/posts"}],"about":[{"href":"https:\/\/centralmedia.rs\/index.php\/wp-json\/wp\/v2\/types\/post"}],"author":[{"embeddable":true,"href":"https:\/\/centralmedia.rs\/index.php\/wp-json\/wp\/v2\/users\/2"}],"replies":[{"embeddable":true,"href":"https:\/\/centralmedia.rs\/index.php\/wp-json\/wp\/v2\/comments?post=18736"}],"version-history":[{"count":1,"href":"https:\/\/centralmedia.rs\/index.php\/wp-json\/wp\/v2\/posts\/18736\/revisions"}],"predecessor-version":[{"id":18740,"href":"https:\/\/centralmedia.rs\/index.php\/wp-json\/wp\/v2\/posts\/18736\/revisions\/18740"}],"wp:featuredmedia":[{"embeddable":true,"href":"https:\/\/centralmedia.rs\/index.php\/wp-json\/wp\/v2\/media\/18737"}],"wp:attachment":[{"href":"https:\/\/centralmedia.rs\/index.php\/wp-json\/wp\/v2\/media?parent=18736"}],"wp:term":[{"taxonomy":"category","embeddable":true,"href":"https:\/\/centralmedia.rs\/index.php\/wp-json\/wp\/v2\/categories?post=18736"},{"taxonomy":"post_tag","embeddable":true,"href":"https:\/\/centralmedia.rs\/index.php\/wp-json\/wp\/v2\/tags?post=18736"}],"curies":[{"name":"wp","href":"https:\/\/api.w.org\/{rel}","templated":true}]}}