{"id":18744,"date":"2019-07-03T14:06:14","date_gmt":"2019-07-03T14:06:14","guid":{"rendered":"http:\/\/centralmedia.rs\/?p=18744"},"modified":"2019-07-06T11:34:52","modified_gmt":"2019-07-06T11:34:52","slug":"gradnja-atletskog-centra-u-cupriji","status":"publish","type":"post","link":"https:\/\/centralmedia.rs\/index.php\/2019\/07\/03\/gradnja-atletskog-centra-u-cupriji\/","title":{"rendered":"GRADNJA ATLETSKOG CENTRA U \u0106UPRIJI"},"content":{"rendered":"<p>\u0106UPRIJA- Izgradnja Atletskog centra Srbije u \u0106upriji obavlja se planiranom dinamikom, gradi se ju\u017ena tribina, u toku su pripremeni radi na stazi i u avgustu ili septembru o\u010dekujem zav\u0161etak radova na atletskom stadionu, izjavio je predsednik te op\u0161tine Ninoslav Eri\u0107.<\/p>\n<div id='gallery-1' class='gallery galleryid-18744 gallery-columns-3 gallery-size-thumbnail'><figure class='gallery-item'>\n\t\t\t<div class='gallery-icon landscape'>\n\t\t\t\t<a href='https:\/\/centralmedia.rs\/index.php\/2019\/07\/03\/gradnja-atletskog-centra-u-cupriji\/stadion1\/'><img loading=\"lazy\" decoding=\"async\" width=\"150\" height=\"150\" src=\"https:\/\/centralmedia.rs\/wp-content\/uploads\/2019\/07\/stadion1-150x150.jpg\" class=\"attachment-thumbnail size-thumbnail\" alt=\"\" \/><\/a>\n\t\t\t<\/div><\/figure><figure class='gallery-item'>\n\t\t\t<div class='gallery-icon landscape'>\n\t\t\t\t<a href='https:\/\/centralmedia.rs\/index.php\/2019\/07\/03\/gradnja-atletskog-centra-u-cupriji\/stadion2\/'><img loading=\"lazy\" decoding=\"async\" width=\"150\" height=\"150\" src=\"https:\/\/centralmedia.rs\/wp-content\/uploads\/2019\/07\/stadion2-150x150.jpg\" class=\"attachment-thumbnail size-thumbnail\" alt=\"\" \/><\/a>\n\t\t\t<\/div><\/figure><figure class='gallery-item'>\n\t\t\t<div class='gallery-icon landscape'>\n\t\t\t\t<a href='https:\/\/centralmedia.rs\/index.php\/2019\/07\/03\/gradnja-atletskog-centra-u-cupriji\/stadion-2\/'><img loading=\"lazy\" decoding=\"async\" width=\"150\" height=\"150\" src=\"https:\/\/centralmedia.rs\/wp-content\/uploads\/2019\/07\/stadion-150x150.jpg\" class=\"attachment-thumbnail size-thumbnail\" alt=\"\" \/><\/a>\n\t\t\t<\/div><\/figure>\n\t\t<\/div>\n\n<p>&#8211; Sre\u0107ni smo \u0161to se ti\u010de izvo\u0111a\u010da, sve se realizuje\u00a0 po projektu. O\u010dekujem da ove godine dobijem atletski stadion. Zatim \u0107emo pristupiti slede\u0107oj fazi izgradnji atletske dvorane uz pomo\u0107\u00a0 predsednika Srbije i nadle\u017enih ministarstava, najavio je Eri\u0107.<\/p>\n<p>Izgradnja Atletskog centra Srbije u \u0106upriji, osim sportskog motiva, ima za cilj razvoj sportskog turizma, jer pored stadiona i dvorane podrazumeva izgradnju hotela i svih neophpdnih sadr\u017eaja.<\/p>\n","protected":false},"excerpt":{"rendered":"<p>\u0106UPRIJA- Izgradnja Atletskog centra Srbije u \u0106upriji obavlja se planiranom dinamikom, gradi se ju\u017ena tribina, u toku su pripremeni radi na stazi i u avgustu &hellip; <\/p>\n","protected":false},"author":2,"featured_media":18745,"comment_status":"open","ping_status":"open","sticky":false,"template":"","format":"standard","meta":{"footnotes":""},"categories":[1515,1524,2,887,21,12],"tags":[3359,44,1138],"_links":{"self":[{"href":"https:\/\/centralmedia.rs\/index.php\/wp-json\/wp\/v2\/posts\/18744"}],"collection":[{"href":"https:\/\/centralmedia.rs\/index.php\/wp-json\/wp\/v2\/posts"}],"about":[{"href":"https:\/\/centralmedia.rs\/index.php\/wp-json\/wp\/v2\/types\/post"}],"author":[{"embeddable":true,"href":"https:\/\/centralmedia.rs\/index.php\/wp-json\/wp\/v2\/users\/2"}],"replies":[{"embeddable":true,"href":"https:\/\/centralmedia.rs\/index.php\/wp-json\/wp\/v2\/comments?post=18744"}],"version-history":[{"count":1,"href":"https:\/\/centralmedia.rs\/index.php\/wp-json\/wp\/v2\/posts\/18744\/revisions"}],"predecessor-version":[{"id":18748,"href":"https:\/\/centralmedia.rs\/index.php\/wp-json\/wp\/v2\/posts\/18744\/revisions\/18748"}],"wp:featuredmedia":[{"embeddable":true,"href":"https:\/\/centralmedia.rs\/index.php\/wp-json\/wp\/v2\/media\/18745"}],"wp:attachment":[{"href":"https:\/\/centralmedia.rs\/index.php\/wp-json\/wp\/v2\/media?parent=18744"}],"wp:term":[{"taxonomy":"category","embeddable":true,"href":"https:\/\/centralmedia.rs\/index.php\/wp-json\/wp\/v2\/categories?post=18744"},{"taxonomy":"post_tag","embeddable":true,"href":"https:\/\/centralmedia.rs\/index.php\/wp-json\/wp\/v2\/tags?post=18744"}],"curies":[{"name":"wp","href":"https:\/\/api.w.org\/{rel}","templated":true}]}}