{"id":18753,"date":"2019-07-03T14:36:45","date_gmt":"2019-07-03T14:36:45","guid":{"rendered":"http:\/\/centralmedia.rs\/?p=18753"},"modified":"2019-07-06T11:35:25","modified_gmt":"2019-07-06T11:35:25","slug":"radovi-na-os-j-j-zmaj-u-svilajncu","status":"publish","type":"post","link":"https:\/\/centralmedia.rs\/index.php\/2019\/07\/03\/radovi-na-os-j-j-zmaj-u-svilajncu\/","title":{"rendered":"RADOVI NA O\u0160 J.J. ZMAJ U SVILAJNCU"},"content":{"rendered":"<p>DESPOTOVAC- Predsednik op\u0161tine Svilajnac, Predrag Milanovi\u0107, obi\u0161ao je radove u Osnovnoj \u0161koli \u201eJovan Jovanovi\u0107 Zmaj\u201c u Svilajncu. U toku su radovi na potpunoj rekonstrukciji \u0161kole, \u0161to obuhvata zamenu podnih obloga, gletovanje i kre\u010denje zidova i plafona, nove sanitarije, zamenu vodovodnih i kanalizacionih instalacija, novu kuhinju i trpezariju&#8230;<\/p>\n<p>-Radove privodimo kraju, tako da \u0107e u\u010denici 1. septembra u\u0107i u potpuno novu \u0161kolu, koja \u0107e biti doma\u0107in i drugim u\u010denicima, kada budemo adaptirali \u0161kole u selima. Paralelno sa zavr\u0161etkom radova, nabavljamo i novu opremu za \u0161kolu, za \u0161ta je op\u0161tina izdvojila blizu 30 miliona dinara iz svog bud\u017eeta izjavio je on.<\/p>\n<div id='gallery-1' class='gallery galleryid-18753 gallery-columns-3 gallery-size-thumbnail'><figure class='gallery-item'>\n\t\t\t<div class='gallery-icon landscape'>\n\t\t\t\t<a href='https:\/\/centralmedia.rs\/index.php\/2019\/07\/03\/radovi-na-os-j-j-zmaj-u-svilajncu\/skola1\/'><img loading=\"lazy\" decoding=\"async\" width=\"150\" height=\"150\" src=\"https:\/\/centralmedia.rs\/wp-content\/uploads\/2019\/07\/SKOLA1-150x150.jpg\" class=\"attachment-thumbnail size-thumbnail\" alt=\"\" \/><\/a>\n\t\t\t<\/div><\/figure><figure class='gallery-item'>\n\t\t\t<div class='gallery-icon landscape'>\n\t\t\t\t<a href='https:\/\/centralmedia.rs\/index.php\/2019\/07\/03\/radovi-na-os-j-j-zmaj-u-svilajncu\/skola2\/'><img loading=\"lazy\" decoding=\"async\" width=\"150\" height=\"150\" src=\"https:\/\/centralmedia.rs\/wp-content\/uploads\/2019\/07\/SKOLA2-150x150.jpg\" class=\"attachment-thumbnail size-thumbnail\" alt=\"\" \/><\/a>\n\t\t\t<\/div><\/figure><figure class='gallery-item'>\n\t\t\t<div class='gallery-icon landscape'>\n\t\t\t\t<a href='https:\/\/centralmedia.rs\/index.php\/2019\/07\/03\/radovi-na-os-j-j-zmaj-u-svilajncu\/skola3\/'><img loading=\"lazy\" decoding=\"async\" width=\"150\" height=\"150\" src=\"https:\/\/centralmedia.rs\/wp-content\/uploads\/2019\/07\/SKOLA3-150x150.jpg\" class=\"attachment-thumbnail size-thumbnail\" alt=\"\" \/><\/a>\n\t\t\t<\/div><\/figure>\n\t\t<\/div>\n\n<p>Milanovi\u0107 je ovom prilikom istakao da deo \u0161kole u kom se nalazi kuhinja nije renoviran od 1967. godine, od kako je \u0161kola izgra\u0111ena i da \u0107e u\u010denici i osoblje sada dobiti potpuno novu kuhinju, koja \u0107e biti sre\u0111ena po svim evropskim standardima.<\/p>\n","protected":false},"excerpt":{"rendered":"<p>DESPOTOVAC- Predsednik op\u0161tine Svilajnac, Predrag Milanovi\u0107, obi\u0161ao je radove u Osnovnoj \u0161koli \u201eJovan Jovanovi\u0107 Zmaj\u201c u Svilajncu. U toku su radovi na potpunoj rekonstrukciji \u0161kole, &hellip; <\/p>\n","protected":false},"author":2,"featured_media":18754,"comment_status":"open","ping_status":"open","sticky":false,"template":"","format":"standard","meta":{"footnotes":""},"categories":[14,1524,2,887,12,1517],"tags":[3859,497,563],"_links":{"self":[{"href":"https:\/\/centralmedia.rs\/index.php\/wp-json\/wp\/v2\/posts\/18753"}],"collection":[{"href":"https:\/\/centralmedia.rs\/index.php\/wp-json\/wp\/v2\/posts"}],"about":[{"href":"https:\/\/centralmedia.rs\/index.php\/wp-json\/wp\/v2\/types\/post"}],"author":[{"embeddable":true,"href":"https:\/\/centralmedia.rs\/index.php\/wp-json\/wp\/v2\/users\/2"}],"replies":[{"embeddable":true,"href":"https:\/\/centralmedia.rs\/index.php\/wp-json\/wp\/v2\/comments?post=18753"}],"version-history":[{"count":1,"href":"https:\/\/centralmedia.rs\/index.php\/wp-json\/wp\/v2\/posts\/18753\/revisions"}],"predecessor-version":[{"id":18758,"href":"https:\/\/centralmedia.rs\/index.php\/wp-json\/wp\/v2\/posts\/18753\/revisions\/18758"}],"wp:featuredmedia":[{"embeddable":true,"href":"https:\/\/centralmedia.rs\/index.php\/wp-json\/wp\/v2\/media\/18754"}],"wp:attachment":[{"href":"https:\/\/centralmedia.rs\/index.php\/wp-json\/wp\/v2\/media?parent=18753"}],"wp:term":[{"taxonomy":"category","embeddable":true,"href":"https:\/\/centralmedia.rs\/index.php\/wp-json\/wp\/v2\/categories?post=18753"},{"taxonomy":"post_tag","embeddable":true,"href":"https:\/\/centralmedia.rs\/index.php\/wp-json\/wp\/v2\/tags?post=18753"}],"curies":[{"name":"wp","href":"https:\/\/api.w.org\/{rel}","templated":true}]}}