{"id":18759,"date":"2019-07-03T22:16:57","date_gmt":"2019-07-03T22:16:57","guid":{"rendered":"http:\/\/centralmedia.rs\/?p=18759"},"modified":"2019-07-06T11:35:34","modified_gmt":"2019-07-06T11:35:34","slug":"danas-pocinje-ravanelius-u-cupriji","status":"publish","type":"post","link":"https:\/\/centralmedia.rs\/index.php\/2019\/07\/03\/danas-pocinje-ravanelius-u-cupriji\/","title":{"rendered":"DANAS po\u010dinje \u201eRavanelius\u201c u \u0106upriji"},"content":{"rendered":"<p>\u0106UPRIJA \u2013 Premijerno izdanje Festivala muzi\u010dke izuzetnosti \u201eRavanelius\u201c, u organizaciji Ustanove kulture i \u0160kole za muzi\u010dke talente, po\u010dinje danas u \u0106upriji. Veliki orkestar \u0160kole za muzi\u010dke talente i solista violon\u010delista Dragan \u0110or\u0111evi\u0107, umetni\u010dki direktor festivala i vrhunski umetnik, otvaraju festival u 21 sat, u sali \u0160OMO \u201eDu\u0161an Skovran\u201c.<\/p>\n<div id='gallery-1' class='gallery galleryid-18759 gallery-columns-5 gallery-size-thumbnail'><figure class='gallery-item'>\n\t\t\t<div class='gallery-icon portrait'>\n\t\t\t\t<a href='https:\/\/centralmedia.rs\/index.php\/2019\/07\/02\/preuzimanje-ulaznica-za-koncerte-premijernog-ravaneliusa-muzicki-dogadaj-sezone-u-srbiji\/program-5\/'><img loading=\"lazy\" decoding=\"async\" width=\"150\" height=\"150\" src=\"https:\/\/centralmedia.rs\/wp-content\/uploads\/2019\/07\/program-150x150.jpg\" class=\"attachment-thumbnail size-thumbnail\" alt=\"\" \/><\/a>\n\t\t\t<\/div><\/figure><figure class='gallery-item'>\n\t\t\t<div class='gallery-icon landscape'>\n\t\t\t\t<a href='https:\/\/centralmedia.rs\/index.php\/2019\/07\/02\/preuzimanje-ulaznica-za-koncerte-premijernog-ravaneliusa-muzicki-dogadaj-sezone-u-srbiji\/karte\/'><img loading=\"lazy\" decoding=\"async\" width=\"150\" height=\"150\" src=\"https:\/\/centralmedia.rs\/wp-content\/uploads\/2019\/07\/karte-150x150.jpg\" class=\"attachment-thumbnail size-thumbnail\" alt=\"\" \/><\/a>\n\t\t\t<\/div><\/figure><figure class='gallery-item'>\n\t\t\t<div class='gallery-icon portrait'>\n\t\t\t\t<a href='https:\/\/centralmedia.rs\/index.php\/2019\/07\/02\/preuzimanje-ulaznica-za-koncerte-premijernog-ravaneliusa-muzicki-dogadaj-sezone-u-srbiji\/slusanje-muzike\/'><img loading=\"lazy\" decoding=\"async\" width=\"150\" height=\"150\" src=\"https:\/\/centralmedia.rs\/wp-content\/uploads\/2019\/07\/slusanje-muzike-150x150.jpg\" class=\"attachment-thumbnail size-thumbnail\" alt=\"\" \/><\/a>\n\t\t\t<\/div><\/figure><figure class='gallery-item'>\n\t\t\t<div class='gallery-icon landscape'>\n\t\t\t\t<a href='https:\/\/centralmedia.rs\/index.php\/2019\/06\/17\/program-festivala-ravanelius\/ravaneius-program\/'><img loading=\"lazy\" decoding=\"async\" width=\"150\" height=\"150\" src=\"https:\/\/centralmedia.rs\/wp-content\/uploads\/2019\/06\/Ravaneius-program-150x150.jpg\" class=\"attachment-thumbnail size-thumbnail\" alt=\"\" \/><\/a>\n\t\t\t<\/div><\/figure><figure class='gallery-item'>\n\t\t\t<div class='gallery-icon landscape'>\n\t\t\t\t<a href='https:\/\/centralmedia.rs\/index.php\/2019\/06\/12\/premijerni-ravanelius-u-cupriji\/ravanelius\/'><img loading=\"lazy\" decoding=\"async\" width=\"150\" height=\"150\" src=\"https:\/\/centralmedia.rs\/wp-content\/uploads\/2019\/06\/ravanelius-150x150.jpg\" class=\"attachment-thumbnail size-thumbnail\" alt=\"\" \/><\/a>\n\t\t\t<\/div><\/figure>\n\t\t<\/div>\n\n<p>Publika \u0107e u\u017eivati u notama Bo\u017ei\u0107a, \u010cajkovskog, Britna, Vuji\u0107a, Sarabanda varijacije na rokoko temu. A pre sve\u010danog otvaranja, u 12 sati predvi\u0111ena je \u00a0\u201eMala \u0161kola bontona, kako se slu\u0161a koncert\u201c, Milo\u0161a Milovanovi\u0107a.<\/p>\n<p>Drugi dan festivala je obele\u017ei\u0107e miziciranje vrunskih umetnika \u00a0Romana Simovi\u0107a, violina, Roberta Lakato\u0161a, violina, Milena Simovi\u0107, viola, Lazara Mileti\u0107a, viola, Dragana \u0110or\u0111evi\u0107a, violon\u010delo, Vladimira Milo\u0161evi\u0107a, klavir. Publika \u0107e imati priliku da \u010duje dela Bramsa i \u010cajkovskog<\/p>\n<p>Festival u subotu u 21 sat zatvaraju na Otvorenoj sceni \u0160kole za muzi\u010dke talente\u00a0 profesionalni kamerni ansambl Camerata academica i solista Roman Simovi\u0107, violina.<\/p>\n<p>U petak i subotu \u00a0od 10 do 13 sati i od 17 do 19.30 sati radionica Irene Popovi\u0107 Dragovi\u0107 ,,De\u010diji kompozitorski atelje&#8221;.Festival, se odr\u017eava uz podr\u0161ku op\u0161tine \u0106uprija, i muzi\u010dki je doga\u0111aj sezone u Srbiji. Prvi festival muzi\u010dke izuzetnosti traja\u0107e do 6. jula, klasi\u010dnu muziku izvodi\u0107e vrhunski umetnici, a ve\u0107ina je poha\u0111ala \u0160kolu za muzi\u010dke talente u \u0106upriji.<\/p>\n<p>&nbsp;<\/p>\n","protected":false},"excerpt":{"rendered":"<p>\u0106UPRIJA \u2013 Premijerno izdanje Festivala muzi\u010dke izuzetnosti \u201eRavanelius\u201c, u organizaciji Ustanove kulture i \u0160kole za muzi\u010dke talente, po\u010dinje danas u \u0106upriji. Veliki orkestar \u0160kole za &hellip; <\/p>\n","protected":false},"author":2,"featured_media":18760,"comment_status":"open","ping_status":"open","sticky":false,"template":"","format":"standard","meta":{"footnotes":""},"categories":[1515,1524,2,15,887,12],"tags":[44,3807],"_links":{"self":[{"href":"https:\/\/centralmedia.rs\/index.php\/wp-json\/wp\/v2\/posts\/18759"}],"collection":[{"href":"https:\/\/centralmedia.rs\/index.php\/wp-json\/wp\/v2\/posts"}],"about":[{"href":"https:\/\/centralmedia.rs\/index.php\/wp-json\/wp\/v2\/types\/post"}],"author":[{"embeddable":true,"href":"https:\/\/centralmedia.rs\/index.php\/wp-json\/wp\/v2\/users\/2"}],"replies":[{"embeddable":true,"href":"https:\/\/centralmedia.rs\/index.php\/wp-json\/wp\/v2\/comments?post=18759"}],"version-history":[{"count":3,"href":"https:\/\/centralmedia.rs\/index.php\/wp-json\/wp\/v2\/posts\/18759\/revisions"}],"predecessor-version":[{"id":18763,"href":"https:\/\/centralmedia.rs\/index.php\/wp-json\/wp\/v2\/posts\/18759\/revisions\/18763"}],"wp:featuredmedia":[{"embeddable":true,"href":"https:\/\/centralmedia.rs\/index.php\/wp-json\/wp\/v2\/media\/18760"}],"wp:attachment":[{"href":"https:\/\/centralmedia.rs\/index.php\/wp-json\/wp\/v2\/media?parent=18759"}],"wp:term":[{"taxonomy":"category","embeddable":true,"href":"https:\/\/centralmedia.rs\/index.php\/wp-json\/wp\/v2\/categories?post=18759"},{"taxonomy":"post_tag","embeddable":true,"href":"https:\/\/centralmedia.rs\/index.php\/wp-json\/wp\/v2\/tags?post=18759"}],"curies":[{"name":"wp","href":"https:\/\/api.w.org\/{rel}","templated":true}]}}