{"id":18764,"date":"2019-07-03T22:29:52","date_gmt":"2019-07-03T22:29:52","guid":{"rendered":"http:\/\/centralmedia.rs\/?p=18764"},"modified":"2019-07-06T11:35:46","modified_gmt":"2019-07-06T11:35:46","slug":"izlozba-dokumentarnih-fotografija-45-godina-skole-za-muzicke-talente-u-cupriji","status":"publish","type":"post","link":"https:\/\/centralmedia.rs\/index.php\/2019\/07\/03\/izlozba-dokumentarnih-fotografija-45-godina-skole-za-muzicke-talente-u-cupriji\/","title":{"rendered":"IZLO\u017dBA DOKUMENTARNIH FOTOGRAFIJA &#8211; 45 GODINA \u0160KOLE ZA MUZI\u010cKE TALENTE U \u0106UPRIJI"},"content":{"rendered":"<p>\u0106UPRIJA- U okviru zvani\u010dnog programa Ravanelius festivala muzi\u010dke izuzetnosti u \u0106upriji u subotu 6. jula bi\u0107e otvorena koncertna izlo\u017eba u holu \u0160kole za muzi\u010dke talente. Pored mnogobrojnih fotografija, koncertnih programa i novinskih \u010dlanaka, nastalih za 45 godina postojanja \u0160kole, publika \u0107e videti i deo legata Dragutina \u010coli\u0107a, srpskog kompozitora, muzi\u010dkog pedagoga i publiciste.<br \/>\nIzlo\u017ebu su pripremili Marija Kosti\u0107, muzikolog i Ilija Najdanovi\u0107, sociolog. Koorganizator izlo\u017ebe je Ustanova kulture \u0106uprija.<\/p>\n<p><img loading=\"lazy\" decoding=\"async\" class=\"alignnone wp-image-18765 size-full\" src=\"http:\/\/centralmedia.rs\/wp-content\/uploads\/2019\/07\/izlozba.jpg\" alt=\"\" width=\"960\" height=\"960\" srcset=\"https:\/\/centralmedia.rs\/wp-content\/uploads\/2019\/07\/izlozba.jpg 960w, https:\/\/centralmedia.rs\/wp-content\/uploads\/2019\/07\/izlozba-150x150.jpg 150w, https:\/\/centralmedia.rs\/wp-content\/uploads\/2019\/07\/izlozba-300x300.jpg 300w, https:\/\/centralmedia.rs\/wp-content\/uploads\/2019\/07\/izlozba-768x768.jpg 768w, https:\/\/centralmedia.rs\/wp-content\/uploads\/2019\/07\/izlozba-420x420.jpg 420w, https:\/\/centralmedia.rs\/wp-content\/uploads\/2019\/07\/izlozba-640x640.jpg 640w, https:\/\/centralmedia.rs\/wp-content\/uploads\/2019\/07\/izlozba-681x681.jpg 681w\" sizes=\"(max-width: 960px) 100vw, 960px\" \/><\/p>\n","protected":false},"excerpt":{"rendered":"<p>\u0106UPRIJA- U okviru zvani\u010dnog programa Ravanelius festivala muzi\u010dke izuzetnosti u \u0106upriji u subotu 6. jula bi\u0107e otvorena koncertna izlo\u017eba u holu \u0160kole za muzi\u010dke talente. &hellip; <\/p>\n","protected":false},"author":2,"featured_media":18765,"comment_status":"open","ping_status":"open","sticky":false,"template":"","format":"standard","meta":{"footnotes":""},"categories":[1515,1524,2,15,887,12],"tags":[649,3807,1364],"_links":{"self":[{"href":"https:\/\/centralmedia.rs\/index.php\/wp-json\/wp\/v2\/posts\/18764"}],"collection":[{"href":"https:\/\/centralmedia.rs\/index.php\/wp-json\/wp\/v2\/posts"}],"about":[{"href":"https:\/\/centralmedia.rs\/index.php\/wp-json\/wp\/v2\/types\/post"}],"author":[{"embeddable":true,"href":"https:\/\/centralmedia.rs\/index.php\/wp-json\/wp\/v2\/users\/2"}],"replies":[{"embeddable":true,"href":"https:\/\/centralmedia.rs\/index.php\/wp-json\/wp\/v2\/comments?post=18764"}],"version-history":[{"count":1,"href":"https:\/\/centralmedia.rs\/index.php\/wp-json\/wp\/v2\/posts\/18764\/revisions"}],"predecessor-version":[{"id":18766,"href":"https:\/\/centralmedia.rs\/index.php\/wp-json\/wp\/v2\/posts\/18764\/revisions\/18766"}],"wp:featuredmedia":[{"embeddable":true,"href":"https:\/\/centralmedia.rs\/index.php\/wp-json\/wp\/v2\/media\/18765"}],"wp:attachment":[{"href":"https:\/\/centralmedia.rs\/index.php\/wp-json\/wp\/v2\/media?parent=18764"}],"wp:term":[{"taxonomy":"category","embeddable":true,"href":"https:\/\/centralmedia.rs\/index.php\/wp-json\/wp\/v2\/categories?post=18764"},{"taxonomy":"post_tag","embeddable":true,"href":"https:\/\/centralmedia.rs\/index.php\/wp-json\/wp\/v2\/tags?post=18764"}],"curies":[{"name":"wp","href":"https:\/\/api.w.org\/{rel}","templated":true}]}}