{"id":18783,"date":"2019-07-04T22:06:08","date_gmt":"2019-07-04T22:06:08","guid":{"rendered":"http:\/\/centralmedia.rs\/?p=18783"},"modified":"2019-07-06T11:36:24","modified_gmt":"2019-07-06T11:36:24","slug":"poceo-ravanelius-u-cupriji-bozic-srbija-je-u-vasem-gradu-prepoznala-smisao-svog-postojanja","status":"publish","type":"post","link":"https:\/\/centralmedia.rs\/index.php\/2019\/07\/04\/poceo-ravanelius-u-cupriji-bozic-srbija-je-u-vasem-gradu-prepoznala-smisao-svog-postojanja\/","title":{"rendered":"Po\u010deo \u201eRavanelius\u201c u \u0106upriji &#8211; BO\u017dI\u0106: Srbija je u va\u0161em gradu prepoznala smisao svog postojanja"},"content":{"rendered":"<p>\u0106UPRIJA \u2013 Veliki orkestar \u0160kole za muzi\u010dke talente i solista violon\u010delista Dragan \u0110or\u0111evi\u0107, umetni\u010dki direktor festivala i \u0161kole, otvorili su ve\u010deras premijerno izdanje Festivala muzi\u010dke izuzetnosti \u201eRavanelius\u201c u \u0106upriji. Festival se odr\u017eava u organizaciji Ustanove kulture i \u0160kole za muzi\u010dke talente.<\/p>\n<p>&#8211; Draga Danijela, Dragane, Romane iako smatram da ni\u0161ta ne dugujete \u0106upriji, hvala vam \u0161to ste kao izuzetni umetnici pokazali mladima kako ste i izuzetni ljudi. Ose\u0107am potrebu da obe\u0107am da \u0107emo nastaviti nesebi\u010dno da ula\u017eemo u kulturu.Uskoro \u0107emo rekonstruisati objekte \u0160OMO Du\u0161an Skovran i Muzej, obnoviti grad Horeum Margi. Za ovakav festival neophodna je izgradnja letnje pozornice i u narednom periodu to \u0107e nam biti zdastak da realizujemo. \u0106uprija i vi to zaslu\u017eujete, na\u0161oj mladosti to treba, rekao je predsednik te op\u0161tine Ninoslav Eri\u0107 i zvani\u010dno proglasio festival otvorenim.<\/p>\n<div id='gallery-1' class='gallery galleryid-18783 gallery-columns-5 gallery-size-thumbnail'><figure class='gallery-item'>\n\t\t\t<div class='gallery-icon portrait'>\n\t\t\t\t<a href='https:\/\/centralmedia.rs\/index.php\/2019\/07\/04\/poceo-ravanelius-u-cupriji-bozic-srbija-je-u-vasem-gradu-prepoznala-smisao-svog-postojanja\/bozic1\/'><img loading=\"lazy\" decoding=\"async\" width=\"150\" height=\"150\" src=\"https:\/\/centralmedia.rs\/wp-content\/uploads\/2019\/07\/bozic1-150x150.jpg\" class=\"attachment-thumbnail size-thumbnail\" alt=\"\" \/><\/a>\n\t\t\t<\/div><\/figure><figure class='gallery-item'>\n\t\t\t<div class='gallery-icon landscape'>\n\t\t\t\t<a href='https:\/\/centralmedia.rs\/index.php\/2019\/07\/04\/poceo-ravanelius-u-cupriji-bozic-srbija-je-u-vasem-gradu-prepoznala-smisao-svog-postojanja\/eric-13\/'><img loading=\"lazy\" decoding=\"async\" width=\"150\" height=\"150\" src=\"https:\/\/centralmedia.rs\/wp-content\/uploads\/2019\/07\/eric-150x150.jpg\" class=\"attachment-thumbnail size-thumbnail\" alt=\"\" \/><\/a>\n\t\t\t<\/div><\/figure><figure class='gallery-item'>\n\t\t\t<div class='gallery-icon landscape'>\n\t\t\t\t<a href='https:\/\/centralmedia.rs\/index.php\/2019\/07\/04\/poceo-ravanelius-u-cupriji-bozic-srbija-je-u-vasem-gradu-prepoznala-smisao-svog-postojanja\/publika-4\/'><img loading=\"lazy\" decoding=\"async\" width=\"150\" height=\"150\" src=\"https:\/\/centralmedia.rs\/wp-content\/uploads\/2019\/07\/publika-150x150.jpg\" class=\"attachment-thumbnail size-thumbnail\" alt=\"\" \/><\/a>\n\t\t\t<\/div><\/figure><figure class='gallery-item'>\n\t\t\t<div class='gallery-icon landscape'>\n\t\t\t\t<a href='https:\/\/centralmedia.rs\/index.php\/2019\/07\/04\/poceo-ravanelius-u-cupriji-bozic-srbija-je-u-vasem-gradu-prepoznala-smisao-svog-postojanja\/publika1\/'><img loading=\"lazy\" decoding=\"async\" width=\"150\" height=\"150\" src=\"https:\/\/centralmedia.rs\/wp-content\/uploads\/2019\/07\/publika1-150x150.jpg\" class=\"attachment-thumbnail size-thumbnail\" alt=\"\" \/><\/a>\n\t\t\t<\/div><\/figure><figure class='gallery-item'>\n\t\t\t<div class='gallery-icon landscape'>\n\t\t\t\t<a href='https:\/\/centralmedia.rs\/index.php\/2019\/07\/04\/poceo-ravanelius-u-cupriji-bozic-srbija-je-u-vasem-gradu-prepoznala-smisao-svog-postojanja\/publika2\/'><img loading=\"lazy\" decoding=\"async\" width=\"150\" height=\"150\" src=\"https:\/\/centralmedia.rs\/wp-content\/uploads\/2019\/07\/publika2-150x150.jpg\" class=\"attachment-thumbnail size-thumbnail\" alt=\"\" \/><\/a>\n\t\t\t<\/div><\/figure>\n\t\t<\/div>\n\n<p>Kompozitor, akademik i profesor Svetislav Bo\u017ei\u0107 rekao je da je odr\u017eavanje festivala veliki praznik za \u0106upriju i Srbiju, jer se upisala u svetsku istoriju velikih naroda.<\/p>\n<p>&#8211; Muzi\u010dki talenti su veliko blago. \u0106uprija je prepoznala preko svojih darovitih u\u010denika da je budu\u0107nost na\u0161eg kretanja u iskazivanju tog dara. Na ovoj zemlji zemlji rodio se jo\u0161 jedan gigant Dragoslav Mihailovi\u0107 verovatrno jedan od najzaslu\u017enijih za na\u0161u novu energiju. Na temeljima Ravanice, na onome \u0161to su stvorili Dragan \u0110or\u0111evi\u0107 i Roman Simovi\u0107 i plejada drugih\u00a0 vi imate sa \u010dime da se ponosite i da danas uzdignute glave smatrate da je Srbija u va\u0161em gradu prepoznala smisao svog postojanja, istakao je Bo\u017ei\u0107.<\/p>\n<div id='gallery-2' class='gallery galleryid-18783 gallery-columns-5 gallery-size-thumbnail'><figure class='gallery-item'>\n\t\t\t<div class='gallery-icon landscape'>\n\t\t\t\t<a href='https:\/\/centralmedia.rs\/index.php\/2019\/07\/04\/poceo-ravanelius-u-cupriji-bozic-srbija-je-u-vasem-gradu-prepoznala-smisao-svog-postojanja\/ravanelius2\/'><img loading=\"lazy\" decoding=\"async\" width=\"150\" height=\"150\" src=\"https:\/\/centralmedia.rs\/wp-content\/uploads\/2019\/07\/ravanelius2-150x150.jpg\" class=\"attachment-thumbnail size-thumbnail\" alt=\"\" \/><\/a>\n\t\t\t<\/div><\/figure><figure class='gallery-item'>\n\t\t\t<div class='gallery-icon landscape'>\n\t\t\t\t<a href='https:\/\/centralmedia.rs\/index.php\/2019\/07\/04\/poceo-ravanelius-u-cupriji-bozic-srbija-je-u-vasem-gradu-prepoznala-smisao-svog-postojanja\/ravanelius3\/'><img loading=\"lazy\" decoding=\"async\" width=\"150\" height=\"150\" src=\"https:\/\/centralmedia.rs\/wp-content\/uploads\/2019\/07\/ravanelius3-150x150.jpg\" class=\"attachment-thumbnail size-thumbnail\" alt=\"\" \/><\/a>\n\t\t\t<\/div><\/figure><figure class='gallery-item'>\n\t\t\t<div class='gallery-icon landscape'>\n\t\t\t\t<a href='https:\/\/centralmedia.rs\/index.php\/2019\/07\/04\/poceo-ravanelius-u-cupriji-bozic-srbija-je-u-vasem-gradu-prepoznala-smisao-svog-postojanja\/ravnelius\/'><img loading=\"lazy\" decoding=\"async\" width=\"150\" height=\"150\" src=\"https:\/\/centralmedia.rs\/wp-content\/uploads\/2019\/07\/ravnelius-150x150.jpg\" class=\"attachment-thumbnail size-thumbnail\" alt=\"\" \/><\/a>\n\t\t\t<\/div><\/figure><figure class='gallery-item'>\n\t\t\t<div class='gallery-icon landscape'>\n\t\t\t\t<a href='https:\/\/centralmedia.rs\/index.php\/2019\/07\/04\/poceo-ravanelius-u-cupriji-bozic-srbija-je-u-vasem-gradu-prepoznala-smisao-svog-postojanja\/ravnelius1\/'><img loading=\"lazy\" decoding=\"async\" width=\"150\" height=\"150\" src=\"https:\/\/centralmedia.rs\/wp-content\/uploads\/2019\/07\/ravnelius1-150x150.jpg\" class=\"attachment-thumbnail size-thumbnail\" alt=\"\" \/><\/a>\n\t\t\t<\/div><\/figure><figure class='gallery-item'>\n\t\t\t<div class='gallery-icon landscape'>\n\t\t\t\t<a href='https:\/\/centralmedia.rs\/index.php\/2019\/07\/04\/poceo-ravanelius-u-cupriji-bozic-srbija-je-u-vasem-gradu-prepoznala-smisao-svog-postojanja\/suzuki1\/'><img loading=\"lazy\" decoding=\"async\" width=\"150\" height=\"150\" src=\"https:\/\/centralmedia.rs\/wp-content\/uploads\/2019\/07\/suzuki1-150x150.jpg\" class=\"attachment-thumbnail size-thumbnail\" alt=\"\" \/><\/a>\n\t\t\t<\/div><\/figure>\n\t\t<\/div>\n\n<p>&#8211; Velika mi je \u010dast i zdovolsjtvo da smo se na\u0161li ovde i da smo svedoci ostvarenja sna koji su neki od nas iz \u0160kole za muzi\u010dke talente skoro pola veka sanjali.\u00a0 Taj san je da u na\u0161 grad do\u0111u vrhimski muzi\u010dari, da se sa njima upoznamo, muziciramo, dru\u017eimo i u\u010dimo, ali da i da njima i gra\u0111anima \u0106uprije predstavimo talente na festivalu. San se ostvauje zahvaljuju\u0107i Ninoslavu Eri\u0107u, Vladimiru Vasiljevi\u0107u, Nenadu Jovanovi\u0107u i Danijeli Jovi\u0107, ka\u017ee Dragan \u0110or\u0111evi\u0107 umetni\u010dki direktor festivala.<\/p>\n<p>Publika je u\u017eivala u notama Bo\u017ei\u0107a, \u010cajkovskog, Britna, Vuji\u0107a, Sarabanda i varijacije na rokoko temu. A pre sve\u010danog otvaranja za najmla\u0111e je prire\u0111ena \u00a0\u201eMala \u0161kola bontona, kako se slu\u0161a koncert\u201c, Milo\u0161a Milovanovi\u0107a.<\/p>\n<p>Drugi dan festivala u petak je obele\u017ei\u0107e muziciranje vrunskih umetnika\u00a0 Romana Simovi\u0107a, violina, Roberta Lakato\u0161a, violina, Milena Simovi\u0107, viola, Lazara Mileti\u0107a, viola, Dragana \u0110or\u0111evi\u0107a, violon\u010delo, Vladimira Milo\u0161evi\u0107a, klavir. Publika \u0107e imati priliku da \u010duje dela Bramsa i \u010cajkovskog<\/p>\n<p>Festival u subotu u 21 sat zatvaraju na Otvorenoj sceni ansambl Camerata akademica i solista Roman Simovi\u0107, violina.<\/p>\n<p>U petak i subotu\u00a0 od 10 do 13 sati i od 17 do 19.30 sati radionica Irene Popovi\u0107 Dragovi\u0107 ,,De\u010diji kompozitorski atelje&#8221;.<\/p>\n<p>Festival, se odr\u017eava uz podr\u0161ku op\u0161tine \u0106uprija, i muzi\u010dki je doga\u0111aj sezone u Srbiji.<\/p>\n<p>Prvi festival muzi\u010dke izuzetnosti traja\u0107e do 6. jula, klasi\u010dnu muziku izvodi\u0107e vrhunski umetnici, a ve\u0107ina je poha\u0111ala \u0160kolu za muzi\u010dke talente u \u0106upriji.<\/p>\n<p>&nbsp;<\/p>\n<p>&nbsp;<\/p>\n","protected":false},"excerpt":{"rendered":"<p>\u0106UPRIJA \u2013 Veliki orkestar \u0160kole za muzi\u010dke talente i solista violon\u010delista Dragan \u0110or\u0111evi\u0107, umetni\u010dki direktor festivala i \u0161kole, otvorili su ve\u010deras premijerno izdanje Festivala muzi\u010dke &hellip; <\/p>\n","protected":false},"author":2,"featured_media":18784,"comment_status":"open","ping_status":"open","sticky":false,"template":"","format":"standard","meta":{"footnotes":""},"categories":[1515,1524,2,15,887,12],"tags":[44,3862],"_links":{"self":[{"href":"https:\/\/centralmedia.rs\/index.php\/wp-json\/wp\/v2\/posts\/18783"}],"collection":[{"href":"https:\/\/centralmedia.rs\/index.php\/wp-json\/wp\/v2\/posts"}],"about":[{"href":"https:\/\/centralmedia.rs\/index.php\/wp-json\/wp\/v2\/types\/post"}],"author":[{"embeddable":true,"href":"https:\/\/centralmedia.rs\/index.php\/wp-json\/wp\/v2\/users\/2"}],"replies":[{"embeddable":true,"href":"https:\/\/centralmedia.rs\/index.php\/wp-json\/wp\/v2\/comments?post=18783"}],"version-history":[{"count":2,"href":"https:\/\/centralmedia.rs\/index.php\/wp-json\/wp\/v2\/posts\/18783\/revisions"}],"predecessor-version":[{"id":18795,"href":"https:\/\/centralmedia.rs\/index.php\/wp-json\/wp\/v2\/posts\/18783\/revisions\/18795"}],"wp:featuredmedia":[{"embeddable":true,"href":"https:\/\/centralmedia.rs\/index.php\/wp-json\/wp\/v2\/media\/18784"}],"wp:attachment":[{"href":"https:\/\/centralmedia.rs\/index.php\/wp-json\/wp\/v2\/media?parent=18783"}],"wp:term":[{"taxonomy":"category","embeddable":true,"href":"https:\/\/centralmedia.rs\/index.php\/wp-json\/wp\/v2\/categories?post=18783"},{"taxonomy":"post_tag","embeddable":true,"href":"https:\/\/centralmedia.rs\/index.php\/wp-json\/wp\/v2\/tags?post=18783"}],"curies":[{"name":"wp","href":"https:\/\/api.w.org\/{rel}","templated":true}]}}