{"id":18802,"date":"2019-07-05T15:05:34","date_gmt":"2019-07-05T15:05:34","guid":{"rendered":"http:\/\/centralmedia.rs\/?p=18802"},"modified":"2019-07-06T11:38:27","modified_gmt":"2019-07-06T11:38:27","slug":"spektakl-u-svilajncu-internacionalno-vece-folklora","status":"publish","type":"post","link":"https:\/\/centralmedia.rs\/index.php\/2019\/07\/05\/spektakl-u-svilajncu-internacionalno-vece-folklora\/","title":{"rendered":"SPEKTAKL U SVILAJNCU &#8211; INTERNACIONALNO VE\u010cE FOLKLORA"},"content":{"rendered":"<p>SVILAJNAC- Na trgu Stevana Sin\u0111eli\u0107a sino\u0107 su nastupili folklorni ansambli iz Rusije, Gr\u010dke, Kazahstana, Ba\u0161kirije, Meksika, Izraela i \u010ce\u0161ke predstavljaju\u0107i svoje tradicionalne plesove mnogobrojnoj publici.<\/p>\n<p>&#8211; Ve\u010de igra\u010dkih ansambala otvorilo je ovogodi\u0161nje kulturno leto, spektakl koji prvi put u Svilajncu okuplja veliki broj igra\u010da iz celog sveta. Prepun trg i zadovoljna publika, pokazatelji su da smo na pravom putu. S obzirom na program koji smo pripremili za Kulturno leto, verujemo da \u0107e i ostali doga\u0111aji biti jednako pose\u0107eni i zanimljivi, istakla je Jelena Dimitrijevi\u0107, direktorka Centra za kulturu Svilajnac.<\/p>\n<div id='gallery-1' class='gallery galleryid-18802 gallery-columns-3 gallery-size-full'><figure class='gallery-item'>\n\t\t\t<div class='gallery-icon landscape'>\n\t\t\t\t<a href='https:\/\/centralmedia.rs\/index.php\/2019\/07\/05\/spektakl-u-svilajncu-internacionalno-vece-folklora\/folklor-3\/'><img loading=\"lazy\" decoding=\"async\" width=\"960\" height=\"640\" src=\"https:\/\/centralmedia.rs\/wp-content\/uploads\/2019\/07\/folklor.jpg\" class=\"attachment-full size-full\" alt=\"\" srcset=\"https:\/\/centralmedia.rs\/wp-content\/uploads\/2019\/07\/folklor.jpg 960w, https:\/\/centralmedia.rs\/wp-content\/uploads\/2019\/07\/folklor-300x200.jpg 300w, https:\/\/centralmedia.rs\/wp-content\/uploads\/2019\/07\/folklor-768x512.jpg 768w, https:\/\/centralmedia.rs\/wp-content\/uploads\/2019\/07\/folklor-630x420.jpg 630w, https:\/\/centralmedia.rs\/wp-content\/uploads\/2019\/07\/folklor-640x427.jpg 640w, https:\/\/centralmedia.rs\/wp-content\/uploads\/2019\/07\/folklor-681x454.jpg 681w\" sizes=\"(max-width: 960px) 100vw, 960px\" \/><\/a>\n\t\t\t<\/div><\/figure><figure class='gallery-item'>\n\t\t\t<div class='gallery-icon landscape'>\n\t\t\t\t<a href='https:\/\/centralmedia.rs\/index.php\/2019\/07\/05\/spektakl-u-svilajncu-internacionalno-vece-folklora\/folklor2\/'><img loading=\"lazy\" decoding=\"async\" width=\"2048\" height=\"1365\" src=\"https:\/\/centralmedia.rs\/wp-content\/uploads\/2019\/07\/folklor2.jpg\" class=\"attachment-full size-full\" alt=\"\" srcset=\"https:\/\/centralmedia.rs\/wp-content\/uploads\/2019\/07\/folklor2.jpg 2048w, https:\/\/centralmedia.rs\/wp-content\/uploads\/2019\/07\/folklor2-300x200.jpg 300w, https:\/\/centralmedia.rs\/wp-content\/uploads\/2019\/07\/folklor2-768x512.jpg 768w, https:\/\/centralmedia.rs\/wp-content\/uploads\/2019\/07\/folklor2-1024x683.jpg 1024w, https:\/\/centralmedia.rs\/wp-content\/uploads\/2019\/07\/folklor2-630x420.jpg 630w, https:\/\/centralmedia.rs\/wp-content\/uploads\/2019\/07\/folklor2-640x427.jpg 640w, https:\/\/centralmedia.rs\/wp-content\/uploads\/2019\/07\/folklor2-681x454.jpg 681w\" sizes=\"(max-width: 2048px) 100vw, 2048px\" \/><\/a>\n\t\t\t<\/div><\/figure><figure class='gallery-item'>\n\t\t\t<div class='gallery-icon landscape'>\n\t\t\t\t<a href='https:\/\/centralmedia.rs\/index.php\/2019\/07\/05\/spektakl-u-svilajncu-internacionalno-vece-folklora\/folklor-1\/'><img loading=\"lazy\" decoding=\"async\" width=\"2048\" height=\"1365\" src=\"https:\/\/centralmedia.rs\/wp-content\/uploads\/2019\/07\/folklor-1.jpg\" class=\"attachment-full size-full\" alt=\"\" srcset=\"https:\/\/centralmedia.rs\/wp-content\/uploads\/2019\/07\/folklor-1.jpg 2048w, https:\/\/centralmedia.rs\/wp-content\/uploads\/2019\/07\/folklor-1-300x200.jpg 300w, https:\/\/centralmedia.rs\/wp-content\/uploads\/2019\/07\/folklor-1-768x512.jpg 768w, https:\/\/centralmedia.rs\/wp-content\/uploads\/2019\/07\/folklor-1-1024x683.jpg 1024w, https:\/\/centralmedia.rs\/wp-content\/uploads\/2019\/07\/folklor-1-630x420.jpg 630w, https:\/\/centralmedia.rs\/wp-content\/uploads\/2019\/07\/folklor-1-640x427.jpg 640w, https:\/\/centralmedia.rs\/wp-content\/uploads\/2019\/07\/folklor-1-681x454.jpg 681w\" sizes=\"(max-width: 2048px) 100vw, 2048px\" \/><\/a>\n\t\t\t<\/div><\/figure>\n\t\t<\/div>\n\n","protected":false},"excerpt":{"rendered":"<p>SVILAJNAC- Na trgu Stevana Sin\u0111eli\u0107a sino\u0107 su nastupili folklorni ansambli iz Rusije, Gr\u010dke, Kazahstana, Ba\u0161kirije, Meksika, Izraela i \u010ce\u0161ke predstavljaju\u0107i svoje tradicionalne plesove mnogobrojnoj publici. &hellip; <\/p>\n","protected":false},"author":2,"featured_media":18803,"comment_status":"open","ping_status":"open","sticky":false,"template":"","format":"standard","meta":{"footnotes":""},"categories":[1524,23,887,1517,3055],"tags":[44,3864],"_links":{"self":[{"href":"https:\/\/centralmedia.rs\/index.php\/wp-json\/wp\/v2\/posts\/18802"}],"collection":[{"href":"https:\/\/centralmedia.rs\/index.php\/wp-json\/wp\/v2\/posts"}],"about":[{"href":"https:\/\/centralmedia.rs\/index.php\/wp-json\/wp\/v2\/types\/post"}],"author":[{"embeddable":true,"href":"https:\/\/centralmedia.rs\/index.php\/wp-json\/wp\/v2\/users\/2"}],"replies":[{"embeddable":true,"href":"https:\/\/centralmedia.rs\/index.php\/wp-json\/wp\/v2\/comments?post=18802"}],"version-history":[{"count":1,"href":"https:\/\/centralmedia.rs\/index.php\/wp-json\/wp\/v2\/posts\/18802\/revisions"}],"predecessor-version":[{"id":18806,"href":"https:\/\/centralmedia.rs\/index.php\/wp-json\/wp\/v2\/posts\/18802\/revisions\/18806"}],"wp:featuredmedia":[{"embeddable":true,"href":"https:\/\/centralmedia.rs\/index.php\/wp-json\/wp\/v2\/media\/18803"}],"wp:attachment":[{"href":"https:\/\/centralmedia.rs\/index.php\/wp-json\/wp\/v2\/media?parent=18802"}],"wp:term":[{"taxonomy":"category","embeddable":true,"href":"https:\/\/centralmedia.rs\/index.php\/wp-json\/wp\/v2\/categories?post=18802"},{"taxonomy":"post_tag","embeddable":true,"href":"https:\/\/centralmedia.rs\/index.php\/wp-json\/wp\/v2\/tags?post=18802"}],"curies":[{"name":"wp","href":"https:\/\/api.w.org\/{rel}","templated":true}]}}