{"id":18807,"date":"2019-07-05T15:37:17","date_gmt":"2019-07-05T15:37:17","guid":{"rendered":"http:\/\/centralmedia.rs\/?p=18807"},"modified":"2019-07-09T20:09:45","modified_gmt":"2019-07-09T20:09:45","slug":"saopstenje-za-medije-opstine-paracin-sns-prisvojio-projekat-rekonstrukcije-os-radoje-domanovic","status":"publish","type":"post","link":"https:\/\/centralmedia.rs\/index.php\/2019\/07\/05\/saopstenje-za-medije-opstine-paracin-sns-prisvojio-projekat-rekonstrukcije-os-radoje-domanovic\/","title":{"rendered":"Saop\u0161tenje za medije op\u0161tine Para\u0107in &#8211; SNS ,,PRISVOJIO&#8221; OD OP\u0160TINE PROJEKAT REKONSTRUKCIJE O\u0160 RADOJE DOMANOVI\u0106"},"content":{"rendered":"<p>PARA\u0106IN- Op\u0161tina Para\u0107in obratila se javnosti povodom izjave Povereni\u0161tva Srpske napredne stranke u Para\u0107inu u kome govore o projektu izgradnje i obnove O\u0160 Radoje Domanovi\u0107 u Para\u0107inu i, kako se navodi u saop\u0161tenju, \u00a0u cilju preciznog i istinitog obave\u0161tavanja javnosti dala je saop\u0161tenje slede\u0107e sadr\u017eine:<br \/>\n-Za \u017ealjenje je da jedna stranka, u nedostatku svojih rezultata, preuzima rezultate tima ljudi koji godinama vredno rade, koriste\u0107i svoje znanje, li\u010dne i poslovne kontakte, na pripremi i sprovo\u0111enju projekata koji stanovnicima op\u0161tine Para\u0107in donose velika sredstva i na taj na\u010din pobolj\u0161avaju uslove \u017eivota, ne samo u prosveti, nego u svim sverama iz nadle\u017enosti lokalne samouprave.<\/p>\n<p>Istina je slede\u0107a:<\/p>\n<p>Radi o Projektu energetske efikasnosti i upravljanja energijom u op\u0161tinama u Srbiji (MEEMP) koji se realizuje da Dr\u017eavnim sekretarijatom za ekonomske poslove \u0160vajcarske konfederacije (SECO) i Ministarstvom rudarstva i energetike Republike Srbije od 2012.godine.<br \/>\nProjekat nije podrazumevao klasi\u010dan javni uvid, ve\u0107 je donator na osnovu svoje strategije donatorske pomo\u0107i Republici Srbije 2012.god.izvr\u0161io mapiranje potencijala i potreba lokalnih samouprava u oblasti energetske efikasnosti i upravljanja energijom.<\/p>\n<p>Na osnovu dostavljenih podataka Op\u0161tina Para\u0107in se na\u0161la me\u0111u 46 lokalnih samouprava koje su bile predmet procene kapaciteta i spremnosti za upravljanje donatorskim sredstvima.<\/p>\n<p>Ove aktivnosti realizovane su u periodu 2012-2014.godina i podrazumevale su veliki broj poseta, intervjua i dostavljenog materijala u vidu projekata, akcionih planova i strategija. Obzirom da projektom nije bila jasno definisana oblast za mogu\u0107e finansiranje, od strane Op\u0161tine Para\u0107in predlo\u017een je \u0161iri spisak projekata koji je pored energetske rehabilitacije \u0161kolskih i pred\u0161kolskih objekata podrazumevao i re\u0161avanje drugih problema u na\u0161oj op\u0161tini.<\/p>\n<p>Zahvaljuju\u0107i posve\u0107enosti Tima koji je sara\u0111ivao sa predstavnicima donatora, op\u0161tina Para\u0107in je svrstana u 6 potencijalnih JLS dobitnika granta.<\/p>\n<p>Februara 2015.godine donator je doneo kona\u010dnu odluku da op\u0161tina Para\u0107in dobije donaciju od 1.200.000 CHFsa jo\u0161 samo 3 op\u0161tine u Srbiji.<br \/>\nDonator je na bazi svojih kriterijuma odredio i rang listu od 4 \u0161kolskih objekata koji su predmet energetske sanacije. Pored O\u0160 Radoje Domanovi\u0107 u ovom projektu su i \u0161kole O\u0160 Branko Radi\u010devi\u0107 u Popovcu, Buljanu i Stubici i O\u0160 Branko Krsmanovi\u0107 u Drenovcu.<\/p>\n<p>U sklopu 2. Poziva Kancelarije za javna ulaganja za obnovu i unapre\u0111enje objekata javne namene Op\u0161tina Para\u0107in je 13.03.2017.godine kandidovala za finansiranje objekte O\u0160 Radoje Domanovi\u0107 u Para\u0107inu i objekat isturenog odeljenja O\u0160 Branko Krsmanovi\u0107 u Drenovcu. Zaklju\u010dkom Vlade RS od 22.09.2017.godine ova dva objekta su se na\u0161la na spisku odobrenih objekata za finasiranje.<\/p>\n<p>Nakon toga u dogovoru sa donatorom umesto ova dva objekta na listu za finansiranje iz sredstava \u0161vajcarske Vlade uklju\u010den je objekat mati\u010dne \u0161kole O\u0160 Branko Krsmanovi\u0107 u Sikirici, koji je izabran da bude &#8221;pilot&#8221; projekat koji podrazumeva kompletnu rekonstrukciju.<\/p>\n<p>Radna grupa za projekte formirana je od strane predsednika op\u0161tine i broji 5 \u010dlanova stalno zaposlenih u op\u0161tini Para\u0107in, koji pored svojih redovnih poslova, svakodnevno rade na izradi novih projekata kao i realizaciji ve\u0107 odobrenih.<\/p>\n<p>Prema svemu navedenom, izjava Saveta za prosvetu Povereni\u0161tva Srpske napredne stranke mo\u017ee se razumeti ili kao proizvod potpunog neznanja o na\u010dinu funkcionisanja lokalnih samouprava, ili kao proizvod zle namere nipoda\u0161tavanja svega \u0161to je neko ranije svojim radom ostvario, navodi se u saop\u0161tenju za medije Odseka za informisanje SO Para\u0107in.<\/p>\n<p><img loading=\"lazy\" decoding=\"async\" class=\"alignnone wp-image-18809 size-large\" src=\"http:\/\/centralmedia.rs\/wp-content\/uploads\/2019\/07\/kancela-za-javna-ulagnja-1024x576.png\" alt=\"\" width=\"640\" height=\"360\" srcset=\"https:\/\/centralmedia.rs\/wp-content\/uploads\/2019\/07\/kancela-za-javna-ulagnja-1024x576.png 1024w, https:\/\/centralmedia.rs\/wp-content\/uploads\/2019\/07\/kancela-za-javna-ulagnja-300x169.png 300w, https:\/\/centralmedia.rs\/wp-content\/uploads\/2019\/07\/kancela-za-javna-ulagnja-768x432.png 768w, https:\/\/centralmedia.rs\/wp-content\/uploads\/2019\/07\/kancela-za-javna-ulagnja-747x420.png 747w, https:\/\/centralmedia.rs\/wp-content\/uploads\/2019\/07\/kancela-za-javna-ulagnja-640x360.png 640w, https:\/\/centralmedia.rs\/wp-content\/uploads\/2019\/07\/kancela-za-javna-ulagnja-681x383.png 681w, https:\/\/centralmedia.rs\/wp-content\/uploads\/2019\/07\/kancela-za-javna-ulagnja.png 1920w\" sizes=\"(max-width: 640px) 100vw, 640px\" \/><\/p>\n<p>,,PRESNE IZMI\u0160LJOTINE&#8221; SNS KONETRAISAO JE I PREDSEDNIK OP\u0160TINE SA\u0160A PAUNOVI\u0106<\/p>\n<p>Predsednik te op\u0161tine Sa\u0161a Paunovi\u0107 je tako\u0111e komenterisao navode povereni\u0161tva SNS u Para\u0107inu o projektu izgradnje i obnove O\u0160 Radoje Domanovi\u0107.<\/p>\n<p>&#8211; Posle svih burnih de\u0161avanja u Para\u0107inu, na red su do\u0161le i presne izmi\u0161ljotine za koje \u010dovek ne zna ni kako da ih komentari\u0161e. Op\u0161tinski tim od dvadesetak ljudi radio je godinama na obezbe\u0111enju sredstava za rekonstrukciju osnovnih \u0161kola i drugih javnih objekata u Para\u0107inu. Prve aktivnosti zapo\u010dete su jo\u0161 2012.god. a tokom 2017.god. potpisani su i sporazumi o realizaciji \u0161vajcarskog projekta kroz koji se rekonstrui\u0161u \u010detiri osmorazredne \u0161kole i usvojen je i u program rekonstrukcije preko Kancelarije za javna ulaganja u koji je u\u0161la \u0161kola \u201eRadoje Domanovi\u0107\u201c, Centar za socijalni rad i svi objekti zdravstvenih ustanova. Op\u0161tina je finansirala projektnu dokumentaciju i ove godine nadam se da \u0107emo imati i po\u010detak rekonstrukcije svih objekata. I onda odjednom vidite na televiziji grupu ljudi koja ne samo da nije u\u010destvovala u obezbe\u0111ivanju sredstava, nego su neki od njih aktivno i spre\u010davali op\u0161tinske slu\u017ebe da rade svoj posao, koja tvrdi da je to zapravo njihov projekat, da su oni konkurisali. To je zapanjuju\u0107e, ta koli\u010dina samouverenog obmanjivanja javnosti, kao da ne postoji hiljade papira, desetine radnih dana i desetine ljudi koji su projekte sprovodili. To vam je otprilike kao da imate fudbalski tim koji, naporno trenira, odigra celo prvenstvo i u finalu odnese pobedu i onda se niotkuda na televiziji pojave nepoznati ljudi koji i ne znaju da je lopta okrugla i odr\u017ee konferenciju za medije gde proslave \u201esvoju pobedu\u201c. Za mene je ipak najtragi\u010dnije to \u0161to ovakve zapanjuju\u0107e besmislice u javnost iznose neki prosvetni radnici, ljudi koji na\u0161u decu treba da izme\u0111u ostalog u\u010de i moralu i etici, ka\u017ee predsednik op\u0161tine Para\u0107in, ka\u017ee\u00a0 Paunovi\u0107.<\/p>\n<p>Naime, Savet za prosvetu para\u0107inskog SNS je takozvanoj na konferenciji za novinare za jedan medij, jer ostali verovatno nisu ,,podobni&#8221;, prisvojio ovaj projekat za rekonstrukciju \u0161kole i na manipulativan na\u010din pojasnio da je konkurisao kod Kancelarije za javna ulaganja te da su odobrena sredstva od 200 miliona dinara za radove u \u0161koli, \u0161to \u0107e stvoriti u\u010denicima uslove da budu uspe\u0161nije obrazovanje. Politi\u010dke stranke ne mogu da konkuri\u0161u na projektima kod Vlade Srbije, a nosioci svih projekata preko Kancelarije za javna ulaganja su op\u0161tine, koje i izra\u0111uju projektnu dokumentaciju, tako da je ta manipulativna informacija nemogu\u0107a u realnosti.<\/p>\n<p>&#8211; Znamo da najve\u0107a nada svake zemlje le\u017ei u obrazovanju mladih i da uspe\u0161na deca postaju uspe\u0161ni ljudi. Zato Savet za prosvetu Povereni\u0161tva SNS u Para\u0107inu ima obavezu i da im to omogu\u0107i. Imamo veliku podr\u0161ku Vlade RS i predsednika Aleksandra Vu\u010di\u0107a, rekao je Dejan Ne\u0161i\u0107 ispred Saveta za prosvetu SNS a zatim je poku\u0161ao neve\u0161to da obrazlo\u017eeno da ovaj Savet realizuje projekat u O\u0160 \u201eRadoje Domanovi\u0107\u201c u Para\u0107inu.<\/p>\n<p>Predstavnici SO Para\u0107in, koji su dugo pripremali ovaj projekat, a sve u saradnji sa Kancelarijom za javna ulaganja Vlade Srbije, ka\u017eu da je istina na drugoj strani.<\/p>\n<p>-Obavestite naprednjake da je op\u0161tina osim O\u0160 \u201eRadoje Domanovi\u0107\u201c u program Kancelarije za javna ulaganja ubacila i \u0161kolu u Drenovcu i Centar za socijalni rad. Sada\u0161nji direktor samo je \u201enasledio\u201c ve\u0107 zapo\u010det posao prethodne direktorke. O\u0160 \u201eRadoje Domanovi\u0107\u201c je u programu sa Drenovcem jer mi je ideja bila da u\u010de\u0161\u0107e Kancelarije pokrije u\u010de\u0161\u0107e bud\u017eeta u \u0161vajcarskom projektu rekonstrukcija \u0161kola koji obuhvata jo\u0161 \u010detiri seoske \u0161kole, pa smo ih prvo ubacili kod \u0160vajcaraca,procedura traje od 2012.god., a kasnije prebacili na Kancelariju. O svemu tome postoji brdo papirologije, projekte za \u0161kole, Centar za socijalni rad i zdravstvene ustanove pla\u0107a op\u0161tina, kakav crni \u201eSavet za prosvetu SNS\u201c. Potpuno je neverovatno da je neko u stanju da prisvoji uspehe tima ljudi koji su dugo i naporno radili na projektu obnova \u0161kola i drugih ustanova u Para\u0107inu, rekao je Paunovi\u0107.<\/p>\n<p>On je pre dve godine \u00a0na dru\u0161tvenim mre\u017eama objavio \u00a0da su ,,mati\u010dni objekat O\u0160 \u201eRadoje Domanovi\u0107\u201c u gradu, objekat osmorazredne \u0161kole u Drenovcu i objekat Centra za socijalni rad u\u0161li su u dr\u017eavni program rekosntrukcije, \u010dime se privodi kraju prvi deo procedure zapo\u010dete upu\u0107ivanjem zahteva od strane op\u0161tine nadle\u017enim dr\u017eavnim slu\u017ebama. Sledi usagla\u0161avanje projektne dokumentacije (koju finansira op\u0161tina) za ove objekte pa \u0107e se ta\u010dno znati i koliko \u0107e sredstava dr\u017eava za ove namene izdvojiti. Kao \u0161to se vidi sa spiska odobreni su i radovi na objektu Op\u0161te bolnice u Para\u0107inu, koja je republi\u010dka institucija pa projektnu dokumentaciju za ove namene ne izra\u0111uje op\u0161tina\u201c.<\/p>\n<p>Na konferenciji za novinare SNS je istaknuto da \u0107e se rekonstrusati \u0161kolska zgrada O\u0160 Radoje Domanovi\u0107, dvori\u0161te i tereni a sve jer \u201eSNS brine o budu\u0107nosti dece Srbije\u201c. Ni jedna li\u010dnost koja je javno predstavila uspeh op\u0161tine kao uspeh SNS, nije u prethodnom vremenskom periodu imala bilo kakve veze sa obezbe\u0111ivanjem sredstava za ove projekate i izradom plana renoviranja objekata u Para\u0107inu, ka\u017eu u op\u0161tini.<\/p>\n<p>&nbsp;<\/p>\n","protected":false},"excerpt":{"rendered":"<p>PARA\u0106IN- Op\u0161tina Para\u0107in obratila se javnosti povodom izjave Povereni\u0161tva Srpske napredne stranke u Para\u0107inu u kome govore o projektu izgradnje i obnove O\u0160 Radoje Domanovi\u0107 &hellip; <\/p>\n","protected":false},"author":2,"featured_media":18808,"comment_status":"open","ping_status":"open","sticky":false,"template":"","format":"standard","meta":{"footnotes":""},"categories":[1524,2,1516,13,887,12],"tags":[3865,552,136,1973],"_links":{"self":[{"href":"https:\/\/centralmedia.rs\/index.php\/wp-json\/wp\/v2\/posts\/18807"}],"collection":[{"href":"https:\/\/centralmedia.rs\/index.php\/wp-json\/wp\/v2\/posts"}],"about":[{"href":"https:\/\/centralmedia.rs\/index.php\/wp-json\/wp\/v2\/types\/post"}],"author":[{"embeddable":true,"href":"https:\/\/centralmedia.rs\/index.php\/wp-json\/wp\/v2\/users\/2"}],"replies":[{"embeddable":true,"href":"https:\/\/centralmedia.rs\/index.php\/wp-json\/wp\/v2\/comments?post=18807"}],"version-history":[{"count":5,"href":"https:\/\/centralmedia.rs\/index.php\/wp-json\/wp\/v2\/posts\/18807\/revisions"}],"predecessor-version":[{"id":18814,"href":"https:\/\/centralmedia.rs\/index.php\/wp-json\/wp\/v2\/posts\/18807\/revisions\/18814"}],"wp:featuredmedia":[{"embeddable":true,"href":"https:\/\/centralmedia.rs\/index.php\/wp-json\/wp\/v2\/media\/18808"}],"wp:attachment":[{"href":"https:\/\/centralmedia.rs\/index.php\/wp-json\/wp\/v2\/media?parent=18807"}],"wp:term":[{"taxonomy":"category","embeddable":true,"href":"https:\/\/centralmedia.rs\/index.php\/wp-json\/wp\/v2\/categories?post=18807"},{"taxonomy":"post_tag","embeddable":true,"href":"https:\/\/centralmedia.rs\/index.php\/wp-json\/wp\/v2\/tags?post=18807"}],"curies":[{"name":"wp","href":"https:\/\/api.w.org\/{rel}","templated":true}]}}