{"id":18815,"date":"2019-07-05T16:19:45","date_gmt":"2019-07-05T16:19:45","guid":{"rendered":"http:\/\/centralmedia.rs\/?p=18815"},"modified":"2019-07-09T20:09:52","modified_gmt":"2019-07-09T20:09:52","slug":"paracinsko-opstinsko-vece-inicijativa-za-smenu-direktora-tehnoloske-skole","status":"publish","type":"post","link":"https:\/\/centralmedia.rs\/index.php\/2019\/07\/05\/paracinsko-opstinsko-vece-inicijativa-za-smenu-direktora-tehnoloske-skole\/","title":{"rendered":"PARA\u0106INSKO OP\u0160TINSKO VE\u0106E &#8211;  INICIJATIVA ZA SMENU DIREKTORA TEHNOLO\u0160KE \u0160KOLE"},"content":{"rendered":"<p>PARA\u0106IN- Op\u0161tinsko ve\u0107e u Para\u0107inu na dan\u0161njoj sednici pokrenulo je inicijativu za razre\u0161enje direktora Tehnolo\u0161ke \u0161kole u Para\u0107inu Dejana Ne\u0161i\u0107a na osnovu Izve\u0161taja Bud\u017eetske inspekcije op\u0161tine Para\u0107in. Ne\u0161i\u0107 je predsednik Saveta za prosvetu lokalnog SNS, govori na strana\u010dkim protestima \u00a0i za sada jedini va\u017eni ,,preleta\u010d&#8221; iz DS u SNS od 2016. godine.<\/p>\n<p><img loading=\"lazy\" decoding=\"async\" class=\"alignnone wp-image-18818 size-large\" src=\"http:\/\/centralmedia.rs\/wp-content\/uploads\/2019\/07\/Zakljucak-Opstinskog-veca-05.07.2019-745x1024.jpg\" alt=\"\" width=\"640\" height=\"880\" srcset=\"https:\/\/centralmedia.rs\/wp-content\/uploads\/2019\/07\/Zakljucak-Opstinskog-veca-05.07.2019-745x1024.jpg 745w, https:\/\/centralmedia.rs\/wp-content\/uploads\/2019\/07\/Zakljucak-Opstinskog-veca-05.07.2019-218x300.jpg 218w, https:\/\/centralmedia.rs\/wp-content\/uploads\/2019\/07\/Zakljucak-Opstinskog-veca-05.07.2019-768x1056.jpg 768w, https:\/\/centralmedia.rs\/wp-content\/uploads\/2019\/07\/Zakljucak-Opstinskog-veca-05.07.2019-305x420.jpg 305w, https:\/\/centralmedia.rs\/wp-content\/uploads\/2019\/07\/Zakljucak-Opstinskog-veca-05.07.2019-640x880.jpg 640w, https:\/\/centralmedia.rs\/wp-content\/uploads\/2019\/07\/Zakljucak-Opstinskog-veca-05.07.2019-681x936.jpg 681w\" sizes=\"(max-width: 640px) 100vw, 640px\" \/><\/p>\n<p>Op\u0161tinsko ve\u0107e u Para\u0107inu, posle nalaza Bud\u017eetske inspekcije, protiv odgovornih lica Tehnolo\u0161ke \u0161kole podnelo je krivi\u010dne prijave zbog sumnje da je nenamenski tro\u0161en novac.<\/p>\n<p>Ustanovljeno je da je prilikom isplate naknade\u00a0za prevoz zaposlenima novac zakidan. Isplate porodiljama, uprkos redovnom sevisiranju iz lokalnog bud\u017eeta za ove namene, vr\u0161ene su na nepoznati ra\u010dun koji ne pripada ni jednoj od porodilja u ovoj \u0161koli. Op\u0161tina je na razne na\u010dine dobijala smo pritu\u017ebe da ne ispunjava sve obaveze u Tehnolo\u0161koj \u0161koli na na\u010din da ne ispla\u0107uje prevoz radnika na vreme, da ne ispla\u0107uje a\u017eurno naknadu za porodiljsko bolovanje, kao i da te naknade kasne po vi\u0161e meseci. Zaposleni su tvrdili da se radi o propustu u radu op\u0161tinskih slu\u017ebi.<\/p>\n<p>Druga ozbiljna nepravilnost ti\u010de se porodiljskog bolovanja, me\u0111utim, uvidom u finansije vidi se da je op\u0161tina uplatila celokupan iznos. Op\u0161tina je upla\u0107ivala novac za porodilje, \u0161kola uredno obra\u010dunavala i pla\u0107ala porez, ali novac umesto porodiljama bude upla\u0107en na nepoznati ra\u010dun koji ne pripada ni jednoj od porodilja, dok je porodiljama obja\u0161njavano da \u201euplata kasni zbog nea\u017eurnosti op\u0161tine\u201c. To dovodi do zaklju\u010dka da je Tehnolo\u0161ka \u0161kola godinama manje upla\u0107ivala od zakonskog iznosa za prevoz a umesto na ra\u010dun porodiljama, \u0161kola je novac prebacivala na nepoznat ra\u010dun, dok su novac porodilje dobijale sa vi\u0161e meseci zaka\u0161njenja, poja\u0161njava Paunovi\u0107.<\/p>\n<p>Zbog sumnje da je nenamenski tro\u0161en novac protiv odgovornih lica Tehnolo\u0161ke \u0161kole u Para\u0107inu podnesena je krivi\u010dna prijava.<\/p>\n","protected":false},"excerpt":{"rendered":"<p>PARA\u0106IN- Op\u0161tinsko ve\u0107e u Para\u0107inu na dan\u0161njoj sednici pokrenulo je inicijativu za razre\u0161enje direktora Tehnolo\u0161ke \u0161kole u Para\u0107inu Dejana Ne\u0161i\u0107a na osnovu Izve\u0161taja Bud\u017eetske inspekcije &hellip; <\/p>\n","protected":false},"author":2,"featured_media":18727,"comment_status":"open","ping_status":"open","sticky":false,"template":"","format":"standard","meta":{"footnotes":""},"categories":[1524,2,1516,13,887,12],"tags":[3867,1973,362,3866],"_links":{"self":[{"href":"https:\/\/centralmedia.rs\/index.php\/wp-json\/wp\/v2\/posts\/18815"}],"collection":[{"href":"https:\/\/centralmedia.rs\/index.php\/wp-json\/wp\/v2\/posts"}],"about":[{"href":"https:\/\/centralmedia.rs\/index.php\/wp-json\/wp\/v2\/types\/post"}],"author":[{"embeddable":true,"href":"https:\/\/centralmedia.rs\/index.php\/wp-json\/wp\/v2\/users\/2"}],"replies":[{"embeddable":true,"href":"https:\/\/centralmedia.rs\/index.php\/wp-json\/wp\/v2\/comments?post=18815"}],"version-history":[{"count":3,"href":"https:\/\/centralmedia.rs\/index.php\/wp-json\/wp\/v2\/posts\/18815\/revisions"}],"predecessor-version":[{"id":18819,"href":"https:\/\/centralmedia.rs\/index.php\/wp-json\/wp\/v2\/posts\/18815\/revisions\/18819"}],"wp:featuredmedia":[{"embeddable":true,"href":"https:\/\/centralmedia.rs\/index.php\/wp-json\/wp\/v2\/media\/18727"}],"wp:attachment":[{"href":"https:\/\/centralmedia.rs\/index.php\/wp-json\/wp\/v2\/media?parent=18815"}],"wp:term":[{"taxonomy":"category","embeddable":true,"href":"https:\/\/centralmedia.rs\/index.php\/wp-json\/wp\/v2\/categories?post=18815"},{"taxonomy":"post_tag","embeddable":true,"href":"https:\/\/centralmedia.rs\/index.php\/wp-json\/wp\/v2\/tags?post=18815"}],"curies":[{"name":"wp","href":"https:\/\/api.w.org\/{rel}","templated":true}]}}